{"id":4263,"date":"2015-08-11T16:19:34","date_gmt":"2015-08-11T14:19:34","guid":{"rendered":"http:\/\/jan-jakobsen.dk\/?p=4263"},"modified":"2015-10-12T09:58:02","modified_gmt":"2015-10-12T07:58:02","slug":"fra-den-virkelige-verden","status":"publish","type":"post","link":"https:\/\/jan-jakobsen.dk\/?p=4263","title":{"rendered":"Fra den virkelige verden&#8230;"},"content":{"rendered":"<div id=\"attachment_4264\" style=\"width: 630px\" class=\"wp-caption aligncenter\"><a href=\"https:\/\/jan-jakobsen.dk\/https:\/\/jan-jakobsen.dk\/wp-content\/uploads\/2015\/08\/IMG_0551-2.jpg\"><img loading=\"lazy\" decoding=\"async\" aria-describedby=\"caption-attachment-4264\" class=\"wp-image-4264 size-large\" src=\"https:\/\/jan-jakobsen.dk\/https:\/\/jan-jakobsen.dk\/wp-content\/uploads\/2015\/08\/IMG_0551-2-680x510.jpg\" alt=\"IMG_0551-2\" width=\"620\" height=\"465\" srcset=\"https:\/\/jan-jakobsen.dk\/http:\/\/jan-jakobsen.dk\/wp-content\/uploads\/2015\/08\/IMG_0551-2-680x510.jpg 680w, https:\/\/jan-jakobsen.dk\/http:\/\/jan-jakobsen.dk\/wp-content\/uploads\/2015\/08\/IMG_0551-2-300x225.jpg 300w\" sizes=\"auto, (max-width: 620px) 100vw, 620px\" \/><\/a><p id=\"caption-attachment-4264\" class=\"wp-caption-text\">Amalie Bille Nyvang i den sorte kjole midt i fotoet.<\/p><\/div>\n<p>Mandag 10. august\u00a0var der fernisering p\u00e5 Ringsted Bibliotek p\u00e5 en udstilling af\u00a0<a class=\"profileLink\" href=\"https:\/\/www.facebook.com\/amalie.nyvang\" data-hovercard=\"\/ajax\/hovercard\/user.php?id=583947416\">Amalie Bille Nyvang<\/a>.<\/p>\n<p>Amalie er hjerneskadet siden 2005, hvor hun kun 20 \u00e5r gammel blev fundet liggende livl\u00f8s af ukendte \u00e5rsager. Amalie blev ikke kognitivt ramt, men skaderne g\u00f8r, at hun i dag g\u00e5r med rollator, s\u00e5 hun kan holde balancen og k\u00f8rer trehjulet elscooter for at komme omkring.<!--more--><\/p>\n<p>Amalie havde gennem lang tid sv\u00e6rt ved at acceptere det nye liv med<span class=\"text_exposed_show\">handicap, som hun fik, men k\u00e6mpede st\u00e6digt &#8211; og g\u00f8r det stadig!<\/span><\/p>\n<div class=\"text_exposed_show\">\n<div id=\"attachment_4266\" style=\"width: 630px\" class=\"wp-caption aligncenter\"><a href=\"https:\/\/jan-jakobsen.dk\/https:\/\/jan-jakobsen.dk\/wp-content\/uploads\/2015\/08\/IMG_0555-2.jpg\"><img loading=\"lazy\" decoding=\"async\" aria-describedby=\"caption-attachment-4266\" class=\"size-large wp-image-4266\" src=\"https:\/\/jan-jakobsen.dk\/https:\/\/jan-jakobsen.dk\/wp-content\/uploads\/2015\/08\/IMG_0555-2-680x510.jpg\" alt=\"Borgvester Henrik Hvidesten talte.\" width=\"620\" height=\"465\" srcset=\"https:\/\/jan-jakobsen.dk\/http:\/\/jan-jakobsen.dk\/wp-content\/uploads\/2015\/08\/IMG_0555-2-680x510.jpg 680w, https:\/\/jan-jakobsen.dk\/http:\/\/jan-jakobsen.dk\/wp-content\/uploads\/2015\/08\/IMG_0555-2-300x225.jpg 300w\" sizes=\"auto, (max-width: 620px) 100vw, 620px\" \/><\/a><p id=\"caption-attachment-4266\" class=\"wp-caption-text\">Borgvester Henrik Hvidesten talte.<\/p><\/div>\n<p>Amalie kom med p\u00e5 en Rollemodelsuddannelse sat i v\u00e6rk af SUMH (Sammenslutningen af Unge Med Handicap) i 2013. Som afslutning p\u00e5 uddannelsen lavede Amalie en grafisk udstilling, der skal f\u00e5 folk til at se hvor st\u00e6rke og ressourcefulde handicappede mennesker kan v\u00e6re.<\/p>\n<p>Udstillingen hedder HANDICAPPEDE \/ IKKEHANDICAPPEDE = MENNESKER, og tager udgangspunkt i ALLE de ting som handicappede ikke kan&#8230;eller?!! Udstillingen vises nu p\u00e5 Ringsted bibliotek.<\/p>\n<p>Det st\u00e6rkeste portr\u00e6t p\u00e5 hele udstillingen er det, som Amalie tegner af sig selv og den kamp det har v\u00e6ret at komme igennem hele den proces at blive et helt menneske med en funktionsneds\u00e6ttelse \u201cp\u00e5 sl\u00e6b\u201d &#8211; og at se v\u00e6rdierne f\u00f8r hindringerne i d\u00e9t. Det er godt g\u00e5et!<\/p>\n<p><a href=\"https:\/\/jan-jakobsen.dk\/https:\/\/jan-jakobsen.dk\/wp-content\/uploads\/2015\/08\/IMG_0558-2.jpg\"><img loading=\"lazy\" decoding=\"async\" class=\"aligncenter size-large wp-image-4265\" src=\"https:\/\/jan-jakobsen.dk\/https:\/\/jan-jakobsen.dk\/wp-content\/uploads\/2015\/08\/IMG_0558-2-680x510.jpg\" alt=\"IMG_0558-2\" width=\"620\" height=\"465\" srcset=\"https:\/\/jan-jakobsen.dk\/http:\/\/jan-jakobsen.dk\/wp-content\/uploads\/2015\/08\/IMG_0558-2-680x510.jpg 680w, https:\/\/jan-jakobsen.dk\/http:\/\/jan-jakobsen.dk\/wp-content\/uploads\/2015\/08\/IMG_0558-2-300x225.jpg 300w\" sizes=\"auto, (max-width: 620px) 100vw, 620px\" \/><\/a><\/p>\n<\/div>\n","protected":false},"excerpt":{"rendered":"<p>Mandag 10. august\u00a0var der fernisering p\u00e5 Ringsted Bibliotek p\u00e5 en udstilling af\u00a0Amalie Bille Nyvang. Amalie er hjerneskadet siden 2005, hvor hun kun 20 \u00e5r gammel blev fundet liggende livl\u00f8s af ukendte \u00e5rsager. Amalie blev ikke kognitivt ramt, men skaderne g\u00f8r, &hellip; <a href=\"https:\/\/jan-jakobsen.dk\/?p=4263\">L\u00e6s resten <span class=\"meta-nav\">&rarr;<\/span><\/a><\/p>\n","protected":false},"author":3,"featured_media":0,"comment_status":"open","ping_status":"open","sticky":false,"template":"","format":"standard","meta":{"footnotes":""},"categories":[3,1,342],"tags":[],"class_list":["post-4263","post","type-post","status-publish","format-standard","hentry","category-handicapdebat","category-uncategorized","category-foredragfb-debatoplaeg"],"_links":{"self":[{"href":"https:\/\/jan-jakobsen.dk\/index.php?rest_route=\/wp\/v2\/posts\/4263","targetHints":{"allow":["GET"]}}],"collection":[{"href":"https:\/\/jan-jakobsen.dk\/index.php?rest_route=\/wp\/v2\/posts"}],"about":[{"href":"https:\/\/jan-jakobsen.dk\/index.php?rest_route=\/wp\/v2\/types\/post"}],"author":[{"embeddable":true,"href":"https:\/\/jan-jakobsen.dk\/index.php?rest_route=\/wp\/v2\/users\/3"}],"replies":[{"embeddable":true,"href":"https:\/\/jan-jakobsen.dk\/index.php?rest_route=%2Fwp%2Fv2%2Fcomments&post=4263"}],"version-history":[{"count":2,"href":"https:\/\/jan-jakobsen.dk\/index.php?rest_route=\/wp\/v2\/posts\/4263\/revisions"}],"predecessor-version":[{"id":4423,"href":"https:\/\/jan-jakobsen.dk\/index.php?rest_route=\/wp\/v2\/posts\/4263\/revisions\/4423"}],"wp:attachment":[{"href":"https:\/\/jan-jakobsen.dk\/index.php?rest_route=%2Fwp%2Fv2%2Fmedia&parent=4263"}],"wp:term":[{"taxonomy":"category","embeddable":true,"href":"https:\/\/jan-jakobsen.dk\/index.php?rest_route=%2Fwp%2Fv2%2Fcategories&post=4263"},{"taxonomy":"post_tag","embeddable":true,"href":"https:\/\/jan-jakobsen.dk\/index.php?rest_route=%2Fwp%2Fv2%2Ftags&post=4263"}],"curies":[{"name":"wp","href":"https:\/\/api.w.org\/{rel}","templated":true}]}}