{"id":4250,"date":"2015-07-28T12:50:24","date_gmt":"2015-07-28T10:50:24","guid":{"rendered":"http:\/\/jan-jakobsen.dk\/?p=4250"},"modified":"2015-10-12T09:59:09","modified_gmt":"2015-10-12T07:59:09","slug":"vi-skal-vaere-taknemmelige-siger-de","status":"publish","type":"post","link":"https:\/\/jan-jakobsen.dk\/?p=4250","title":{"rendered":"Vi skal v\u00e6re taknemmelige&#8230; siger de!"},"content":{"rendered":"<p>Jeg ser alt for tit nogle skrive p\u00e5 Facebook, at vi med handicap ikke m\u00e5 stille \u201ckrav\u201d eller have \u201cforventninger\u201d til samfundet. At vi skal holde vores mund og v\u00e6re taknemmelige.<!--more--><\/p>\n<p>Jeg tror ikke et flertal er enig i det. De fleste borgere bakker stadig op om velf\u00e6rd og det f\u00e6llesskab vi har skabt. Vi m\u00e5 dog ikke overse den mindre gruppe, der mener noget andet. Deres syn kan kun give grund til bekymring. Den er en trussel mod de f\u00e6lles l\u00f8sninger, vi har tradition for i Danmark.<\/p>\n<p>Det sociale Danmark kan st\u00e5 for fald, n\u00e5r vi ikke viser, at den sociale stat er et gode for det store flertal. Vi m\u00e5 i handicapbev\u00e6gelsen v\u00e6re primus motor i at levere de gode \u201cmodfort\u00e6llinger\u201d. At vi bidrager p\u00e5 livet l\u00f8s, og ikke bare passivt kr\u00e6ver ind. M\u00e5ske ikke altid set ud fra det stramme begreb af, hvad det vil sige \u201cat bidrage\u201d, vi bruger lige nu. Men ud fra et st\u00f8rre og mere nuanceret syn p\u00e5, hvad vi rummer og kan bidrage med.<\/p>\n<p>Vores opgave er at g\u00f8re alt det, vi kan, mere konkret, forst\u00e5eligt og respekteret &#8211; og at sikre mangfoldigheden.<\/p>\n","protected":false},"excerpt":{"rendered":"<p>Jeg ser alt for tit nogle skrive p\u00e5 Facebook, at vi med handicap ikke m\u00e5 stille \u201ckrav\u201d eller have \u201cforventninger\u201d til samfundet. At vi skal holde vores mund og v\u00e6re taknemmelige.<\/p>\n","protected":false},"author":3,"featured_media":0,"comment_status":"open","ping_status":"open","sticky":false,"template":"","format":"standard","meta":{"footnotes":""},"categories":[4,3,1,342],"tags":[],"class_list":["post-4250","post","type-post","status-publish","format-standard","hentry","category-blog","category-handicapdebat","category-uncategorized","category-foredragfb-debatoplaeg"],"_links":{"self":[{"href":"https:\/\/jan-jakobsen.dk\/index.php?rest_route=\/wp\/v2\/posts\/4250","targetHints":{"allow":["GET"]}}],"collection":[{"href":"https:\/\/jan-jakobsen.dk\/index.php?rest_route=\/wp\/v2\/posts"}],"about":[{"href":"https:\/\/jan-jakobsen.dk\/index.php?rest_route=\/wp\/v2\/types\/post"}],"author":[{"embeddable":true,"href":"https:\/\/jan-jakobsen.dk\/index.php?rest_route=\/wp\/v2\/users\/3"}],"replies":[{"embeddable":true,"href":"https:\/\/jan-jakobsen.dk\/index.php?rest_route=%2Fwp%2Fv2%2Fcomments&post=4250"}],"version-history":[{"count":2,"href":"https:\/\/jan-jakobsen.dk\/index.php?rest_route=\/wp\/v2\/posts\/4250\/revisions"}],"predecessor-version":[{"id":4424,"href":"https:\/\/jan-jakobsen.dk\/index.php?rest_route=\/wp\/v2\/posts\/4250\/revisions\/4424"}],"wp:attachment":[{"href":"https:\/\/jan-jakobsen.dk\/index.php?rest_route=%2Fwp%2Fv2%2Fmedia&parent=4250"}],"wp:term":[{"taxonomy":"category","embeddable":true,"href":"https:\/\/jan-jakobsen.dk\/index.php?rest_route=%2Fwp%2Fv2%2Fcategories&post=4250"},{"taxonomy":"post_tag","embeddable":true,"href":"https:\/\/jan-jakobsen.dk\/index.php?rest_route=%2Fwp%2Fv2%2Ftags&post=4250"}],"curies":[{"name":"wp","href":"https:\/\/api.w.org\/{rel}","templated":true}]}}