{"id":4243,"date":"2015-07-26T07:00:11","date_gmt":"2015-07-26T05:00:11","guid":{"rendered":"http:\/\/jan-jakobsen.dk\/?p=4243"},"modified":"2015-10-12T10:01:36","modified_gmt":"2015-10-12T08:01:36","slug":"faren-for-parallel-samfund-i-danmark","status":"publish","type":"post","link":"https:\/\/jan-jakobsen.dk\/?p=4243","title":{"rendered":"Faren for parallel-samfund i Danmark"},"content":{"rendered":"<p>L\u00e6ste tilf\u00e6ldigvis et indl\u00e6g af Venstre-politikeren Louise Schack Elholm om faren for at skabe parallel-samfund i Danmark.<\/p>\n<p>\u201cSjovt&#8221; nok var fokus entydigt p\u00e5 indvandrere og parallelsamfund. I artiklen, der har v\u00e6ret bragt i \u201cDen Korte Avis\u201d 14. januar 2015 hedder det bl.a., at \u201c&#8230;vi stadig har alvorlige problemer med parallelsamfund og ghettoer i Danmark. Men regeringen g\u00f8r ingenting\u2026&#8221;<!--more--><\/p>\n<p>Ak, Louise Schack Elholm, vi har ikke alene stadig alvorlige problemer med parallelsamfund i Danmark. Nogle politikere som dig arbejder flittigt p\u00e5 at skabe dem. Ikke mindst p\u00e5 handicapomr\u00e5det, hvor b\u00e5de en r\u00e6kke reformer og en helt fordrejet inklusionspolitik fremmer faren parallelsamfund og mindsker mulighederne for reel samfundsdeltagelse.<\/p>\n<p>Det valgte den tidligere regering med ivrig opbakning fra Venstre til s\u00e5vel f\u00f8rtidspensions-, fleksjob- og andre reformer at se stort p\u00e5 med deres f\u00e6lles h\u00e6se, hule og utopiske retorik om et postuleret f\u00e6llesskab.<\/p>\n<p>Reformer, indgreb og statslig \u00f8konomistyring (sidst kommuneaftalen med fra nul til minus-v\u00e6kst) har ikke l\u00f8st, men skabt problemer.<\/p>\n<p>Det har dog givet besparelser her og nu &#8211; og skabt krise i mange menneskers overlevelse. Den slags overgreb fremmer parallelsamfund &#8211; og det er farligt.<\/p>\n","protected":false},"excerpt":{"rendered":"<p>L\u00e6ste tilf\u00e6ldigvis et indl\u00e6g af Venstre-politikeren Louise Schack Elholm om faren for at skabe parallel-samfund i Danmark. \u201cSjovt&#8221; nok var fokus entydigt p\u00e5 indvandrere og parallelsamfund. I artiklen, der har v\u00e6ret bragt i \u201cDen Korte Avis\u201d 14. januar 2015 hedder &hellip; <a href=\"https:\/\/jan-jakobsen.dk\/?p=4243\">L\u00e6s resten <span class=\"meta-nav\">&rarr;<\/span><\/a><\/p>\n","protected":false},"author":3,"featured_media":0,"comment_status":"open","ping_status":"open","sticky":false,"template":"","format":"standard","meta":{"footnotes":""},"categories":[3,1,342],"tags":[],"class_list":["post-4243","post","type-post","status-publish","format-standard","hentry","category-handicapdebat","category-uncategorized","category-foredragfb-debatoplaeg"],"_links":{"self":[{"href":"https:\/\/jan-jakobsen.dk\/index.php?rest_route=\/wp\/v2\/posts\/4243","targetHints":{"allow":["GET"]}}],"collection":[{"href":"https:\/\/jan-jakobsen.dk\/index.php?rest_route=\/wp\/v2\/posts"}],"about":[{"href":"https:\/\/jan-jakobsen.dk\/index.php?rest_route=\/wp\/v2\/types\/post"}],"author":[{"embeddable":true,"href":"https:\/\/jan-jakobsen.dk\/index.php?rest_route=\/wp\/v2\/users\/3"}],"replies":[{"embeddable":true,"href":"https:\/\/jan-jakobsen.dk\/index.php?rest_route=%2Fwp%2Fv2%2Fcomments&post=4243"}],"version-history":[{"count":2,"href":"https:\/\/jan-jakobsen.dk\/index.php?rest_route=\/wp\/v2\/posts\/4243\/revisions"}],"predecessor-version":[{"id":4427,"href":"https:\/\/jan-jakobsen.dk\/index.php?rest_route=\/wp\/v2\/posts\/4243\/revisions\/4427"}],"wp:attachment":[{"href":"https:\/\/jan-jakobsen.dk\/index.php?rest_route=%2Fwp%2Fv2%2Fmedia&parent=4243"}],"wp:term":[{"taxonomy":"category","embeddable":true,"href":"https:\/\/jan-jakobsen.dk\/index.php?rest_route=%2Fwp%2Fv2%2Fcategories&post=4243"},{"taxonomy":"post_tag","embeddable":true,"href":"https:\/\/jan-jakobsen.dk\/index.php?rest_route=%2Fwp%2Fv2%2Ftags&post=4243"}],"curies":[{"name":"wp","href":"https:\/\/api.w.org\/{rel}","templated":true}]}}