{"id":424,"date":"2009-11-28T14:54:30","date_gmt":"2009-11-28T13:54:30","guid":{"rendered":"http:\/\/jan-jakobsen.dk\/?p=424"},"modified":"2013-07-25T21:22:38","modified_gmt":"2013-07-25T19:22:38","slug":"valget-gik-nogenlunde","status":"publish","type":"post","link":"https:\/\/jan-jakobsen.dk\/?p=424","title":{"rendered":"Valget gik nogenlunde&#8230;"},"content":{"rendered":"<p>S\u00e5 er kommunevalget afgjort. B\u00e5de vores spidskandidat Britta Nielsen og jeg forts\u00e6tter de n\u00e6ste fire \u00e5r i Ringsted byr\u00e5d. SF fik et mandat mere, som gik til Torben Lundsgaard, der var nr. 3 p\u00e5 listen. Det giver os st\u00f8rre muligheder for at fordele opgaverne i byr\u00e5dsarbejdet blandt os.<\/p>\n<p>Jeg vil gerne sige tak til de, der har st\u00f8ttet SF ved valget. Ogs\u00e5 til dem, der har stemt p\u00e5\u00a0mig. Den lave valgdeltagelse til trods, s\u00e5 lykkedes det mig n\u00e6sten at fordoble mit personlige stemmetal, hvilket jeg er tilfreds med.<\/p>\n<p>Om jeg synes, at SF&#8217;s generelle resultat i Ringsted er godt nok, har jeg lidt sv\u00e6rt ved at svare p\u00e5. Vi fik ikke den fremgang, som\u00a0SF har\u00a0f\u00e5et andre steder i landet. Jeg er ikke i tvivl om, at det skyldes, at\u00a0v\u00e6lgerne har haft\u00a0sv\u00e6rt ved at skelne os fra de andre i det flertalssamarbejde, vi er med i, selv om vi var det eneste af de tre partier, der fik en fremgang.<\/p>\n<p>For mig er det klart, at vi skal markere os meget tydeligere &#8211; ogs\u00e5 selv om vi er i et samarbejde. Vi skal vise, at vi har en anderledes politik end b\u00e5de Venstre og Socialdemokraterne. G\u00f8r vi ikke det, s\u00e5 er det magt for magtens skyld og vi mister vores berettigelse.<\/p>\n<p>Endnu er udvalgsposterne ikke fordelt, men det bliver de inden for den n\u00e6ste 14 dage. Det ligger fast med formandsposter, og vi har f\u00e5et formandsposten i Socialudvalget. Det bliver Britta, der kommer p\u00e5 denne post, hvilket jeg er glad for, selv om jeg ikke er i tvivl om, at vi kan f\u00e5 vores slagsm\u00e5l p\u00e5 handicapomr\u00e5det.<\/p>\n<p>Jeg har bevidst bedt SF om ikke at komme i dette udvalg, fordi jeg i den kommende periode vil satse mere p\u00e5 at f\u00e5 en anst\u00e6ndig handicappolitik i Ringsted kommune. Derfor er klare linier en foruds\u00e6tning. Af samme grund har jeg\u00a0sagt nej tak til at sidde i handicapr\u00e5det som byr\u00e5dspolitiker.<\/p>\n","protected":false},"excerpt":{"rendered":"<p>S\u00e5 er kommunevalget afgjort. B\u00e5de vores spidskandidat Britta Nielsen og jeg forts\u00e6tter de n\u00e6ste fire \u00e5r i Ringsted byr\u00e5d. SF fik et mandat mere, som gik til Torben Lundsgaard, der var nr. 3 p\u00e5 listen. Det giver os st\u00f8rre muligheder &hellip; <a href=\"https:\/\/jan-jakobsen.dk\/?p=424\">L\u00e6s resten <span class=\"meta-nav\">&rarr;<\/span><\/a><\/p>\n","protected":false},"author":3,"featured_media":0,"comment_status":"open","ping_status":"open","sticky":false,"template":"","format":"standard","meta":{"footnotes":""},"categories":[4],"tags":[],"class_list":["post-424","post","type-post","status-publish","format-standard","hentry","category-blog"],"_links":{"self":[{"href":"https:\/\/jan-jakobsen.dk\/index.php?rest_route=\/wp\/v2\/posts\/424","targetHints":{"allow":["GET"]}}],"collection":[{"href":"https:\/\/jan-jakobsen.dk\/index.php?rest_route=\/wp\/v2\/posts"}],"about":[{"href":"https:\/\/jan-jakobsen.dk\/index.php?rest_route=\/wp\/v2\/types\/post"}],"author":[{"embeddable":true,"href":"https:\/\/jan-jakobsen.dk\/index.php?rest_route=\/wp\/v2\/users\/3"}],"replies":[{"embeddable":true,"href":"https:\/\/jan-jakobsen.dk\/index.php?rest_route=%2Fwp%2Fv2%2Fcomments&post=424"}],"version-history":[{"count":10,"href":"https:\/\/jan-jakobsen.dk\/index.php?rest_route=\/wp\/v2\/posts\/424\/revisions"}],"predecessor-version":[{"id":2418,"href":"https:\/\/jan-jakobsen.dk\/index.php?rest_route=\/wp\/v2\/posts\/424\/revisions\/2418"}],"wp:attachment":[{"href":"https:\/\/jan-jakobsen.dk\/index.php?rest_route=%2Fwp%2Fv2%2Fmedia&parent=424"}],"wp:term":[{"taxonomy":"category","embeddable":true,"href":"https:\/\/jan-jakobsen.dk\/index.php?rest_route=%2Fwp%2Fv2%2Fcategories&post=424"},{"taxonomy":"post_tag","embeddable":true,"href":"https:\/\/jan-jakobsen.dk\/index.php?rest_route=%2Fwp%2Fv2%2Ftags&post=424"}],"curies":[{"name":"wp","href":"https:\/\/api.w.org\/{rel}","templated":true}]}}