{"id":4197,"date":"2015-06-21T11:24:06","date_gmt":"2015-06-21T09:24:06","guid":{"rendered":"http:\/\/jan-jakobsen.dk\/?p=4197"},"modified":"2015-06-22T05:56:20","modified_gmt":"2015-06-22T03:56:20","slug":"valgt-til-muskelsvindfondens-bestyrelse","status":"publish","type":"post","link":"https:\/\/jan-jakobsen.dk\/?p=4197","title":{"rendered":"Jeg er valgt til Muskelsvindfondens bestyrelse"},"content":{"rendered":"<p><img loading=\"lazy\" decoding=\"async\" class=\"aligncenter size-large wp-image-4198\" src=\"https:\/\/jan-jakobsen.dk\/https:\/\/jan-jakobsen.dk\/wp-content\/uploads\/2015\/06\/IMG_0321-680x403.jpg\" alt=\"IMG_0321\" width=\"620\" height=\"367\" srcset=\"https:\/\/jan-jakobsen.dk\/http:\/\/jan-jakobsen.dk\/wp-content\/uploads\/2015\/06\/IMG_0321-680x403.jpg 680w, https:\/\/jan-jakobsen.dk\/http:\/\/jan-jakobsen.dk\/wp-content\/uploads\/2015\/06\/IMG_0321-300x178.jpg 300w, https:\/\/jan-jakobsen.dk\/http:\/\/jan-jakobsen.dk\/wp-content\/uploads\/2015\/06\/IMG_0321.jpg 1476w\" sizes=\"auto, (max-width: 620px) 100vw, 620px\" \/>L\u00f8rdag den 20. juni deltog jeg i landsm\u00f8det i\u00a0<a class=\"profileLink\" href=\"https:\/\/www.facebook.com\/muskelsvindfonden\" data-gt=\"{&quot;entity_id&quot;:&quot;171216016234176&quot;,&quot;entity_path&quot;:&quot;\\\/ajax\\\/updatestatus.php&quot;}\" data-hovercard=\"\/ajax\/hovercard\/page.php?id=171216016234176\">Muskelsvindfonden &#8211; Plads til forskelle<\/a>. Det var en god oplevelse. Jeg blev &#8211; endnu engang &#8211; valgt ind i bestyrelsen\u00a0og jeg gl\u00e6der mig til det store men absolut n\u00f8dvendige arbejde, der ligger foran os.<\/p>\n<p><!--more--><\/p>\n<p>Mere end nogensinde er Plads til Forskelle p\u00e5 dagsordenen i Muskelsvindfonden. Folketingsvalget viste, at nok har handicapbev\u00e6gelen sv\u00e6rt ved at tr\u00e6nge igennem hos nogle politikere, men vores erfaringer i\u00a0<a class=\"profileLink\" href=\"https:\/\/www.facebook.com\/muskelsvindfonden\" data-gt=\"{&quot;entity_id&quot;:&quot;171216016234176&quot;,&quot;entity_path&quot;:&quot;\\\/profile_book.php&quot;}\" data-hovercard=\"\/ajax\/hovercard\/page.php?id=171216016234176\">Muskelsvindfonden &#8211; Plads til forskelle<\/a>\u00a0er dog ogs\u00e5, at vi har succes med at n\u00e5 igennem til helt almindelige mennesker.<\/p>\n<p>Vi kan her godt skabe forst\u00e5else med vores mange fort\u00e6llinger om hvorfor kompensation er n\u00f8dvendig, n\u00e5r mennesker med handicap skal deltage i samfundet. Og<span class=\"text_exposed_show\">\u00a0det er her vi skal s\u00e6tte ind. Selv de mest toned\u00f8ve politikere er nu engang p\u00e5virkelige af, n\u00e5r de er helt ude af trit med de holdninger deres v\u00e6lgere har.<\/span><\/p>\n<p>Det betyder ikke, at vi har nemme opgaver foran os. Det har vi ikke. Det er stadig h\u00e5rdt arbejde. Men vi har f\u00e5et sat et godt hold i den nye bestyrelse &#8211; med garvede kr\u00e6fter i\u00a0<a class=\"profileLink\" href=\"https:\/\/www.facebook.com\/evald.krog\" data-hovercard=\"\/ajax\/hovercard\/user.php?id=1198729924\">Evald Krog<\/a>\u00a0og\u00a0<a class=\"profileLink\" href=\"https:\/\/www.facebook.com\/janne.sander\" data-hovercard=\"\/ajax\/hovercard\/user.php?id=1467019470\">Janne Sander<\/a>\u00a0som formandsskab. Vi er parat til at tage vores del af det handicappolitiske ansvar&#8230; og vi vil k\u00e6mpe for at se resultater. Det er yderst positivt og et godt udgangspunkt for at handle.<\/p>\n<div class=\"text_exposed_show\">\n<p>Vi har en dygtig og meget motiveret organisation af medarbejdere bag os, som br\u00e6nder for at yde deres til, at vi n\u00e5r vores m\u00e5l. Vi har en stor faglig viden i medarbejderne, der kvalificerer vores politiske gr\u00e6srodsarbejde og styrker mulighederne for at vi kan n\u00e5 i\u00a0m\u00e5l.<\/p>\n<p>Vi har den \u00f8konomiske basis p\u00e5 plads gennem vores indsamlingsaktiviteter, som vi hele tiden pr\u00f8ver at g\u00f8re mindre s\u00e5rbare over for forandring.<\/p>\n<p>Engagement og solid \u00f8konomisk basis er foruds\u00e6tningen for, at vi kan skabe det gode liv for mennesker med muskelsvind. Og det er vores prim\u00e6re m\u00e5l &#8211; med den lille kr\u00f8lle at vi ogs\u00e5 siger &#8211; og mener &#8211; Plads til Forskelle. Vi vil skabe rum til os alle. Vi vil sikre mangfoldigheden!<\/p>\n<p>Jeg er glad og stolt over endnu engang at v\u00e6re en del af dette projekt&#8230;<\/p>\n<p>#jjnyhed #handicapdk #handipol #dkpol<\/p>\n<\/div>\n","protected":false},"excerpt":{"rendered":"<p>L\u00f8rdag den 20. juni deltog jeg i landsm\u00f8det i\u00a0Muskelsvindfonden &#8211; Plads til forskelle. Det var en god oplevelse. Jeg blev &#8211; endnu engang &#8211; valgt ind i bestyrelsen\u00a0og jeg gl\u00e6der mig til det store men absolut n\u00f8dvendige arbejde, der ligger &hellip; <a href=\"https:\/\/jan-jakobsen.dk\/?p=4197\">L\u00e6s resten <span class=\"meta-nav\">&rarr;<\/span><\/a><\/p>\n","protected":false},"author":3,"featured_media":0,"comment_status":"open","ping_status":"open","sticky":false,"template":"","format":"standard","meta":{"footnotes":""},"categories":[4,3,1,342],"tags":[],"class_list":["post-4197","post","type-post","status-publish","format-standard","hentry","category-blog","category-handicapdebat","category-uncategorized","category-foredragfb-debatoplaeg"],"_links":{"self":[{"href":"https:\/\/jan-jakobsen.dk\/index.php?rest_route=\/wp\/v2\/posts\/4197","targetHints":{"allow":["GET"]}}],"collection":[{"href":"https:\/\/jan-jakobsen.dk\/index.php?rest_route=\/wp\/v2\/posts"}],"about":[{"href":"https:\/\/jan-jakobsen.dk\/index.php?rest_route=\/wp\/v2\/types\/post"}],"author":[{"embeddable":true,"href":"https:\/\/jan-jakobsen.dk\/index.php?rest_route=\/wp\/v2\/users\/3"}],"replies":[{"embeddable":true,"href":"https:\/\/jan-jakobsen.dk\/index.php?rest_route=%2Fwp%2Fv2%2Fcomments&post=4197"}],"version-history":[{"count":6,"href":"https:\/\/jan-jakobsen.dk\/index.php?rest_route=\/wp\/v2\/posts\/4197\/revisions"}],"predecessor-version":[{"id":4216,"href":"https:\/\/jan-jakobsen.dk\/index.php?rest_route=\/wp\/v2\/posts\/4197\/revisions\/4216"}],"wp:attachment":[{"href":"https:\/\/jan-jakobsen.dk\/index.php?rest_route=%2Fwp%2Fv2%2Fmedia&parent=4197"}],"wp:term":[{"taxonomy":"category","embeddable":true,"href":"https:\/\/jan-jakobsen.dk\/index.php?rest_route=%2Fwp%2Fv2%2Fcategories&post=4197"},{"taxonomy":"post_tag","embeddable":true,"href":"https:\/\/jan-jakobsen.dk\/index.php?rest_route=%2Fwp%2Fv2%2Ftags&post=4197"}],"curies":[{"name":"wp","href":"https:\/\/api.w.org\/{rel}","templated":true}]}}