{"id":4192,"date":"2015-06-17T12:51:51","date_gmt":"2015-06-17T10:51:51","guid":{"rendered":"http:\/\/jan-jakobsen.dk\/?p=4192"},"modified":"2015-06-17T13:12:10","modified_gmt":"2015-06-17T11:12:10","slug":"det-handler-om-det-gode-liv-for-os-alle","status":"publish","type":"post","link":"https:\/\/jan-jakobsen.dk\/?p=4192","title":{"rendered":"Det handler om det gode liv for os alle"},"content":{"rendered":"<p>Social- og Arbejdsmarkedsudvalget i Ringsted kommune var tirsdag 16. juni p\u00e5 bes\u00f8g hos vores lille gartneri ved Ortved Plejecenter. Gartneriet er en del af Caf\u00e9 Ingeborg. Det er en alternativ arbejdsplads, der tilbyder meningsfuldt besk\u00e6ftigelse i b\u00e5de tilbud om beskyttet besk\u00e6ftigelse (\u00a7103) og LAB lovens (Lov om aktiv besk\u00e6ftigelses indsats), rammer for praktik, arbejdsafklaring og job p\u00e5 s\u00e6rlige vilk\u00e5r.<\/p>\n<p><img loading=\"lazy\" decoding=\"async\" class=\"alignleft size-large wp-image-4193\" src=\"https:\/\/jan-jakobsen.dk\/https:\/\/jan-jakobsen.dk\/wp-content\/uploads\/2015\/06\/ortved-229x1024.jpg\" alt=\"ortved\" width=\"229\" height=\"1024\" srcset=\"https:\/\/jan-jakobsen.dk\/http:\/\/jan-jakobsen.dk\/wp-content\/uploads\/2015\/06\/ortved-229x1024.jpg 229w, https:\/\/jan-jakobsen.dk\/http:\/\/jan-jakobsen.dk\/wp-content\/uploads\/2015\/06\/ortved-67x300.jpg 67w\" sizes=\"auto, (max-width: 229px) 100vw, 229px\" \/>Caf\u00e9 Ingeborgs s\u00e6rlige medarbejdere er alle p\u00e5 kanten af arbejdsmarkedet og har meget forskellige behov og muligheder. Gartneriet er et godt tilbud til de medarbejdere, der trives bedst ude. Gartneriet forsyner Caf\u00e9 Ingeborgs madproduktion med blandt andet krydderurter og gr\u00f8ntsager.<\/p>\n<p>Vi har brug for en mangfoldighed af arbejdspladser i Ringsted. En unders\u00f8gelse, der blev lavet lige inden det Lokale Besk\u00e6ftigelses R\u00e5d lukkede, viste, at 75% af alle med kontakt til Jobcentret havde et handicap, der udgjorde en v\u00e6sentlig hindring p\u00e5 arbejdsmarkedet.<br \/>\nJeg tror, unders\u00f8gelsen kunne v\u00e6re lavet i en hvilken som helst anden by med et resultat, der minder om vores. Man lukker \u00f8jnene for det og bilder os ind, at det g\u00e5r \u00e5h s\u00e5 godt med besk\u00e6ftigelsen p\u00e5 rummelige vilk\u00e5r. Caf\u00e9 Ingeborgs aktiviteter retter sig kun mod en lille del af et rummeligt arbejdsmarked &#8211; og det er kun et lille og meget lokalt, men meget n\u00e6rv\u00e6rende eksempel p\u00e5, hvordan vi har brug for at organisere vores f\u00e6llesskab.<\/p>\n<p>Vi har brug for, at der bliver t\u00e6nkt meget st\u00f8rre og meget anderledes, hvis vi vil noget med et rummeligt arbejdsmarked. For t\u00e6nker man kun i profit lykkes det aldrig.<\/p>\n<p>Det valg, vi har i morgen, handler om nogle grundl\u00e6ggende mods\u00e6tninger i vores samfund. Blandt andet rummelighed mod egoisme, inklusion mod eksklusion, f\u00e6llesskab mod l\u00f8ndumping. Sp\u00f8rgsm\u00e5l som den danske h\u00f8jrefl\u00f8j med Venstre i spidsen og galpende Liberal Alliance og Dansk Folkeparti i slipstr\u00f8mmen i praksis ganske enkelt ikke har svar p\u00e5 udover mere liberalisme, mindre socialpolitik, skattelettelser og mindre offentlig v\u00e6kst.<\/p>\n<p>Det handler om politik. Det handler om det gode liv for os alle. Det handler om f\u00e6llesskab. T\u00f8r du s\u00e6tte f\u00e6llesskabet over styr for en lille skattelettelse. T\u00e6nk lige over det endnu engang inden du s\u00e6tter dit kryds i morgen.<\/p>\n","protected":false},"excerpt":{"rendered":"<p>Social- og Arbejdsmarkedsudvalget i Ringsted kommune var tirsdag 16. juni p\u00e5 bes\u00f8g hos vores lille gartneri ved Ortved Plejecenter. Gartneriet er en del af Caf\u00e9 Ingeborg. Det er en alternativ arbejdsplads, der tilbyder meningsfuldt besk\u00e6ftigelse i b\u00e5de tilbud om beskyttet &hellip; <a href=\"https:\/\/jan-jakobsen.dk\/?p=4192\">L\u00e6s resten <span class=\"meta-nav\">&rarr;<\/span><\/a><\/p>\n","protected":false},"author":3,"featured_media":0,"comment_status":"open","ping_status":"open","sticky":false,"template":"","format":"standard","meta":{"footnotes":""},"categories":[4,32,3,1],"tags":[],"class_list":["post-4192","post","type-post","status-publish","format-standard","hentry","category-blog","category-byradenhedslisten","category-handicapdebat","category-uncategorized"],"_links":{"self":[{"href":"https:\/\/jan-jakobsen.dk\/index.php?rest_route=\/wp\/v2\/posts\/4192","targetHints":{"allow":["GET"]}}],"collection":[{"href":"https:\/\/jan-jakobsen.dk\/index.php?rest_route=\/wp\/v2\/posts"}],"about":[{"href":"https:\/\/jan-jakobsen.dk\/index.php?rest_route=\/wp\/v2\/types\/post"}],"author":[{"embeddable":true,"href":"https:\/\/jan-jakobsen.dk\/index.php?rest_route=\/wp\/v2\/users\/3"}],"replies":[{"embeddable":true,"href":"https:\/\/jan-jakobsen.dk\/index.php?rest_route=%2Fwp%2Fv2%2Fcomments&post=4192"}],"version-history":[{"count":2,"href":"https:\/\/jan-jakobsen.dk\/index.php?rest_route=\/wp\/v2\/posts\/4192\/revisions"}],"predecessor-version":[{"id":4196,"href":"https:\/\/jan-jakobsen.dk\/index.php?rest_route=\/wp\/v2\/posts\/4192\/revisions\/4196"}],"wp:attachment":[{"href":"https:\/\/jan-jakobsen.dk\/index.php?rest_route=%2Fwp%2Fv2%2Fmedia&parent=4192"}],"wp:term":[{"taxonomy":"category","embeddable":true,"href":"https:\/\/jan-jakobsen.dk\/index.php?rest_route=%2Fwp%2Fv2%2Fcategories&post=4192"},{"taxonomy":"post_tag","embeddable":true,"href":"https:\/\/jan-jakobsen.dk\/index.php?rest_route=%2Fwp%2Fv2%2Ftags&post=4192"}],"curies":[{"name":"wp","href":"https:\/\/api.w.org\/{rel}","templated":true}]}}