{"id":4184,"date":"2015-06-14T22:37:29","date_gmt":"2015-06-14T20:37:29","guid":{"rendered":"http:\/\/jan-jakobsen.dk\/?p=4184"},"modified":"2015-06-14T23:04:52","modified_gmt":"2015-06-14T21:04:52","slug":"siden-at-leve-med-et-handicap-et-foredrag-til-stotte-for-bestemt","status":"publish","type":"post","link":"https:\/\/jan-jakobsen.dk\/?p=4184","title":{"rendered":"Siden &#8220;At leve med et handicap&#8221; &#8211; et foredrag, har holdning."},"content":{"rendered":"<p>Hvorfor jeg bruger siden\u00a0&#8220;At leve med et handicap&#8221; &#8211; et foredrag til valgkamp for bestemte kandidater med handicap.<!--more--><\/p>\n<p>Det g\u00f8r jeg, fordi jeg aldrig har lagt skjul p\u00e5 mine holdninger. Jeg har aldrig lagt skjul p\u00e5, at jeg mener samfundet fundamentalt skal indrettes anderledes, hvis mennesker med handicap skal have reelle muligheder for at bidrage. Det politiske aspekt er vigtigt for mig.<br \/>\nDerfor kan man ogs\u00e5 l\u00e6se nederst p\u00e5 mit nyhedsbrev: &#8220;&#8230;Nyhedsbrevet jan-jakobsen.dk udsendes af Jan Jakobsen. Jeg er handicap-aktivist og debatt\u00f8r, og arbejder for ligev\u00e6rd i det danske samfund. Nyhedsbrevet repr\u00e6senterer mine private holdninger, og ingen organisation eller gruppe, jeg m\u00e5tte optr\u00e6de i, kan g\u00f8res ansvarlig for mine holdninger&#8230;\u201d<br \/>\nAt v\u00e6re handicap-aktivist og debatt\u00f8r er holdningspr\u00e6get.<\/p>\n<p>I det s\u00e5kaldte &#8220;impressum&#8221; for siden &#8220;At leve med et handicap&#8221; &#8211; et foredrag, st\u00e5r:<br \/>\n&#8220;&#8230;Fort\u00e6lling &#8211; Formidling &#8211; Faglighed<br \/>\nSom muskelsvindramt gennem snart 60 \u00e5r har jeg en fort\u00e6lling med mig i bagagen, som jeg kan s\u00e6tte ord p\u00e5.<br \/>\nSom kommunikationsuddannet kan jeg formidle og generalisere min fort\u00e6lling s\u00e5 den bliver relevant ogs\u00e5 for andre.<br \/>\nSom mange\u00e5rig handicappolitisk aktivist har jeg faglighed og politisk indsigt i emner inden for handicap&#8230;&#8221;<br \/>\nAlle mine opslag holder sig inden for disse gr\u00e6nser.<\/p>\n<p>&nbsp;<\/p>\n<p>Se siden <a href=\"https:\/\/www.facebook.com\/Jak.foredrag\" target=\"_blank\">\u201cAt leve med et handicap\u201d \u2013 et foredrag<\/a><\/p>\n","protected":false},"excerpt":{"rendered":"<p>Hvorfor jeg bruger siden\u00a0&#8220;At leve med et handicap&#8221; &#8211; et foredrag til valgkamp for bestemte kandidater med handicap.<\/p>\n","protected":false},"author":3,"featured_media":0,"comment_status":"open","ping_status":"open","sticky":false,"template":"","format":"standard","meta":{"footnotes":""},"categories":[4,3,342],"tags":[],"class_list":["post-4184","post","type-post","status-publish","format-standard","hentry","category-blog","category-handicapdebat","category-foredragfb-debatoplaeg"],"_links":{"self":[{"href":"https:\/\/jan-jakobsen.dk\/index.php?rest_route=\/wp\/v2\/posts\/4184","targetHints":{"allow":["GET"]}}],"collection":[{"href":"https:\/\/jan-jakobsen.dk\/index.php?rest_route=\/wp\/v2\/posts"}],"about":[{"href":"https:\/\/jan-jakobsen.dk\/index.php?rest_route=\/wp\/v2\/types\/post"}],"author":[{"embeddable":true,"href":"https:\/\/jan-jakobsen.dk\/index.php?rest_route=\/wp\/v2\/users\/3"}],"replies":[{"embeddable":true,"href":"https:\/\/jan-jakobsen.dk\/index.php?rest_route=%2Fwp%2Fv2%2Fcomments&post=4184"}],"version-history":[{"count":4,"href":"https:\/\/jan-jakobsen.dk\/index.php?rest_route=\/wp\/v2\/posts\/4184\/revisions"}],"predecessor-version":[{"id":4188,"href":"https:\/\/jan-jakobsen.dk\/index.php?rest_route=\/wp\/v2\/posts\/4184\/revisions\/4188"}],"wp:attachment":[{"href":"https:\/\/jan-jakobsen.dk\/index.php?rest_route=%2Fwp%2Fv2%2Fmedia&parent=4184"}],"wp:term":[{"taxonomy":"category","embeddable":true,"href":"https:\/\/jan-jakobsen.dk\/index.php?rest_route=%2Fwp%2Fv2%2Fcategories&post=4184"},{"taxonomy":"post_tag","embeddable":true,"href":"https:\/\/jan-jakobsen.dk\/index.php?rest_route=%2Fwp%2Fv2%2Ftags&post=4184"}],"curies":[{"name":"wp","href":"https:\/\/api.w.org\/{rel}","templated":true}]}}