{"id":4135,"date":"2015-06-02T11:15:57","date_gmt":"2015-06-02T09:15:57","guid":{"rendered":"http:\/\/jan-jakobsen.dk\/?p=4135"},"modified":"2015-06-02T11:15:11","modified_gmt":"2015-06-02T09:15:11","slug":"saet-en-dagsorden-nu","status":"publish","type":"post","link":"https:\/\/jan-jakobsen.dk\/?p=4135","title":{"rendered":"S\u00e6t en dagsorden nu"},"content":{"rendered":"<p><em><strong><img loading=\"lazy\" decoding=\"async\" class=\"alignright size-full wp-image-4136\" src=\"https:\/\/jan-jakobsen.dk\/https:\/\/jan-jakobsen.dk\/wp-content\/uploads\/2015\/06\/Blog-s\u00e6t-dagsorden.jpeg\" alt=\"Blog s\u00e6t dagsorden\" width=\"400\" height=\"430\" srcset=\"https:\/\/jan-jakobsen.dk\/http:\/\/jan-jakobsen.dk\/wp-content\/uploads\/2015\/06\/Blog-s\u00e6t-dagsorden.jpeg 400w, https:\/\/jan-jakobsen.dk\/http:\/\/jan-jakobsen.dk\/wp-content\/uploads\/2015\/06\/Blog-s\u00e6t-dagsorden-279x300.jpeg 279w\" sizes=\"auto, (max-width: 400px) 100vw, 400px\" \/>Vi fyldte i reformerne &#8211; men ikke i valgkampen. Dette er et fatum for mennesker med handikap. Det er ogs\u00e5 et faktum, at de eneste, der kan \u00e6ndre p\u00e5 det, er os selv &#8211; alts\u00e5\u00a0mennesker med handikap. Og hvordan g\u00f8r vi s\u00e5 lige det?<\/strong><\/em><\/p>\n<p>Du skal tage ud til de mange m\u00f8der, der er op til valget. Du skal stille nogle af de sp\u00f8rgsm\u00e5l, som kun vi med handikap kan stille &#8211; og bede de enkelte partier om at svare p\u00e5 dem. Det kan typisk v\u00e6re sp\u00f8rgsm\u00e5l om de reformer, der er indf\u00f8rt gennem den sidste regeringsperiode. F\u00e6lles for dem er nemlig, at de fleste af reformerne har ramt mennesker med handikap. Det har ikke v\u00e6ret hensigten hver gang, selv om det har v\u00e6ret konsekvensen. De f\u00e6rreste af politikerne er opm\u00e6rksom p\u00e5 dette, selv om deres parti har v\u00e6ret med til at vedtage det. De f\u00e6rreste \u201chelt almindelige mennesker&#8221; ved det heller ikke. Derfor er valgm\u00f8der en god lejlighed til at g\u00f8re opm\u00e6rksom p\u00e5, at reformerne i h\u00f8j grad vrider vores samfund sk\u00e6vt.<!--more--><\/p>\n<p>Det er ikke kun regeringen du skal skyde p\u00e5. Reformerne er indf\u00f8rt med st\u00f8tte fra et stort flertal af folketingets partier. Mange af reformerne har v\u00e6ret p\u00e5 vej i lang tid &#8211; ogs\u00e5 f\u00f8r den regering vi har nu, kom til. Der er derfor god grund til at \u201crette skytset\u201d mod alle partier. At sp\u00f8rge dem \u201dhvorfor?\u201d<\/p>\n<p>Jeg kan ikke her skrive om alt det du kan sp\u00f8rge om. Du m\u00e5 selv finde dine sp\u00f8rgsm\u00e5l. Jeg kan kun inspirere dig. Handikaporganisationerne har v\u00e6ret kritiske over for reformerne og de \u00f8vrige nedsk\u00e6ringer, der har ramt os. Et godt sted at starte er de felter du selv kender fra dit eget liv. Er du med i en handikapforening s\u00e5 hent inspiration p\u00e5 hjemmesiden. Ofte har foreningerne skrevet mange indl\u00e6g med god viden og kritik. Det g\u00e6lder bl.a. den forening, jeg selv er med i &#8211; Muskelsvindfonden. For at n\u00e6vne et par andre er det ogs\u00e5 ogs\u00e5 SIND, LEV og Spastikerforeningen. Er det et sp\u00f8rgsm\u00e5l, der g\u00f8r p\u00e5 tv\u00e6rs af handikap, s\u00e5 lad dig inspirere af Danske handikaporganisationer, der er det f\u00e6lles taler\u00f8r. DH laver mange h\u00f8ringssvar. De har ofte v\u00e6ret kritiske. Det kan give mange gode sp\u00f8rgsm\u00e5l.<\/p>\n<p>Nogle sp\u00f8rgsm\u00e5l vil mange politikere, der stiller op til folketinget, sige, ikke har noget med dem at g\u00f8re &#8211; de vil skyde det videre til kommunerne. Men v\u00e6r opm\u00e6rksom p\u00e5, at selv om meget ganske rigtigt overlades til kommunerne, s\u00e5 har staten ogs\u00e5 et ansvar. Et godt eksempel er den revision af Serviceloven, som socialminister Manu Sareen lagde op til. Den ville give kommunerne bedre mulighed for selv at bestemme serviceniveauet. Den blev heldigvis taget af bordet igen efter kritik fra DH og andre organisationer. Vi ved dog ikke om den kommer op igen efter et valg. Det er der desv\u00e6rre en risiko for.<\/p>\n<p>V\u00e6r ogs\u00e5 opm\u00e6rksom p\u00e5 EU&#8217;s betydning for vores socialpolitik. De offentlige udgifter styres bl.a. gennem EU&#8217;s budgetregler.<\/p>\n<p>Til sidst: lad v\u00e6re med at fylde et helt m\u00f8de med dine sp\u00f8rgsm\u00e5l. Du skal ikke tage ordet hele tiden. Der kan sidde andre borgere, der ogs\u00e5 har gode input om andre emner &#8211; og det handler ikke om, at andre skal synes, at det er ekstra synd for os. Det handler om at fort\u00e6lle, at handikap sammen med meget andet ogs\u00e5 er en del af billedet.<\/p>\n<p>Ud til m\u00f8derne og v\u00e6r med! V\u00e6r en aktiv del af det f\u00e6llesskab, vi trods alt har. De fleste mennesker kender ikke livet med handikap. Det er os, der skal v\u00e6re med til at fort\u00e6lle om det &#8211; p\u00e5 godt og ondt og med respekt for helheden. Vi er ikke de eneste, der er sat uden for d\u00f8ren &#8211; og vi har meget til f\u00e6lles med andre, der ogs\u00e5 drives klapjagt p\u00e5 i disse \u00e5r.<\/p>\n<p>God \u201cforn\u00f8jelse&#8221;!<\/p>\n<p>&nbsp;<\/p>\n","protected":false},"excerpt":{"rendered":"<p>Vi fyldte i reformerne &#8211; men ikke i valgkampen. Dette er et fatum for mennesker med handikap. Det er ogs\u00e5 et faktum, at de eneste, der kan \u00e6ndre p\u00e5 det, er os selv &#8211; alts\u00e5\u00a0mennesker med handikap. Og hvordan g\u00f8r &hellip; <a href=\"https:\/\/jan-jakobsen.dk\/?p=4135\">L\u00e6s resten <span class=\"meta-nav\">&rarr;<\/span><\/a><\/p>\n","protected":false},"author":3,"featured_media":0,"comment_status":"open","ping_status":"open","sticky":false,"template":"","format":"standard","meta":{"footnotes":""},"categories":[4,3,1],"tags":[],"class_list":["post-4135","post","type-post","status-publish","format-standard","hentry","category-blog","category-handicapdebat","category-uncategorized"],"_links":{"self":[{"href":"https:\/\/jan-jakobsen.dk\/index.php?rest_route=\/wp\/v2\/posts\/4135","targetHints":{"allow":["GET"]}}],"collection":[{"href":"https:\/\/jan-jakobsen.dk\/index.php?rest_route=\/wp\/v2\/posts"}],"about":[{"href":"https:\/\/jan-jakobsen.dk\/index.php?rest_route=\/wp\/v2\/types\/post"}],"author":[{"embeddable":true,"href":"https:\/\/jan-jakobsen.dk\/index.php?rest_route=\/wp\/v2\/users\/3"}],"replies":[{"embeddable":true,"href":"https:\/\/jan-jakobsen.dk\/index.php?rest_route=%2Fwp%2Fv2%2Fcomments&post=4135"}],"version-history":[{"count":1,"href":"https:\/\/jan-jakobsen.dk\/index.php?rest_route=\/wp\/v2\/posts\/4135\/revisions"}],"predecessor-version":[{"id":4138,"href":"https:\/\/jan-jakobsen.dk\/index.php?rest_route=\/wp\/v2\/posts\/4135\/revisions\/4138"}],"wp:attachment":[{"href":"https:\/\/jan-jakobsen.dk\/index.php?rest_route=%2Fwp%2Fv2%2Fmedia&parent=4135"}],"wp:term":[{"taxonomy":"category","embeddable":true,"href":"https:\/\/jan-jakobsen.dk\/index.php?rest_route=%2Fwp%2Fv2%2Fcategories&post=4135"},{"taxonomy":"post_tag","embeddable":true,"href":"https:\/\/jan-jakobsen.dk\/index.php?rest_route=%2Fwp%2Fv2%2Ftags&post=4135"}],"curies":[{"name":"wp","href":"https:\/\/api.w.org\/{rel}","templated":true}]}}