{"id":4121,"date":"2015-05-31T16:58:40","date_gmt":"2015-05-31T14:58:40","guid":{"rendered":"http:\/\/jan-jakobsen.dk\/?p=4121"},"modified":"2015-05-31T20:08:25","modified_gmt":"2015-05-31T18:08:25","slug":"hvem-raber-af-hvem","status":"publish","type":"post","link":"https:\/\/jan-jakobsen.dk\/?p=4121","title":{"rendered":"Hvem r\u00e5ber af hvem?"},"content":{"rendered":"<p><img loading=\"lazy\" decoding=\"async\" class=\"alignright size-full wp-image-4123\" src=\"https:\/\/jan-jakobsen.dk\/https:\/\/jan-jakobsen.dk\/wp-content\/uploads\/2015\/05\/Kirsten-Terkilsen.png\" alt=\"Kirsten Terkilsen\" width=\"400\" height=\"490\" srcset=\"https:\/\/jan-jakobsen.dk\/http:\/\/jan-jakobsen.dk\/wp-content\/uploads\/2015\/05\/Kirsten-Terkilsen.png 400w, https:\/\/jan-jakobsen.dk\/http:\/\/jan-jakobsen.dk\/wp-content\/uploads\/2015\/05\/Kirsten-Terkilsen-245x300.png 245w\" sizes=\"auto, (max-width: 400px) 100vw, 400px\" \/>Endnu engang er KL-politikere ude i en forklaringskrise og en retorik over for mennesker med handicap, som jeg vil tillade mig at stille sp\u00f8rgsm\u00e5lstegn ved. Det er denne gang Kirsten Terkilsen (V), der udtaler sig.<\/p>\n<p>I et debatindl\u00e6g i\u00a0<a href=\"http:\/\/www.danskekommuner.dk\/Debat\/Active\/Tillidsbristen-pa-handicapomradet-er-ikke-bevaringsvardig\/\">Nyhedsmagasinet Danske Kommuner<\/a> nr. 17,\u00a028. maj 2015, skriver\u00a0Kirsten Terkilsen blandt andet \u201c\u2026Der bliver r\u00e5bt op om systemer, der modarbejder borgerne, kasset\u00e6nkning og David mod Goliath&#8230;&#8221;<\/p>\n<p>Det sker i en kommentar til den unders\u00f8gelse, som Det Centrale Handicapr\u00e5d (DCH) netop har offentliggjort. Selve unders\u00f8gelsen er omtalt andet sted p\u00e5 min hjemmeside:\u00a0<a href=\"https:\/\/jan-jakobsen.dk\/?p=4117\">https:\/\/jan-jakobsen.dk\/?p=4117<\/a>.<\/p>\n<p><!--more-->Kirsten Terkilsen\u00a0er i denne sammenh\u00e6ng ikke hvem som helst. Hun medlem af KL\u2019s Social- og Sundhedsudvalg, borgmester i Hedensted Kommune og KL\u2019s repr\u00e6sentant i Det Centrale Handicapr\u00e5d.<\/p>\n<p>Det kan derfor undre at hun i et indl\u00e6g som dette bruger s\u00e5dan et sprog, der p\u00e5 ingen m\u00e5der h\u00f8rer hjemme i en seri\u00f8s debat om de problemstillinger som DCH p\u00e5peger i unders\u00f8gelsen.<\/p>\n<p>Lidt underligt er det ogs\u00e5, at Kirsten Terkilsen senere i samme debatindl\u00e6g skriver, at \u201c\u2026flere kommuner har arrangeret borgerm\u00f8der med de handicappede, for at de sammen kan f\u00e5 en dialog om kommunens prioriteringer og strategi p\u00e5 handicapomr\u00e5det og dermed f\u00e5 det bedste og meste ud af den ramme, som kommunen har til r\u00e5dighed\u2026\u201d. Samtidig med, at\u00a0Kirsten Terkilsen \u00e9t sted skriver om at r\u00e5be op, kasset\u00e6nkning og David mod Gotiath erkender hun ogs\u00e5 en ramme, som kommunen har til r\u00e5dighed. S\u00e5vidt jeg ved er der kommunalt selvstyre, hvor kommunerne netop selv fasts\u00e6tter\u00a0rammen.<\/p>\n<p>Til slut i sit indl\u00e6g skriver\u00a0Kirsten Terkilsen, at\u00a0\u201c\u2026der er brug for, at vi alle bliver bedre til at skabe den gode dialog mellem kommune, handicaporganisationer og den enkelte borger frem for, at vi bekriger hinanden\u2026\u201d. Et godt sted at starte ville nok v\u00e6re med egen retorik, for hvem er det lige, der r\u00e5ber af hvem?<\/p>\n","protected":false},"excerpt":{"rendered":"<p>Endnu engang er KL-politikere ude i en forklaringskrise og en retorik over for mennesker med handicap, som jeg vil tillade mig at stille sp\u00f8rgsm\u00e5lstegn ved. Det er denne gang Kirsten Terkilsen (V), der udtaler sig. I et debatindl\u00e6g i\u00a0Nyhedsmagasinet Danske &hellip; <a href=\"https:\/\/jan-jakobsen.dk\/?p=4121\">L\u00e6s resten <span class=\"meta-nav\">&rarr;<\/span><\/a><\/p>\n","protected":false},"author":3,"featured_media":0,"comment_status":"open","ping_status":"open","sticky":false,"template":"","format":"standard","meta":{"footnotes":""},"categories":[4,3,1],"tags":[],"class_list":["post-4121","post","type-post","status-publish","format-standard","hentry","category-blog","category-handicapdebat","category-uncategorized"],"_links":{"self":[{"href":"https:\/\/jan-jakobsen.dk\/index.php?rest_route=\/wp\/v2\/posts\/4121","targetHints":{"allow":["GET"]}}],"collection":[{"href":"https:\/\/jan-jakobsen.dk\/index.php?rest_route=\/wp\/v2\/posts"}],"about":[{"href":"https:\/\/jan-jakobsen.dk\/index.php?rest_route=\/wp\/v2\/types\/post"}],"author":[{"embeddable":true,"href":"https:\/\/jan-jakobsen.dk\/index.php?rest_route=\/wp\/v2\/users\/3"}],"replies":[{"embeddable":true,"href":"https:\/\/jan-jakobsen.dk\/index.php?rest_route=%2Fwp%2Fv2%2Fcomments&post=4121"}],"version-history":[{"count":4,"href":"https:\/\/jan-jakobsen.dk\/index.php?rest_route=\/wp\/v2\/posts\/4121\/revisions"}],"predecessor-version":[{"id":4133,"href":"https:\/\/jan-jakobsen.dk\/index.php?rest_route=\/wp\/v2\/posts\/4121\/revisions\/4133"}],"wp:attachment":[{"href":"https:\/\/jan-jakobsen.dk\/index.php?rest_route=%2Fwp%2Fv2%2Fmedia&parent=4121"}],"wp:term":[{"taxonomy":"category","embeddable":true,"href":"https:\/\/jan-jakobsen.dk\/index.php?rest_route=%2Fwp%2Fv2%2Fcategories&post=4121"},{"taxonomy":"post_tag","embeddable":true,"href":"https:\/\/jan-jakobsen.dk\/index.php?rest_route=%2Fwp%2Fv2%2Ftags&post=4121"}],"curies":[{"name":"wp","href":"https:\/\/api.w.org\/{rel}","templated":true}]}}