{"id":4111,"date":"2015-05-30T23:15:36","date_gmt":"2015-05-30T21:15:36","guid":{"rendered":"http:\/\/jan-jakobsen.dk\/?p=4111"},"modified":"2015-05-31T17:04:26","modified_gmt":"2015-05-31T15:04:26","slug":"tale-ved-gyrstinge-orslevvester-lokalrads-40-ars-jubilaeumsfest-lordag-30-maj","status":"publish","type":"post","link":"https:\/\/jan-jakobsen.dk\/?p=4111","title":{"rendered":"Tale ved Gyrstinge-\u00d8rslevvester lokalr\u00e5ds 40 \u00e5rs jubil\u00e6umsfest l\u00f8rdag 30. maj"},"content":{"rendered":"<p><img loading=\"lazy\" decoding=\"async\" class=\"alignright wp-image-4113 size-full\" src=\"https:\/\/jan-jakobsen.dk\/https:\/\/jan-jakobsen.dk\/wp-content\/uploads\/2015\/05\/Gyrstinge_oerslevvester.gif\" alt=\"Gyrstinge_oerslevvester\" width=\"591\" height=\"882\" \/><\/p>\n<p><span style=\"font-size: large;\"><b>K\u00e6re Gyrstinge-\u00d8rslevvester lokalr\u00e5d &#8211; k\u00e6re medborgere.<\/b><\/span><\/p>\n<p><span style=\"font-size: large;\">Jeg er meget glad for, at jeg m\u00e5 v\u00e6re med hos jer her i aften. Det er stort, at I kan fejre, at det er hele 40 \u00e5r siden, at 8 kloge mennesker satte handling bag skabelsen af landets \u00e6ldste lokalr\u00e5d. Allerede dengang var I p\u00e5 forkant.<\/span><!--more--><\/p>\n<p><span style=\"font-size: large;\">Det er for mig ogs\u00e5 stort, fordi I er det levende bevis p\u00e5 det, der betyder s\u00e5 utroligt meget for mange af os \u2013 f\u00e6llesskabet. Uden f\u00e6llesskab var I ikke kommet s\u00e5 langt. I har brugt jeres demokratiske ret til at organisere jeres lokale f\u00e6llesskab. I har gjort jeres pligt og \u201dvaretaget jeres lokale interesser\u201d, som mange nok vil sige det. Jeg vil nu hellere kalde en spade for en spade og sige, at I har k\u00e6mpet for det.<\/span><\/p>\n<p><span style=\"font-size: large;\">I har v\u00e6ret foruds\u00e6tningen for dette hus, der er rammen for dette jubil\u00e6um. I er viljen til, at det skete, og jeg ved, at det ikke er kommet op at st\u00e5 uden en k\u00e6mpe indsats fra f\u00e6llesskabet. Det her er p\u00e5 alle m\u00e5der stort.<\/span><\/p>\n<p><span style=\"font-size: large;\">I har skabt jeres traditioner og rammer som I m\u00f8des om. I er taler\u00f8r overfor kommunen. I udarbejder h\u00f8ringssvar til f.eks. kommuneplaner og planer for kollektiv trafik. Noget af det arbejde h\u00f8rer ikke til det, jeg vil kalde det allersjoveste, men det er desv\u00e6rre n\u00f8dvendigt, n\u00e5r I vil have argumenterne frem til os politikere, der sidder helt inde i byen. Det er besluttet, at vi kalder det \u201dbyr\u00e5det\u201d, selv om det jo er en bestyrelse for hele kommunen. Det burde derfor logisk nok hedde en kommunalbestyrelse. <\/span><\/p>\n<p><span style=\"font-size: large;\">I har heldigvis Lokalr\u00e5det og jeres sociale f\u00e6llesskab. I har ikke samme \u00f8konomiske muligheder som byr\u00e5det. Men I har her et f\u00e6llesskab, hvor I viser vej. Det f\u00e5r vi brug for i fremtiden, selv om det politisk endnu ikke prioriteres nok. Vi ser for lidt p\u00e5 hinanden som mennesker. Vi glemmer at skabe rammerne med udgangspunkt i mennesker og ikke omvendt. Vi eksperimenterer for lidt med lokalt demokrati og n\u00e6rv\u00e6r i trygge rammer. Alt det kan I med landsbyerne \u2013 og vi skal turde bruge det!<\/span><\/p>\n<p><span style=\"font-size: large;\">I har egen folkeskole, SFO, b\u00f8rnehaver,\u00a0dagpleje og butik. Det er godt for f\u00e6llesskabet og det er v\u00e6rd at bevare. Det er ogs\u00e5 en god ramme for en udvikling, hvor vi prioriterer mennesker. Et sted med n\u00e6rhed, sundhed og omsorg for hinanden i samspil med trygge og natursk\u00f8nne omgivelser. Det er jeres f\u00e6llesskab, der er med til at fremme de muligheder.<\/span><\/p>\n<p><span style=\"font-size: large;\">I er mange ildsj\u00e6le i dette f\u00e6llesskab. I har sammen skabt foruds\u00e6tningerne for jeres eget liv og skaber en fremtid. Landsbyhuset her er indbegrebet af nyt\u00e6nkning bare for at tage et enkelt eksempel. Det er jeres st\u00e6rke samlingspunkt i lokalomr\u00e5det. Og I stopper jo ikke her, men har visioner for de kommende \u00e5r. I vil s\u00e6tte Gyrstinge i bev\u00e6gelse og etablere en multibane ved Kildeskolen. Det projekt er i gode h\u00e6nder hos jer \u2013 og selvf\u00f8lgelig bliver ogs\u00e5 d\u00e9t en realitet. <\/span><\/p>\n<p><span style=\"font-size: large;\">Gyrstinge-\u00d8rslevvester lokalr\u00e5d er et st\u00e6rkt eksempel p\u00e5, hvad mennesker kan pr\u00e6stere i &#8211; og for &#8211; f\u00e6llesskabet. I kan og vil det lange og seje tr\u00e6k til f\u00e6lles bedste. <\/span><\/p>\n<p><span style=\"font-size: large;\">Jeg \u00f8nske jer alle det bedste med p\u00e5 vejen de n\u00e6ste 40 \u00e5r. Jeg h\u00e5ber, at lokalr\u00e5det s\u00e5 vil v\u00e6re i lige s\u00e5 fin form som det har v\u00e6ret de f\u00f8rste 40 \u00e5r. Jeg tror, at b\u00e5de lokalr\u00e5d og borgere er parate til de nye udfordringer der kommer. Der er nok at tage fat p\u00e5 med f.eks. brug af Gyrstinge s\u00f8 og fortsat udm\u00f8ntning af helhedsplanen. I har det, der skal til: viljen og f\u00e6llesskabet.<\/span><\/p>\n<p><span style=\"font-size: large;\">Jeg vil bede jer rejse jer op og r\u00e5be et trefoldigt leve for Gyrstinge-\u00d8rslevvester lokalr\u00e5d. \u00c9t leve for de f\u00f8rste 40 \u00e5r. \u00c9t leve for de n\u00e6ste 40 \u00e5r og \u00e9t leve for i dag. Gyrstinge-\u00d8rslevvester lokalr\u00e5d l\u00e6nge leve \u2013 hurra, hurra, hurra &#8211; Tak og sk\u00e5l.<\/span><\/p>\n","protected":false},"excerpt":{"rendered":"<p>K\u00e6re Gyrstinge-\u00d8rslevvester lokalr\u00e5d &#8211; k\u00e6re medborgere. Jeg er meget glad for, at jeg m\u00e5 v\u00e6re med hos jer her i aften. Det er stort, at I kan fejre, at det er hele 40 \u00e5r siden, at 8 kloge mennesker satte &hellip; <a href=\"https:\/\/jan-jakobsen.dk\/?p=4111\">L\u00e6s resten <span class=\"meta-nav\">&rarr;<\/span><\/a><\/p>\n","protected":false},"author":3,"featured_media":0,"comment_status":"open","ping_status":"open","sticky":false,"template":"","format":"standard","meta":{"footnotes":""},"categories":[4,1],"tags":[],"class_list":["post-4111","post","type-post","status-publish","format-standard","hentry","category-blog","category-uncategorized"],"_links":{"self":[{"href":"https:\/\/jan-jakobsen.dk\/index.php?rest_route=\/wp\/v2\/posts\/4111","targetHints":{"allow":["GET"]}}],"collection":[{"href":"https:\/\/jan-jakobsen.dk\/index.php?rest_route=\/wp\/v2\/posts"}],"about":[{"href":"https:\/\/jan-jakobsen.dk\/index.php?rest_route=\/wp\/v2\/types\/post"}],"author":[{"embeddable":true,"href":"https:\/\/jan-jakobsen.dk\/index.php?rest_route=\/wp\/v2\/users\/3"}],"replies":[{"embeddable":true,"href":"https:\/\/jan-jakobsen.dk\/index.php?rest_route=%2Fwp%2Fv2%2Fcomments&post=4111"}],"version-history":[{"count":5,"href":"https:\/\/jan-jakobsen.dk\/index.php?rest_route=\/wp\/v2\/posts\/4111\/revisions"}],"predecessor-version":[{"id":4129,"href":"https:\/\/jan-jakobsen.dk\/index.php?rest_route=\/wp\/v2\/posts\/4111\/revisions\/4129"}],"wp:attachment":[{"href":"https:\/\/jan-jakobsen.dk\/index.php?rest_route=%2Fwp%2Fv2%2Fmedia&parent=4111"}],"wp:term":[{"taxonomy":"category","embeddable":true,"href":"https:\/\/jan-jakobsen.dk\/index.php?rest_route=%2Fwp%2Fv2%2Fcategories&post=4111"},{"taxonomy":"post_tag","embeddable":true,"href":"https:\/\/jan-jakobsen.dk\/index.php?rest_route=%2Fwp%2Fv2%2Ftags&post=4111"}],"curies":[{"name":"wp","href":"https:\/\/api.w.org\/{rel}","templated":true}]}}