{"id":4107,"date":"2015-05-30T11:29:25","date_gmt":"2015-05-30T09:29:25","guid":{"rendered":"http:\/\/jan-jakobsen.dk\/?p=4107"},"modified":"2015-05-31T17:05:32","modified_gmt":"2015-05-31T15:05:32","slug":"hvordan-vi-skaber-social-forandring","status":"publish","type":"post","link":"https:\/\/jan-jakobsen.dk\/?p=4107","title":{"rendered":"Hvordan vi skaber social forandring"},"content":{"rendered":"<p><img loading=\"lazy\" decoding=\"async\" class=\"alignright wp-image-4108 size-large\" src=\"https:\/\/jan-jakobsen.dk\/https:\/\/jan-jakobsen.dk\/wp-content\/uploads\/2015\/05\/IMG_0184-2-680x375.jpg\" alt=\"IMG_0184-2\" width=\"640\" height=\"353\" srcset=\"https:\/\/jan-jakobsen.dk\/http:\/\/jan-jakobsen.dk\/wp-content\/uploads\/2015\/05\/IMG_0184-2-680x375.jpg 680w, https:\/\/jan-jakobsen.dk\/http:\/\/jan-jakobsen.dk\/wp-content\/uploads\/2015\/05\/IMG_0184-2-300x165.jpg 300w, https:\/\/jan-jakobsen.dk\/http:\/\/jan-jakobsen.dk\/wp-content\/uploads\/2015\/05\/IMG_0184-2.jpg 699w\" sizes=\"auto, (max-width: 640px) 100vw, 640px\" \/><\/p>\n<p>KL&#8217;s Social- og Sundhedspolitiske Forum i Aalborg havde fredag 29. maj som et af de sidste punkter p\u00e5 programmet et tema om, hvordan vi skaber social forandring.<!--more--><\/p>\n<p>De medvirkende var Stine Bosse, formand for R\u00e5det for Social\u00f8konomiske Virksomheder, Rud Ellegaard, politiassistent, Lokalpolitiet Indre by i K\u00f8benhavn, Sille Krukow, adf\u00e6rdsdesigner, KRUKOW og Peter N\u00f8rgaard, kreativ k\u00f8bmand\/direkt\u00f8r, Creativ Company A\/S.<\/p>\n<p>Et vigtigt budskab var, at social forandring handler om aktiv deltagelse og indsats &#8211; ogs\u00e5 fra erhvervslivet\u00a0for at skabe rummelighed og social\u00f8konomiske virksomheder. I valgkampen kan det v\u00e6re en god ide at s\u00e6tte fokus p\u00e5, hvilke partier, der reelt \u00f8nsker at fremme denne proces uden forbehold og klynkeri p\u00e5 erhvervslivets vegne.<\/p>\n<p>#jjnyhed #handicap #handicapdk #handipol<\/p>\n","protected":false},"excerpt":{"rendered":"<p>KL&#8217;s Social- og Sundhedspolitiske Forum i Aalborg havde fredag 29. maj som et af de sidste punkter p\u00e5 programmet et tema om, hvordan vi skaber social forandring.<\/p>\n","protected":false},"author":3,"featured_media":0,"comment_status":"open","ping_status":"open","sticky":false,"template":"","format":"standard","meta":{"footnotes":""},"categories":[3,1],"tags":[],"class_list":["post-4107","post","type-post","status-publish","format-standard","hentry","category-handicapdebat","category-uncategorized"],"_links":{"self":[{"href":"https:\/\/jan-jakobsen.dk\/index.php?rest_route=\/wp\/v2\/posts\/4107","targetHints":{"allow":["GET"]}}],"collection":[{"href":"https:\/\/jan-jakobsen.dk\/index.php?rest_route=\/wp\/v2\/posts"}],"about":[{"href":"https:\/\/jan-jakobsen.dk\/index.php?rest_route=\/wp\/v2\/types\/post"}],"author":[{"embeddable":true,"href":"https:\/\/jan-jakobsen.dk\/index.php?rest_route=\/wp\/v2\/users\/3"}],"replies":[{"embeddable":true,"href":"https:\/\/jan-jakobsen.dk\/index.php?rest_route=%2Fwp%2Fv2%2Fcomments&post=4107"}],"version-history":[{"count":2,"href":"https:\/\/jan-jakobsen.dk\/index.php?rest_route=\/wp\/v2\/posts\/4107\/revisions"}],"predecessor-version":[{"id":4130,"href":"https:\/\/jan-jakobsen.dk\/index.php?rest_route=\/wp\/v2\/posts\/4107\/revisions\/4130"}],"wp:attachment":[{"href":"https:\/\/jan-jakobsen.dk\/index.php?rest_route=%2Fwp%2Fv2%2Fmedia&parent=4107"}],"wp:term":[{"taxonomy":"category","embeddable":true,"href":"https:\/\/jan-jakobsen.dk\/index.php?rest_route=%2Fwp%2Fv2%2Fcategories&post=4107"},{"taxonomy":"post_tag","embeddable":true,"href":"https:\/\/jan-jakobsen.dk\/index.php?rest_route=%2Fwp%2Fv2%2Ftags&post=4107"}],"curies":[{"name":"wp","href":"https:\/\/api.w.org\/{rel}","templated":true}]}}