{"id":4099,"date":"2015-05-28T19:00:06","date_gmt":"2015-05-28T17:00:06","guid":{"rendered":"http:\/\/jan-jakobsen.dk\/?p=4099"},"modified":"2015-05-31T17:06:47","modified_gmt":"2015-05-31T15:06:47","slug":"brugerne-mangler-tillid-til-kommunerne-2","status":"publish","type":"post","link":"https:\/\/jan-jakobsen.dk\/?p=4099","title":{"rendered":"Brugerne mangler tillid til kommunerne"},"content":{"rendered":"<p><img loading=\"lazy\" decoding=\"async\" class=\"alignright size-medium wp-image-4104\" src=\"https:\/\/jan-jakobsen.dk\/https:\/\/jan-jakobsen.dk\/wp-content\/uploads\/2015\/05\/IMG_0002-kopi-300x199.jpg\" alt=\"IMG_0002 kopi\" width=\"300\" height=\"199\" srcset=\"https:\/\/jan-jakobsen.dk\/http:\/\/jan-jakobsen.dk\/wp-content\/uploads\/2015\/05\/IMG_0002-kopi-300x199.jpg 300w, https:\/\/jan-jakobsen.dk\/http:\/\/jan-jakobsen.dk\/wp-content\/uploads\/2015\/05\/IMG_0002-kopi-680x450.jpg 680w, https:\/\/jan-jakobsen.dk\/http:\/\/jan-jakobsen.dk\/wp-content\/uploads\/2015\/05\/IMG_0002-kopi.jpg 1797w\" sizes=\"auto, (max-width: 300px) 100vw, 300px\" \/>Har lige h\u00f8rt Tue Byskov B\u00f8tkj\u00e6r (formand for Det Centrale Handicapr\u00e5d) gennemg\u00e5 den spritnye unders\u00f8gelse &#8220;DCH&#8217;s Gapanalyse&#8221;. Den fort\u00e6ller om en meget forskellig opfattelse af sagsbehandlingen p\u00e5 handicapomr\u00e5det i kommunerne alt efter om man sp\u00f8rger brugerne eller administrationen. Brugerne vurderer absolut indsatsen d\u00e5rligere.<\/p>\n<p>Der er ikke noget nyt i det for os, der kender b\u00e5de kommunerne og den f\u00f8rte handicappolitik.<!--more--><\/p>\n<p>Det er alvorligt, og KL og kommunerne b\u00e6rer selv en stor del af ansvaret for, at det er sket. Det var vel grunden til, at den blev gennemg\u00e5et p\u00e5 KLs session &#8220;Tillidsbrist p\u00e5 handicapomr\u00e5det? \u2013 hvad skal vi g\u00f8re ved det?&#8221;<\/p>\n<p>Skal vi fremadrettet g\u00f8re noget alvorligt ved det, s\u00e5 skal vi erkende det som et politisk problem. Dybest set handler det om, hvad vi med rimelighed kan og skal l\u00f8se i kommunerne. L\u00f8sningen ang\u00e5r alts\u00e5 b\u00e5de Folketing og kommuner.<\/p>\n<p>Sp\u00f8rg ved valgm\u00f8derne op til 18. juni, hvad folketingspolitikerne vil g\u00f8re og hvorn\u00e5r de vil tage ansvar for at stadig flere opgaver sendes ud i kommunerne uden at kommunerne har rimelige faglige eller \u00f8konomiske ressourcer&#8230;<\/p>\n<p>&nbsp;<\/p>\n<p>Du finder unders\u00f8gelsen her:\u00a0<a href=\"http:\/\/www.dch.dk\/Nyheder\/ny-unders\u00f8gelse-lyt-til-borgerne\">Lyt til brugerne<\/a><\/p>\n","protected":false},"excerpt":{"rendered":"<p>Har lige h\u00f8rt Tue Byskov B\u00f8tkj\u00e6r (formand for Det Centrale Handicapr\u00e5d) gennemg\u00e5 den spritnye unders\u00f8gelse &#8220;DCH&#8217;s Gapanalyse&#8221;. Den fort\u00e6ller om en meget forskellig opfattelse af sagsbehandlingen p\u00e5 handicapomr\u00e5det i kommunerne alt efter om man sp\u00f8rger brugerne eller administrationen. Brugerne vurderer &hellip; <a href=\"https:\/\/jan-jakobsen.dk\/?p=4099\">L\u00e6s resten <span class=\"meta-nav\">&rarr;<\/span><\/a><\/p>\n","protected":false},"author":3,"featured_media":0,"comment_status":"open","ping_status":"open","sticky":false,"template":"","format":"standard","meta":{"footnotes":""},"categories":[1],"tags":[],"class_list":["post-4099","post","type-post","status-publish","format-standard","hentry","category-uncategorized"],"_links":{"self":[{"href":"https:\/\/jan-jakobsen.dk\/index.php?rest_route=\/wp\/v2\/posts\/4099","targetHints":{"allow":["GET"]}}],"collection":[{"href":"https:\/\/jan-jakobsen.dk\/index.php?rest_route=\/wp\/v2\/posts"}],"about":[{"href":"https:\/\/jan-jakobsen.dk\/index.php?rest_route=\/wp\/v2\/types\/post"}],"author":[{"embeddable":true,"href":"https:\/\/jan-jakobsen.dk\/index.php?rest_route=\/wp\/v2\/users\/3"}],"replies":[{"embeddable":true,"href":"https:\/\/jan-jakobsen.dk\/index.php?rest_route=%2Fwp%2Fv2%2Fcomments&post=4099"}],"version-history":[{"count":3,"href":"https:\/\/jan-jakobsen.dk\/index.php?rest_route=\/wp\/v2\/posts\/4099\/revisions"}],"predecessor-version":[{"id":4131,"href":"https:\/\/jan-jakobsen.dk\/index.php?rest_route=\/wp\/v2\/posts\/4099\/revisions\/4131"}],"wp:attachment":[{"href":"https:\/\/jan-jakobsen.dk\/index.php?rest_route=%2Fwp%2Fv2%2Fmedia&parent=4099"}],"wp:term":[{"taxonomy":"category","embeddable":true,"href":"https:\/\/jan-jakobsen.dk\/index.php?rest_route=%2Fwp%2Fv2%2Fcategories&post=4099"},{"taxonomy":"post_tag","embeddable":true,"href":"https:\/\/jan-jakobsen.dk\/index.php?rest_route=%2Fwp%2Fv2%2Ftags&post=4099"}],"curies":[{"name":"wp","href":"https:\/\/api.w.org\/{rel}","templated":true}]}}