{"id":4054,"date":"2015-04-26T10:34:21","date_gmt":"2015-04-26T08:34:21","guid":{"rendered":"http:\/\/jan-jakobsen.dk\/?p=4054"},"modified":"2015-04-26T15:29:51","modified_gmt":"2015-04-26T13:29:51","slug":"det-vil-muskelsvindfonden-i-dhs-forretningsudvalg","status":"publish","type":"post","link":"https:\/\/jan-jakobsen.dk\/?p=4054","title":{"rendered":"Det vil Muskelsvindfonden i DHs forretningsudvalg"},"content":{"rendered":"<div id=\"attachment_4055\" style=\"width: 205px\" class=\"wp-caption alignleft\"><img loading=\"lazy\" decoding=\"async\" aria-describedby=\"caption-attachment-4055\" class=\"wp-image-4055 size-medium\" src=\"https:\/\/jan-jakobsen.dk\/https:\/\/jan-jakobsen.dk\/wp-content\/uploads\/2015\/04\/DSC1189-195x300.jpg\" alt=\"Sammen med DHs formand Thorkild Olesen.\" width=\"195\" height=\"300\" srcset=\"https:\/\/jan-jakobsen.dk\/http:\/\/jan-jakobsen.dk\/wp-content\/uploads\/2015\/04\/DSC1189-195x300.jpg 195w, https:\/\/jan-jakobsen.dk\/http:\/\/jan-jakobsen.dk\/wp-content\/uploads\/2015\/04\/DSC1189.jpg 650w\" sizes=\"auto, (max-width: 195px) 100vw, 195px\" \/><p id=\"caption-attachment-4055\" class=\"wp-caption-text\">Sammen med DHs formand Thorkild Olesen.<\/p><\/div>\n<p>L\u00f8rdag den 25. april 2015 blev jeg for Muskelsvindfonden valgt ind i Danske Handicaporganisationers forretningsudvalg. Det skete p\u00e5 det \u00e5rlige repr\u00e6sentantskabsm\u00f8de, der fandt sted p\u00e5 Scandic Hvidovre. P\u00e5 m\u00f8det blev Thorkild Olesen (Dansk Blindesamfund) valgt til formand. Thorkild Olesen blev konstitueret som formand, da den tidligere formand Stig Langvad trak sig\u00a0pga at han takkede ja til et \u00a0nyt job. Thorkild Olesen blev valgt uden modkandidater. Der var til geng\u00e6ld kampvalg om n\u00e6stformandsposten, hvor der var opstillet 3 kandidater. Sif Holst fra Fibromyalgiforeningen blev valgt til denne post.<!--more--><\/p>\n<p>Der var fire kandidater til \u00e9n post i forretningsudvalget, som s\u00e5 tilfaldt Muskelsvindfonden. Det er f\u00f8rste gang Muskelsvindfonden stiller op til\u00a0Danske Handicaporganisationers forretningsudvalg. Det er dog en naturlig konsekvens af, at vi er en st\u00e6rk spiller p\u00e5 det handicappolitiske omr\u00e5de, at vi nu g\u00e5r mere aktivt ind p\u00e5\u00a0det politiske niveau i\u00a0Danske Handicaporganisationer. Uden en s\u00e5 st\u00e6rk organisation som Muskelsvindfonden i ryggen ville jeg heller aldrig\u00a0binde an med opgaven.<\/p>\n<p>Jeg gl\u00e6der mig til arbejdet for at skabe de bedste vilk\u00e5r\u00a0for alle mennesker med handicap.\u00a0Det kan vel ikke g\u00f8res et bedre sted end i\u00a0den mangfoldighed\u00a0af ikke f\u00e6rre end 33\u00a0handicapforeninger, som\u00a0DH\u00a0er.<\/p>\n<p>P\u00e5\u00a0repr\u00e6sentantskabsm\u00f8det var der sat tid af til, at hver kandidat kunne pr\u00e6sentere sig. Min pr\u00e6sentation l\u00f8d s\u00e5dan:<\/p>\n<div id=\"attachment_4056\" style=\"width: 310px\" class=\"wp-caption alignleft\"><img loading=\"lazy\" decoding=\"async\" aria-describedby=\"caption-attachment-4056\" class=\"wp-image-4056 size-medium\" src=\"https:\/\/jan-jakobsen.dk\/https:\/\/jan-jakobsen.dk\/wp-content\/uploads\/2015\/04\/DSC1168-300x210.jpg\" alt=\"_DSC1168\" width=\"300\" height=\"210\" srcset=\"https:\/\/jan-jakobsen.dk\/http:\/\/jan-jakobsen.dk\/wp-content\/uploads\/2015\/04\/DSC1168-300x210.jpg 300w, https:\/\/jan-jakobsen.dk\/http:\/\/jan-jakobsen.dk\/wp-content\/uploads\/2015\/04\/DSC1168-680x477.jpg 680w, https:\/\/jan-jakobsen.dk\/http:\/\/jan-jakobsen.dk\/wp-content\/uploads\/2015\/04\/DSC1168.jpg 1000w\" sizes=\"auto, (max-width: 300px) 100vw, 300px\" \/><p id=\"caption-attachment-4056\" class=\"wp-caption-text\">Under freml\u00e6ggelsen af pr\u00e6sentationen.<\/p><\/div>\n<p>Jeg hedder Jan Jakobsen. Jeg er 60 \u00e5r gammel. Jeg har muskelsvind, og har haft det hele mit liv.<\/p>\n<p>Jeg har arbejdet med handikappolitik siden 1976. Kodeordene har v\u00e6ret, at det er n\u00f8dvendigt, udviklende, inspirerende og \u00ad- midt i det hele -\u00ad ogs\u00e5 nytter \u00ad og er sjovt, hvis det ikke er et upassende ord at bruge.<\/p>\n<p>Jeg har en bachelorgrad i kommunikation fra RUC og har arbejdet med formidling og journalistik siden 1987. I dag er jeg kommunikationsmedarbejder p\u00e5 en folkeskole med en centerskole for b\u00f8rn med handikap. Her m\u00f8der vi inklusionen i hverdagen \u00ad- b\u00e5de mulighederne og umulighederne.<\/p>\n<p>Jeg kommer fra Muskelsvindfonden. Her arbejder vi for &#8220;plads til forskelle&#8221;. Det handler ikke kun om muskelsvind. Det handler om et f\u00e6lles samfund med plads til alle uanset handicap eller andre udfordringer.<\/p>\n<p>Jeg sidder p\u00e5 7. \u00e5r i muskelsvindfondens bestyrelse. Her ser vi handikappolitik og \u00f8konomi i sammenh\u00e6ng. At vi er en uafh\u00e6ngig organisation, der kan st\u00f8tte vores medlemmer i den daglige kamp for et v\u00e6rdigt liv, bunder i, at vi sikrer os \u00f8konomisk. Dette fokus har DH ogs\u00e5, men det skal styrkes. Det er foruds\u00e6tningen for at vi kan st\u00f8tte vores lokale handikapr\u00e5d. Vi skal sikre stadig bedre sammenh\u00e6ng mellem handikappolitik, struktur og \u00f8konomi. Jeg ved det, fordi jeg ogs\u00e5 sidder som formand for Ringsted Handikapr\u00e5d. I handicapr\u00e5dene bokser vi alle dagligt med problemerne. DH skal hele tiden have en klar strategi for, hvordan vi kl\u00e6der de lokale DH-\u00adorganisationer p\u00e5 til den virkelighed, hvor udfordringerne mere og mere er ude i kommunerne.<\/p>\n<div class=\"page\" title=\"Page 2\">\n<div class=\"section\">\n<div class=\"layoutArea\">\n<div class=\"column\">\n<div id=\"attachment_4063\" style=\"width: 297px\" class=\"wp-caption alignright\"><img loading=\"lazy\" decoding=\"async\" aria-describedby=\"caption-attachment-4063\" class=\"size-medium wp-image-4063\" src=\"https:\/\/jan-jakobsen.dk\/https:\/\/jan-jakobsen.dk\/wp-content\/uploads\/2015\/04\/Sif-Holst-287x300.jpg\" alt=\"Sif Holst - ny p\u00e5 n\u00e6stformandsposten i DH.\" width=\"287\" height=\"300\" srcset=\"https:\/\/jan-jakobsen.dk\/http:\/\/jan-jakobsen.dk\/wp-content\/uploads\/2015\/04\/Sif-Holst-287x300.jpg 287w, https:\/\/jan-jakobsen.dk\/http:\/\/jan-jakobsen.dk\/wp-content\/uploads\/2015\/04\/Sif-Holst-680x710.jpg 680w, https:\/\/jan-jakobsen.dk\/http:\/\/jan-jakobsen.dk\/wp-content\/uploads\/2015\/04\/Sif-Holst.jpg 2005w\" sizes=\"auto, (max-width: 287px) 100vw, 287px\" \/><p id=\"caption-attachment-4063\" class=\"wp-caption-text\">Sif Holst &#8211; ny p\u00e5 n\u00e6stformandsposten i DH.<\/p><\/div>\n<p>Jeg sidder desuden i Ringsted byr\u00e5d og har gjort det siden 2002. Det har givet mig mange politiske erfaringer. Det er ogs\u00e5 en m\u00e5de at \u00e5bne \u00f8jnene hos andre for, at vi med handicap b\u00e5de har muligheder for, ret til og pligt til at v\u00e6re en del af det store og \u00e6gte f\u00e6llesskab. Vi kan agitere for, at vi alle kan bidrage med noget.<\/p>\n<p>Der er mindst 2 egenskaber, vi har brug for, n\u00e5r alt dette skal lykkes. Det er st\u00e6dighed og viden om de vilk\u00e5r, vi har at k\u00e6mpe under. Vi kan ikke bare vente p\u00e5, at verden bliver god igen. Det kr\u00e6ver indsats fra alle os, der er her. Det kr\u00e6ver internationalt samarbejde. Det er vi gode til. Men det kr\u00e6ver ogs\u00e5, at vi er rigtig gode til at fort\u00e6lle, hvorfor mangfoldighed, sektoransvar, solidaritet og ikke mindst kompensation er s\u00e5 vigtigt. Det stiller krav til os selv. Det kr\u00e6ver ogs\u00e5 mod til at kaste gammelt v\u00e6k. I Muskelsvindfonden vil vi gerne v\u00e6re med \u00ad og vi t\u00f8r godt s\u00e6tte fingeren p\u00e5, hvad der skal til for, at DH er den organisation, der modsvarer de krav, vi skal indfri, n\u00e5r det skal lykkes.<\/p>\n<\/div>\n<\/div>\n<\/div>\n<\/div>\n","protected":false},"excerpt":{"rendered":"<p>L\u00f8rdag den 25. april 2015 blev jeg for Muskelsvindfonden valgt ind i Danske Handicaporganisationers forretningsudvalg. Det skete p\u00e5 det \u00e5rlige repr\u00e6sentantskabsm\u00f8de, der fandt sted p\u00e5 Scandic Hvidovre. P\u00e5 m\u00f8det blev Thorkild Olesen (Dansk Blindesamfund) valgt til formand. Thorkild Olesen blev &hellip; <a href=\"https:\/\/jan-jakobsen.dk\/?p=4054\">L\u00e6s resten <span class=\"meta-nav\">&rarr;<\/span><\/a><\/p>\n","protected":false},"author":3,"featured_media":0,"comment_status":"open","ping_status":"open","sticky":false,"template":"","format":"standard","meta":{"footnotes":""},"categories":[3,1],"tags":[],"class_list":["post-4054","post","type-post","status-publish","format-standard","hentry","category-handicapdebat","category-uncategorized"],"_links":{"self":[{"href":"https:\/\/jan-jakobsen.dk\/index.php?rest_route=\/wp\/v2\/posts\/4054","targetHints":{"allow":["GET"]}}],"collection":[{"href":"https:\/\/jan-jakobsen.dk\/index.php?rest_route=\/wp\/v2\/posts"}],"about":[{"href":"https:\/\/jan-jakobsen.dk\/index.php?rest_route=\/wp\/v2\/types\/post"}],"author":[{"embeddable":true,"href":"https:\/\/jan-jakobsen.dk\/index.php?rest_route=\/wp\/v2\/users\/3"}],"replies":[{"embeddable":true,"href":"https:\/\/jan-jakobsen.dk\/index.php?rest_route=%2Fwp%2Fv2%2Fcomments&post=4054"}],"version-history":[{"count":5,"href":"https:\/\/jan-jakobsen.dk\/index.php?rest_route=\/wp\/v2\/posts\/4054\/revisions"}],"predecessor-version":[{"id":4064,"href":"https:\/\/jan-jakobsen.dk\/index.php?rest_route=\/wp\/v2\/posts\/4054\/revisions\/4064"}],"wp:attachment":[{"href":"https:\/\/jan-jakobsen.dk\/index.php?rest_route=%2Fwp%2Fv2%2Fmedia&parent=4054"}],"wp:term":[{"taxonomy":"category","embeddable":true,"href":"https:\/\/jan-jakobsen.dk\/index.php?rest_route=%2Fwp%2Fv2%2Fcategories&post=4054"},{"taxonomy":"post_tag","embeddable":true,"href":"https:\/\/jan-jakobsen.dk\/index.php?rest_route=%2Fwp%2Fv2%2Ftags&post=4054"}],"curies":[{"name":"wp","href":"https:\/\/api.w.org\/{rel}","templated":true}]}}