{"id":4047,"date":"2015-04-22T19:05:21","date_gmt":"2015-04-22T17:05:21","guid":{"rendered":"http:\/\/jan-jakobsen.dk\/?p=4047"},"modified":"2015-04-26T11:09:41","modified_gmt":"2015-04-26T09:09:41","slug":"4047","status":"publish","type":"post","link":"https:\/\/jan-jakobsen.dk\/?p=4047","title":{"rendered":"Opstillet til forretningsudvalget i Danske Handicaporganisationer"},"content":{"rendered":"<p><img loading=\"lazy\" decoding=\"async\" class=\"alignleft wp-image-4048 size-medium\" src=\"https:\/\/jan-jakobsen.dk\/https:\/\/jan-jakobsen.dk\/wp-content\/uploads\/2015\/04\/jj-april-2015-300x254.jpg\" alt=\"jj april 2015\" width=\"300\" height=\"254\" srcset=\"https:\/\/jan-jakobsen.dk\/http:\/\/jan-jakobsen.dk\/wp-content\/uploads\/2015\/04\/jj-april-2015-300x254.jpg 300w, https:\/\/jan-jakobsen.dk\/http:\/\/jan-jakobsen.dk\/wp-content\/uploads\/2015\/04\/jj-april-2015-680x575.jpg 680w, https:\/\/jan-jakobsen.dk\/http:\/\/jan-jakobsen.dk\/wp-content\/uploads\/2015\/04\/jj-april-2015.jpg 915w\" sizes=\"auto, (max-width: 300px) 100vw, 300px\" \/> Jeg er af Muskelsvindfonden indstillet til Danske Handicaporganisationers Forretningsudvalg. Det hedder p\u00e5 Muskelsvindfondens hjemmeside bl.a.:<\/p>\n<p>&#8220;&#8230;Beslutningen om at opstille et medlem af Muskelsvindfonden til forretningsudvalget er taget af formandskabet, i form af formand Evald Krog og n\u00e6stformand\u00a0 Janne Sander. Valget er faldet p\u00e5 Jan Jakobsen, der if\u00f8lge formandskabet har den rette handicappolitiske indsigt samt i kraft af hans kommunikationsuddannelse ogs\u00e5 menes at have konstruktive kompetencer, der kan bruges godt i DH\u2019s forretningsudvalg.<!--more--><\/p>\n<p>Repr\u00e6sentantskabsm\u00f8det i DH er en \u00e5rlig begivenhed for DH\u2019s lokale afdelinger og medlemsorganisationer, hvor der v\u00e6lges syv personer til det forretningsudvalg, der har den daglige ledelse af DH.<\/p>\n<p>Muskelsvindfonden opfordrer de delegerede til at stemme p\u00e5 Jan Jakobsen&#8230;&#8221;<\/p>\n<p>Det hedder i den indstilling, der er sendt DH yderligere, at &#8220;&#8230;Jan Jakobsen er en af Muskelsvindfondens st\u00e6rkeste ledelseskapaciteter. Han har siddet i Muskelsvindfondens bestyrelse gennem mange \u00e5r og derigennem v\u00e6ret med til at tr\u00e6ffe sv\u00e6re \u00f8konomiske, politiske og organisatoriske beslutninger med stor kompleksitet. Hans virke som byr\u00e5dsmedlem i flere valgperioder har samtidig givet ham stor erfaring med politiske processer langt uden for handicapbev\u00e6gelsens r\u00e6kker.<\/p>\n<p>Jans styrke er, at han kan bidrage til at skabe sammenh\u00e6ng mellem de handikappolitiske m\u00e5l og den organisatoriske struktur, der m\u00f8der st\u00e6rke centrale udfordringer. Han vil ogs\u00e5 v\u00e6re en st\u00e6rk kapacitet i arbejdet med at l\u00e6gge strategi og kl\u00e6de de lokale medlemsorganisationer p\u00e5 i en virkelighed, hvor udfordringerne mere og mere ligger i de enkelte kommuner.<\/p>\n<p>Jan vil i kraft af sin uddannelse og erfaring med kommunikation ogs\u00e5 kunne medvirke til at styrke DHs position og profil i offentligheden&#8230;&#8221;.<\/p>\n<p>Jeg synes personligt, at det er vigtigt, at vi har en st\u00e6rk samlet organisering i handicapbev\u00e6gelsen. Det er derfor vigtigt, at vi s\u00e6tter ressourcer af til det, og jeg vil g\u00e5 seri\u00f8st ind i arbejdet, hvis jeg bliver valgt.<\/p>\n","protected":false},"excerpt":{"rendered":"<p>Jeg er af Muskelsvindfonden indstillet til Danske Handicaporganisationers Forretningsudvalg. Det hedder p\u00e5 Muskelsvindfondens hjemmeside bl.a.: &#8220;&#8230;Beslutningen om at opstille et medlem af Muskelsvindfonden til forretningsudvalget er taget af formandskabet, i form af formand Evald Krog og n\u00e6stformand\u00a0 Janne Sander. Valget &hellip; <a href=\"https:\/\/jan-jakobsen.dk\/?p=4047\">L\u00e6s resten <span class=\"meta-nav\">&rarr;<\/span><\/a><\/p>\n","protected":false},"author":3,"featured_media":0,"comment_status":"open","ping_status":"open","sticky":false,"template":"","format":"standard","meta":{"footnotes":""},"categories":[3,1],"tags":[],"class_list":["post-4047","post","type-post","status-publish","format-standard","hentry","category-handicapdebat","category-uncategorized"],"_links":{"self":[{"href":"https:\/\/jan-jakobsen.dk\/index.php?rest_route=\/wp\/v2\/posts\/4047","targetHints":{"allow":["GET"]}}],"collection":[{"href":"https:\/\/jan-jakobsen.dk\/index.php?rest_route=\/wp\/v2\/posts"}],"about":[{"href":"https:\/\/jan-jakobsen.dk\/index.php?rest_route=\/wp\/v2\/types\/post"}],"author":[{"embeddable":true,"href":"https:\/\/jan-jakobsen.dk\/index.php?rest_route=\/wp\/v2\/users\/3"}],"replies":[{"embeddable":true,"href":"https:\/\/jan-jakobsen.dk\/index.php?rest_route=%2Fwp%2Fv2%2Fcomments&post=4047"}],"version-history":[{"count":5,"href":"https:\/\/jan-jakobsen.dk\/index.php?rest_route=\/wp\/v2\/posts\/4047\/revisions"}],"predecessor-version":[{"id":4061,"href":"https:\/\/jan-jakobsen.dk\/index.php?rest_route=\/wp\/v2\/posts\/4047\/revisions\/4061"}],"wp:attachment":[{"href":"https:\/\/jan-jakobsen.dk\/index.php?rest_route=%2Fwp%2Fv2%2Fmedia&parent=4047"}],"wp:term":[{"taxonomy":"category","embeddable":true,"href":"https:\/\/jan-jakobsen.dk\/index.php?rest_route=%2Fwp%2Fv2%2Fcategories&post=4047"},{"taxonomy":"post_tag","embeddable":true,"href":"https:\/\/jan-jakobsen.dk\/index.php?rest_route=%2Fwp%2Fv2%2Ftags&post=4047"}],"curies":[{"name":"wp","href":"https:\/\/api.w.org\/{rel}","templated":true}]}}