{"id":4018,"date":"2015-03-31T09:19:57","date_gmt":"2015-03-31T07:19:57","guid":{"rendered":"http:\/\/jan-jakobsen.dk\/?p=4018"},"modified":"2015-03-31T09:19:57","modified_gmt":"2015-03-31T07:19:57","slug":"handicappet-og-inhabil","status":"publish","type":"post","link":"https:\/\/jan-jakobsen.dk\/?p=4018","title":{"rendered":"Handicappet og inhabil"},"content":{"rendered":"<p>Mandag den 30. marts behandlede byr\u00e5det i Fredensborg kommune et nedsk\u00e6ringsbudget p\u00e5 handicapomr\u00e5det. Forud gjorde man det radikale byr\u00e5dsmedlem Kristian Hegaards inhabil&#8230; fordi han selv har et handicap.<!--more--><\/p>\n<p>Jeg har set enkelte politikere fra Fredensborg, der pr\u00f8ver at forklare, at &#8220;det ganske s\u00e6rlige&#8221; i denne sag er, at Kristian som en ud af ni bliver ramt af en mikroskopisk detalje i hele det budget, som man har valgt at udelukke Kristian fra. Man bruger en lille teknikalitet til at udelukke Kristian Hegaard fra det store generelle budget, der vedr\u00f8rer mange andre end Kristian Hegaard selv. Det 1) g\u00f8r det til forskelsbehandling, 2) tvinger Kristian Hegaard ind i en sn\u00e6ver handicapposition. 3) det g\u00f8r det sv\u00e6rere endnu at rekruttere mennesker med handicap til demokratiske fora efter en pinlig batalje som denne. Det er generelt d\u00e5rligt for demokratiet og for mangfoldigheden.<\/p>\n<p>Selv om vi som politikere til en vis grad skal v\u00e6re &#8220;generalister&#8221;, s\u00e5 vil der altid v\u00e6re en drivkraft, der skaber foruds\u00e6tningerne for, at vi g\u00e5r ind i politik. Jeg er, som Kristian Hegaard, ogs\u00e5 byr\u00e5dspolitiker. Jeg har, ogs\u00e5 som Kristian, et handicap. Det er med til at p\u00e5virke og forme mig som person og er, i mit tilf\u00e6lde den aktivistiske basis, der g\u00f8r, at jeg besk\u00e6ftiger mig med politik og har gjort det i snart 40 \u00e5r.<\/p>\n<p>Som handicappede i byr\u00e5dsarbejdet skal vi ikke defineres p\u00e5 baggrund af vores handicap \u2013 for vi er jo meget mere end det, der har gjort, at vi har et handicap. Vi \u00f8nsker med de erfaringer og den viden, vi hver is\u00e6r har, at v\u00e6re med til at skabe de politiske platforme for den sociale samfundsmodel, vi \u00f8nsker at skabe. Jeg er ikke f\u00f8rst og fremmest handicappet. Jeg er f\u00f8rst og fremmest socialist og definerer mit politiske arbejde ud fra dette &#8211; og ikke mit handicap.<\/p>\n<p>Slipper Fredensborg Kommune afsted med dette her, har det vidtr\u00e6kkende konsekvenser for de fremtidige muligheder mennesker med handicap har for at indg\u00e5 i demokratiske sammenh\u00e6nge. Vi bliver tvunget til med sager som denne at t\u00e6nke med udgangspunkt i vores handicap uanset om vi selv \u00f8nsker det eller ej. Det f\u00f8rer til forskelsbehandling.<\/p>\n<p>Problemet i sagen om Kristian Hegaards inhabilitet er, at demokratiet ikke form\u00e5r at reagere i tide over for et byr\u00e5ds misgerninger. Det var den 16. marts et flertal i Social- og Seniorudvalget besluttede at g\u00f8re Kristian inhabil. Siden har Kristian arbejdet p\u00e5 at g\u00f8re pressen &#8220;interesseret&#8221; i sagen. Det er f\u00f8rst lykkedes at f\u00e5 en artikel i Politiken i dag &#8211; hvilket er for sent, for det er just i dag Fredensborg byr\u00e5d behandler sagen &#8211; og stadig uden at Kristians stemme bliver h\u00f8rt. Byr\u00e5det har f\u00e5et sin vilje og kan behandle sagen uden Kristians indblanden. Det er ikke den form for demokrati jeg vil!<\/p>\n","protected":false},"excerpt":{"rendered":"<p>Mandag den 30. marts behandlede byr\u00e5det i Fredensborg kommune et nedsk\u00e6ringsbudget p\u00e5 handicapomr\u00e5det. Forud gjorde man det radikale byr\u00e5dsmedlem Kristian Hegaards inhabil&#8230; fordi han selv har et handicap.<\/p>\n","protected":false},"author":3,"featured_media":0,"comment_status":"open","ping_status":"open","sticky":false,"template":"","format":"standard","meta":{"footnotes":""},"categories":[342],"tags":[],"class_list":["post-4018","post","type-post","status-publish","format-standard","hentry","category-foredragfb-debatoplaeg"],"_links":{"self":[{"href":"https:\/\/jan-jakobsen.dk\/index.php?rest_route=\/wp\/v2\/posts\/4018","targetHints":{"allow":["GET"]}}],"collection":[{"href":"https:\/\/jan-jakobsen.dk\/index.php?rest_route=\/wp\/v2\/posts"}],"about":[{"href":"https:\/\/jan-jakobsen.dk\/index.php?rest_route=\/wp\/v2\/types\/post"}],"author":[{"embeddable":true,"href":"https:\/\/jan-jakobsen.dk\/index.php?rest_route=\/wp\/v2\/users\/3"}],"replies":[{"embeddable":true,"href":"https:\/\/jan-jakobsen.dk\/index.php?rest_route=%2Fwp%2Fv2%2Fcomments&post=4018"}],"version-history":[{"count":1,"href":"https:\/\/jan-jakobsen.dk\/index.php?rest_route=\/wp\/v2\/posts\/4018\/revisions"}],"predecessor-version":[{"id":4019,"href":"https:\/\/jan-jakobsen.dk\/index.php?rest_route=\/wp\/v2\/posts\/4018\/revisions\/4019"}],"wp:attachment":[{"href":"https:\/\/jan-jakobsen.dk\/index.php?rest_route=%2Fwp%2Fv2%2Fmedia&parent=4018"}],"wp:term":[{"taxonomy":"category","embeddable":true,"href":"https:\/\/jan-jakobsen.dk\/index.php?rest_route=%2Fwp%2Fv2%2Fcategories&post=4018"},{"taxonomy":"post_tag","embeddable":true,"href":"https:\/\/jan-jakobsen.dk\/index.php?rest_route=%2Fwp%2Fv2%2Ftags&post=4018"}],"curies":[{"name":"wp","href":"https:\/\/api.w.org\/{rel}","templated":true}]}}