{"id":4015,"date":"2015-03-30T05:32:18","date_gmt":"2015-03-30T03:32:18","guid":{"rendered":"http:\/\/jan-jakobsen.dk\/?p=4015"},"modified":"2017-07-16T12:10:19","modified_gmt":"2017-07-16T10:10:19","slug":"helen-keller-et-handicap-ikon","status":"publish","type":"post","link":"https:\/\/jan-jakobsen.dk\/?p=4015","title":{"rendered":"Helen Keller &#8211; et handicap-ikon"},"content":{"rendered":"<p>For ikke s\u00e5 l\u00e6nge siden omtalte jeg p\u00e5 denne side et udm\u00e6rket indl\u00e6g i Politiken af Kristian Hegaard, der stillede sp\u00f8rgsm\u00e5let &#8220;hvorn\u00e5r har du sidst set en handikappet person v\u00e6re i pressen om andet end sit handikap?&#8221;<\/p>\n<p>Det fik mig til at t\u00e6nke p\u00e5 nogle citater af &#8220;handicap-ikonet&#8221; Helen Keller, som jeg engang faldt over.<!--more--><\/p>\n<p>Helen Keller er kendt for, at hun i en alder af 2 \u00e5r blev d\u00f8vblind som f\u00f8lge af en sygdom. I 5 \u00e5r levede hun totalt isoleret og man var usikker p\u00e5, hvor meget hun overhovedet forstod. Hun blev kendt for trods sit handicap at komme ud af denne isolation, f\u00e5 en akademisk uddannelse og som 24-\u00e5rig selv at skrive sin historie. Denne del af hendes historie er anerkendt og bruges i tide og utide til at bekr\u00e6fte enerens kamp for at vinde over sit handicap.<\/p>\n<p>Helen Keller har senere i sit forfatterskab beskrevet, hvordan alle var interesseret i at h\u00f8re om, hvad hun t\u00e6nkte og f\u00f8lte som seks-\u00e5rig &#8211; og hvor uinteressant, det var, hvad hun i\u00f8vrigt t\u00e6nkte og mente. At hun t\u00e6nkte meget l\u00e6ngere og havde nogle skarpe socialistiske standpunkter p\u00e5 sp\u00f8rgsm\u00e5l om ogs\u00e5 handicappedes situation og forblev aktivistisk p\u00e5 dette felt hele hendes liv, var man bestemt ikke til sinds at lytte til. Det var kun den sentimentale del af hendes historie, der var interessant.<\/p>\n<p>Man kan l\u00e6se mere om Helen Keller og hendes socialistiske holdninger i denne artikel i International Socialist Review: The politics of Helen Keller &#8211; Socialism and disability. Artiklen findes desv\u00e6rre kun p\u00e5 engelsk.<\/p>\n<p>http:\/\/isreview.org\/issue\/96\/politics-helen-keller<\/p>\n","protected":false},"excerpt":{"rendered":"<p>For ikke s\u00e5 l\u00e6nge siden omtalte jeg p\u00e5 denne side et udm\u00e6rket indl\u00e6g i Politiken af Kristian Hegaard, der stillede sp\u00f8rgsm\u00e5let &#8220;hvorn\u00e5r har du sidst set en handikappet person v\u00e6re i pressen om andet end sit handikap?&#8221; Det fik mig &hellip; <a href=\"https:\/\/jan-jakobsen.dk\/?p=4015\">L\u00e6s resten <span class=\"meta-nav\">&rarr;<\/span><\/a><\/p>\n","protected":false},"author":3,"featured_media":0,"comment_status":"open","ping_status":"open","sticky":false,"template":"","format":"standard","meta":{"footnotes":""},"categories":[342],"tags":[],"class_list":["post-4015","post","type-post","status-publish","format-standard","hentry","category-foredragfb-debatoplaeg"],"_links":{"self":[{"href":"https:\/\/jan-jakobsen.dk\/index.php?rest_route=\/wp\/v2\/posts\/4015","targetHints":{"allow":["GET"]}}],"collection":[{"href":"https:\/\/jan-jakobsen.dk\/index.php?rest_route=\/wp\/v2\/posts"}],"about":[{"href":"https:\/\/jan-jakobsen.dk\/index.php?rest_route=\/wp\/v2\/types\/post"}],"author":[{"embeddable":true,"href":"https:\/\/jan-jakobsen.dk\/index.php?rest_route=\/wp\/v2\/users\/3"}],"replies":[{"embeddable":true,"href":"https:\/\/jan-jakobsen.dk\/index.php?rest_route=%2Fwp%2Fv2%2Fcomments&post=4015"}],"version-history":[{"count":3,"href":"https:\/\/jan-jakobsen.dk\/index.php?rest_route=\/wp\/v2\/posts\/4015\/revisions"}],"predecessor-version":[{"id":7474,"href":"https:\/\/jan-jakobsen.dk\/index.php?rest_route=\/wp\/v2\/posts\/4015\/revisions\/7474"}],"wp:attachment":[{"href":"https:\/\/jan-jakobsen.dk\/index.php?rest_route=%2Fwp%2Fv2%2Fmedia&parent=4015"}],"wp:term":[{"taxonomy":"category","embeddable":true,"href":"https:\/\/jan-jakobsen.dk\/index.php?rest_route=%2Fwp%2Fv2%2Fcategories&post=4015"},{"taxonomy":"post_tag","embeddable":true,"href":"https:\/\/jan-jakobsen.dk\/index.php?rest_route=%2Fwp%2Fv2%2Ftags&post=4015"}],"curies":[{"name":"wp","href":"https:\/\/api.w.org\/{rel}","templated":true}]}}