{"id":3995,"date":"2015-03-21T18:37:42","date_gmt":"2015-03-21T17:37:42","guid":{"rendered":"http:\/\/jan-jakobsen.dk\/?p=3995"},"modified":"2015-03-21T19:25:35","modified_gmt":"2015-03-21T18:25:35","slug":"anbefaling-laes-artikel-af-torben-a-hansen","status":"publish","type":"post","link":"https:\/\/jan-jakobsen.dk\/?p=3995","title":{"rendered":"Anbefaling &#8211; l\u00e6s artikel af Torben A. Hansen"},"content":{"rendered":"<p><img loading=\"lazy\" decoding=\"async\" class=\"alignleft size-full wp-image-3996\" src=\"https:\/\/jan-jakobsen.dk\/https:\/\/jan-jakobsen.dk\/wp-content\/uploads\/2015\/03\/10421490_10204018834544749_8595299420026105332_n.jpg\" alt=\"10421490_10204018834544749_8595299420026105332_n\" width=\"206\" height=\"307\" srcset=\"https:\/\/jan-jakobsen.dk\/http:\/\/jan-jakobsen.dk\/wp-content\/uploads\/2015\/03\/10421490_10204018834544749_8595299420026105332_n.jpg 206w, https:\/\/jan-jakobsen.dk\/http:\/\/jan-jakobsen.dk\/wp-content\/uploads\/2015\/03\/10421490_10204018834544749_8595299420026105332_n-201x300.jpg 201w\" sizes=\"auto, (max-width: 206px) 100vw, 206px\" \/>Jeg vil gerne anbefale den artikel om handicappede i politik, der er gengivet nedenfor. Den er skrevet af en af mine gode kammerater i Enhedslisten, Torben Anton Hansen.<!--more--><\/p>\n<p>Der er en hel del &#8220;knaster&#8221; af den art, artiklen n\u00e6vner, som jeg synes det er vigtigt, der bliver taget h\u00e5nd om. Torben og jeg er s\u00e5 heldige at at v\u00e6re medlem af et parti, hvor man prioriterer dette h\u00f8jere end jeg har indtryk af, at man g\u00f8r det i andre partier. Det ligger mere i grundholdningen til mennesker. Og det kan blive endnu bedre, for vi skal l\u00e6re og forandre s\u00e5 l\u00e6nge vi lever. Vi er mange med handicap i Enhedslisten. Vi har mange erfaringer med politisk arbejde. Der g\u00f8r ogs\u00e5, at Torben i sit indl\u00e6g er i stand til kort og enkelt at s\u00e6tte tommelfingeren lige i \u00f8jet.<\/p>\n<p>Og hvorfor er det s\u00e5 vigtigt at vi er til stede i parlamentariske forsamlinger? Det er lige s\u00e5 vigtigt, at vi er der som s\u00e5 mange andre mennesker, der har virkeligheden inde p\u00e5 livet. D\u00e9r er ingen fortrinsadgang eller s\u00e6rbehandling. Vi taler for mangfoldigheden og imod, at politikere har udviklet sig til en s\u00e6rlig klasse med en s\u00e6rlig social, uddannelsesm\u00e6ssig baggrund og tale, der postulerer at repr\u00e6sentere &#8220;samfundets bedste&#8221;. Vi, der har andre sider inde p\u00e5 livet kan i et parti, der hylder og styrker mangfoldigheden, sammen med andre medlemmer, der hver is\u00e6r ogs\u00e5 har forskellige sider af livet med sig, skabe den virkelige forandring. En forandring, der bunder i mennesker og menneskesyn og ikke kun bliver en bevidstl\u00f8s gentagelse af de behov, som et samfund, der er bygget p\u00e5 pengemagt, igen og igen pr\u00f8ver at presse igennem. Vi er mangfoldigheden.<\/p>\n<p>&nbsp;<\/p>\n<p>L\u00e6s artiklen her:<\/p>\n<h1>Er der plads til handicappede i politik?<\/h1>\n<h2>Af Torben A. Hansen, Folketingskandidat for Enhedslisten i Ikast-Brande<\/h2>\n<p>Selvf\u00f8lgelig er der det, vil mange sige og jeg mener, naturligvis, men vi skal sl\u00e5s for det ogs\u00e5 mere end andre!<\/p>\n<p>Nu har jeg stillet op flere gange uden at blive valgt, men d\u00e9t har ikke haft noget med mit handicap at g\u00f8re! S\u00e5 ikke noget \u201dpiv\u201d i den retning!<\/p>\n<p>Der er dog ting, som kunne g\u00f8res lettere i selve valgkampen og til v\u00e6lgerm\u00f8der is\u00e6r, her t\u00e6nker jeg mest p\u00e5 de praktiske ting, som stole til alle kandidater, s\u00e5 vi alle er lige \u2013 der er for mange \u201dsmarte\u201d tiltag, hvor vi, som kandidater skal st\u00e5 op med eller uden borde, der er en urimelig situation at blive stillet i, som bev\u00e6gelsesh\u00e6mmet. Det vil ogs\u00e5 v\u00e6re hensigtsm\u00e6ssigt, hvis hver kandidat havde sin egen mikrofon, det ville give mere ro p\u00e5 for alle, men is\u00e6r eksempelvis for talehandicappede eller folk med nedsat koncentration.<\/p>\n<p>Som talehandicappet har jeg brug for mere taletid for at kunne n\u00e5 at sige samme m\u00e6ngde, som s\u00e5kaldte normale! Dette er der indtil nu ikke blevet taget hensyn til med begrundelsen, at jeg stiller op p\u00e5 samme betingelser som alle andre, men g\u00f8r jeg ogs\u00e5 det? Dette er klart i strid med handicapkonventionen, som siger, at mennesker med funktionsneds\u00e6ttelser skal kompenseres, s\u00e5ledes de kan deltage i samfundslivet og herunder det politiske liv.<\/p>\n<p>Der findes sikkert andre problemstillinger alt efter funktionsneds\u00e6ttelsens art, f.eks. tilg\u00e6ngelighed og forhold for blinde og svagtseende, d\u00f8ve mm. Forhold som umiddelbart virker enkle, men som kan g\u00f8re deltagelse i det politiske liv umuligt for den enkelte.<\/p>\n<p>N\u00e5r s\u00e5 en politiker med en funktionsneds\u00e6ttelse er valgt, har man s\u00e5 fra de forskellige instanser vurderet, hvilke tiltag, som skal til for, at vedkommende skal kunne fungere p\u00e5 lige vilk\u00e5r med kollegerne eller skal dette g\u00f8res hen ad vejen, s\u00e5ledes det bliver en langstrakt kamp for at f\u00e5 forholdene i orden?<\/p>\n<p>Her t\u00e6nker jeg p\u00e5 sekret\u00e6rhj\u00e6lp, mere taletid og partiske installationer for at afhj\u00e6lpe handicappets indflydelse p\u00e5 det parlamentariske arbejde. En af mine venner, der sidder i en kommunalbestyrelse, har m\u00e5tte vente 5 \u00e5r p\u00e5 en l\u00f8sning til brug af mus \u2013 det skete ret pludseligt ved, at en praktisk servicemedarbejder fandt p\u00e5 at s\u00e6tte en plade p\u00e5 en skuffe.<\/p>\n<p>Grunden til, at jeg har skrevet dette, er en grotest afg\u00f8relse fra Fredensborgs kommunes Social- og seniorudvalg, der besluttede, at det Radikale medlem Kristian Hegaard, som har et handicap, var inhabil i sager vdr. nedsk\u00e6ringer p\u00e5 handicapomr\u00e5det! En afg\u00f8relse, som forh\u00e5bentlig er indbragt for tilsynsr\u00e5det, da dette helt klar er diskriminerende for mennesker med en funktionsneds\u00e6ttelse, hvis de ikke kan v\u00e6re beslutningstagere i sager vdr. handicapomr\u00e5det, fordi selv har et handicap \u2013 dette ville svare til at for\u00e6ldre, som sidder i de demokratisk valgte forsamlinger ikke kunne deltage i afg\u00f8relser vdr. b\u00f8rneomr\u00e5det, og hvad med skatteydere i skattesager \u2013 K\u00e6re Fredensborg \u2013 det er en ommer!<\/p>\n<p>Det vil jeg i hvert tilf\u00e6lde h\u00e5be, fordi som politiker med en funktionsneds\u00e6ttelse har jeg selvf\u00f8lgelig en holdning til handicapomr\u00e5det og for mit vedkommende p\u00e5virker det ogs\u00e5 mit politiske arbejde. Det er bla. en grundene til, at jeg besk\u00e6ftiger mig med politik og stiller op til de forskelige valg, udover selvf\u00f8lgeligt hensynet til mit parti. Hvis jeg, som funktionsh\u00e6mmet, ikke kan deltage i beslutningsprocesserne, bare fordi jeg tilh\u00f8re en handicapgruppe, s\u00e5 er det en klar overtr\u00e6delse af FN-handicapkonventionen! Det h\u00e5ber jeg selvf\u00f8lgeligt ikke er tilf\u00e6ldet, men det giver noget at t\u00e6nke p\u00e5!<\/p>\n<p>&nbsp;<\/p>\n","protected":false},"excerpt":{"rendered":"<p>Jeg vil gerne anbefale den artikel om handicappede i politik, der er gengivet nedenfor. Den er skrevet af en af mine gode kammerater i Enhedslisten, Torben Anton Hansen.<\/p>\n","protected":false},"author":3,"featured_media":0,"comment_status":"open","ping_status":"open","sticky":false,"template":"","format":"standard","meta":{"footnotes":""},"categories":[342],"tags":[],"class_list":["post-3995","post","type-post","status-publish","format-standard","hentry","category-foredragfb-debatoplaeg"],"_links":{"self":[{"href":"https:\/\/jan-jakobsen.dk\/index.php?rest_route=\/wp\/v2\/posts\/3995","targetHints":{"allow":["GET"]}}],"collection":[{"href":"https:\/\/jan-jakobsen.dk\/index.php?rest_route=\/wp\/v2\/posts"}],"about":[{"href":"https:\/\/jan-jakobsen.dk\/index.php?rest_route=\/wp\/v2\/types\/post"}],"author":[{"embeddable":true,"href":"https:\/\/jan-jakobsen.dk\/index.php?rest_route=\/wp\/v2\/users\/3"}],"replies":[{"embeddable":true,"href":"https:\/\/jan-jakobsen.dk\/index.php?rest_route=%2Fwp%2Fv2%2Fcomments&post=3995"}],"version-history":[{"count":5,"href":"https:\/\/jan-jakobsen.dk\/index.php?rest_route=\/wp\/v2\/posts\/3995\/revisions"}],"predecessor-version":[{"id":4001,"href":"https:\/\/jan-jakobsen.dk\/index.php?rest_route=\/wp\/v2\/posts\/3995\/revisions\/4001"}],"wp:attachment":[{"href":"https:\/\/jan-jakobsen.dk\/index.php?rest_route=%2Fwp%2Fv2%2Fmedia&parent=3995"}],"wp:term":[{"taxonomy":"category","embeddable":true,"href":"https:\/\/jan-jakobsen.dk\/index.php?rest_route=%2Fwp%2Fv2%2Fcategories&post=3995"},{"taxonomy":"post_tag","embeddable":true,"href":"https:\/\/jan-jakobsen.dk\/index.php?rest_route=%2Fwp%2Fv2%2Ftags&post=3995"}],"curies":[{"name":"wp","href":"https:\/\/api.w.org\/{rel}","templated":true}]}}