{"id":3968,"date":"2015-03-05T03:27:18","date_gmt":"2015-03-05T02:27:18","guid":{"rendered":"http:\/\/jan-jakobsen.dk\/?p=3968"},"modified":"2015-03-05T03:27:55","modified_gmt":"2015-03-05T02:27:55","slug":"handikappede-og-medier-en-kommentar","status":"publish","type":"post","link":"https:\/\/jan-jakobsen.dk\/?p=3968","title":{"rendered":"Handikappede og medier &#8211; en kommentar"},"content":{"rendered":"<p>Hvorfor er der ikke plads til os handikappede i medierne?<\/p>\n<p>Hvorn\u00e5r har du sidst set en handikappet person v\u00e6re i pressen om andet end sit handikap?<!--more--><\/p>\n<p>Disse to sp\u00f8rgsm\u00e5l stiller en &#8220;kollega&#8221;, Kristian Hegaard, i et udm\u00e6rket indl\u00e6g i Politiken. Man fristes til at svare, at et hyppigt handikap hos ikke-handikappede, er at de kun kan se handikappet hos os handikappede.<\/p>\n<p>Og omvendt er paradokset (ikke fordi jeg er ved at blive Radikal (&#8230;kun radikaliseret)), at hvis ikke vi, der selv har et handikap, skulle k\u00e6mpe for retten til at v\u00e6re med trods et handikap, hvem skulle s\u00e5? Og for retten til at v\u00e6re andet end et handikap. Det kr\u00e6ver et fokus fra os selv &#8211; og evnen til ogs\u00e5 at slippe det&#8230; slippe og holde fast p\u00e5 \u00e9n gang. For mig er det vigtigt, at vi er her. At vi presser for at v\u00e6re en del. At vi f\u00f8rst og fremmest er mennesker. At vi k\u00e6mper for at v\u00e6re mennesker. Sammen med og for mennesker.<\/p>\n<p>Og n\u00e5ja, n\u00e5r alt kommer til alt, s\u00e5 er der intet hverken odi\u00f8st eller underligt i, at handikamp f\u00f8res af handikappede, kvindekamp af kvinder, homokamp af homoseksuelle osv. N\u00e5r bare vi ikke ser de enkelte gruppers kamp isoleret, men som en del af en st\u00f8rre solidarisk kamp, anser jeg det ikke som problematisk. S\u00e5 er det en styrke&#8230;<\/p>\n<p>L\u00e6s Kristian Hegaards indl\u00e6g her: http:\/\/pol.dk\/2572164<\/p>\n","protected":false},"excerpt":{"rendered":"<p>Hvorfor er der ikke plads til os handikappede i medierne? Hvorn\u00e5r har du sidst set en handikappet person v\u00e6re i pressen om andet end sit handikap?<\/p>\n","protected":false},"author":3,"featured_media":0,"comment_status":"open","ping_status":"open","sticky":false,"template":"","format":"standard","meta":{"footnotes":""},"categories":[342],"tags":[],"class_list":["post-3968","post","type-post","status-publish","format-standard","hentry","category-foredragfb-debatoplaeg"],"_links":{"self":[{"href":"https:\/\/jan-jakobsen.dk\/index.php?rest_route=\/wp\/v2\/posts\/3968","targetHints":{"allow":["GET"]}}],"collection":[{"href":"https:\/\/jan-jakobsen.dk\/index.php?rest_route=\/wp\/v2\/posts"}],"about":[{"href":"https:\/\/jan-jakobsen.dk\/index.php?rest_route=\/wp\/v2\/types\/post"}],"author":[{"embeddable":true,"href":"https:\/\/jan-jakobsen.dk\/index.php?rest_route=\/wp\/v2\/users\/3"}],"replies":[{"embeddable":true,"href":"https:\/\/jan-jakobsen.dk\/index.php?rest_route=%2Fwp%2Fv2%2Fcomments&post=3968"}],"version-history":[{"count":2,"href":"https:\/\/jan-jakobsen.dk\/index.php?rest_route=\/wp\/v2\/posts\/3968\/revisions"}],"predecessor-version":[{"id":3970,"href":"https:\/\/jan-jakobsen.dk\/index.php?rest_route=\/wp\/v2\/posts\/3968\/revisions\/3970"}],"wp:attachment":[{"href":"https:\/\/jan-jakobsen.dk\/index.php?rest_route=%2Fwp%2Fv2%2Fmedia&parent=3968"}],"wp:term":[{"taxonomy":"category","embeddable":true,"href":"https:\/\/jan-jakobsen.dk\/index.php?rest_route=%2Fwp%2Fv2%2Fcategories&post=3968"},{"taxonomy":"post_tag","embeddable":true,"href":"https:\/\/jan-jakobsen.dk\/index.php?rest_route=%2Fwp%2Fv2%2Ftags&post=3968"}],"curies":[{"name":"wp","href":"https:\/\/api.w.org\/{rel}","templated":true}]}}