{"id":3953,"date":"2015-01-29T00:15:19","date_gmt":"2015-01-28T23:15:19","guid":{"rendered":"http:\/\/jan-jakobsen.dk\/?p=3953"},"modified":"2015-01-29T00:18:24","modified_gmt":"2015-01-28T23:18:24","slug":"hvorfor-har-vi-ladet-os-vaelge-ind-i-handradet","status":"publish","type":"post","link":"https:\/\/jan-jakobsen.dk\/?p=3953","title":{"rendered":"Hvorfor har vi ladet os v\u00e6lge ind i Handicapr\u00e5det?"},"content":{"rendered":"<p><em><strong>I Ringsted handicapr\u00e5d besluttede vi for snart lang tid siden, at vi hver is\u00e6r skulle komme med et opl\u00e6g om, hvorfor vi har ladet os v\u00e6lge ind i r\u00e5det. I aften var det s\u00e5 min tur. <\/strong><\/em><\/p>\n<p><em><strong>Jeg valgte at formulere mit indl\u00e6g nogenlunde s\u00e5dan:<\/strong><\/em><\/p>\n<p>Jeg er kommet til at besk\u00e6ftige mig med handicap ved rene tilf\u00e6ldigheder. Den f\u00f8rste tilf\u00e6ldighed bestod i at min far og mor m\u00f8dte hinanden.<!--more--><\/p>\n<p>Den anden tilf\u00e6ldighed bestod i, at de begge var b\u00e6rere af en kromosomfejl. L\u00e6gerne kalder den recessiv. Foruds\u00e6tningen er at de begge er &#8220;b\u00e6rere&#8221; af en given sygdom. Det giver fire varianter for os som er b\u00f8rn af dem. Det er &#8220;rask&#8221;, &#8220;b\u00e6rer&#8221;, &#8220;b\u00e6rer&#8221; og &#8220;syg&#8221;. Jeg var s\u00e5 den \u201csyge\u201d i anf\u00f8rselstegn og resultatet er, at jeg har sygdomsygdommen Spinal Muskelatrofi type II.<\/p>\n<p>Det gjorde, at jeg kom til at besk\u00e6ftige mig med handicappolitik uden egentlig at ville det. Det er for mig, som s\u00e5 mange andre, der selv har et handicap, en foruds\u00e6tning, at der hele tiden \u00e6ndres i de muligheder, vi har at v\u00e6re mennesker med handicap p\u00e5. Det er en styrke, fordi vi bliver m\u00e5lrettet og en svaghed, fordi vi ikke er s\u00e5 t\u00e5lmodige som de, der kommer med en anden baggrund for at besk\u00e6ftige sig med handicappolitik. Der er mere alvor i det for os. Det er med vilje, jeg s\u00e6tter det op som en mods\u00e6tning, for det er det. Jeg bliver ihvertfald mere overf\u00f8lsom over for velmente fors\u00f8g p\u00e5 at g\u00f8re det at kunne v\u00e6re en del af et samfund med et handicap til en &#8220;humanistisk mulighed&#8221;. Vi er og bliver afh\u00e6ngige af en god handicappolitik p\u00e5 en helt anden m\u00e5de.<\/p>\n<p>Jeg har i mit liv har gjort mig nogle erfaringer. Jeg har p\u00e5 min vej m\u00f8dt mange professionelle, der kunne berige mig, gad give mig nogle klaps, spark og ballast med p\u00e5 vejen &#8211; men bag det hele er alligevel en kerne, man skal v\u00e6re i eller meget t\u00e6t p\u00e5 situationen for at kende.<\/p>\n<p>Jeg ved lidt om afh\u00e6ngighed og uafh\u00e6ngighed. At v\u00e6re i pubertet og ungdom og stadig afh\u00e6ngig af ens mor. At pr\u00f8ve at leve med k\u00e6rester og v\u00e6re afh\u00e6ngig der. N\u00e5r s\u00e5dan noget som ledsagerordninger bliver gjort til genstand for juristerier, s\u00e5 st\u00e5r jeg helt af og har desv\u00e6rre kun foragt til overs for det. Det er selvf\u00f8lgelig en svaghed.<\/p>\n<p>Jeg bliver dog ogs\u00e5 n\u00f8dt til at erkende, at man bliver b\u00e5de selvcentreret og egoistisk af at have et handicap, fordi man bare vil. Det skyldes jo, at livet, n\u00e5r alt kommer til alt, er dejligt. Og faktisk v\u00e6rd at k\u00e6mpe for. Jeg har i mange \u00e5r haft en fork\u00e6rlighed for en gammel katolsk b\u00f8n. Den lyder i al sin enkelthed: Giv mig sindsro til at acceptere de ting, jeg ikke kan \u00e6ndre, mod til at \u00e6ndre de ting, jeg kan, og visdom til at se forskellen. Det g\u00f8r mig ogs\u00e5 i bund og grund til en ret fantasil\u00f8s natur. Jeg har aldrig mere end ganske f\u00e5 sekunder \u00f8nsket mig et andet liv end det jeg har. Maude i Matador siger det s\u00e5 smukt: man m\u00e5 jo g\u00f8re, hvad man kan, d\u00e9r hvor man er sat.<\/p>\n<p>Det er hvad jeg kan byde ind med. Og til sidst: jeg betragter ikke selve det at v\u00e6re afh\u00e6ngig af andre som en katastrofe. Jeg ser afh\u00e6ngighed som at v\u00e6re en del af et f\u00e6llesskab. Det, jeg k\u00e6mper for, er ikke retten til at v\u00e6re sm\u00e5 \u00f8er, der skal kunne klare sig selv. Tv\u00e6rtimod. Det handler om retten til at v\u00e6re deltager og ikke tilskuer.<\/p>\n","protected":false},"excerpt":{"rendered":"<p>I Ringsted handicapr\u00e5d besluttede vi for snart lang tid siden, at vi hver is\u00e6r skulle komme med et opl\u00e6g om, hvorfor vi har ladet os v\u00e6lge ind i r\u00e5det. I aften var det s\u00e5 min tur. Jeg valgte at formulere &hellip; <a href=\"https:\/\/jan-jakobsen.dk\/?p=3953\">L\u00e6s resten <span class=\"meta-nav\">&rarr;<\/span><\/a><\/p>\n","protected":false},"author":3,"featured_media":0,"comment_status":"open","ping_status":"open","sticky":false,"template":"","format":"standard","meta":{"footnotes":""},"categories":[4,3,342],"tags":[],"class_list":["post-3953","post","type-post","status-publish","format-standard","hentry","category-blog","category-handicapdebat","category-foredragfb-debatoplaeg"],"_links":{"self":[{"href":"https:\/\/jan-jakobsen.dk\/index.php?rest_route=\/wp\/v2\/posts\/3953","targetHints":{"allow":["GET"]}}],"collection":[{"href":"https:\/\/jan-jakobsen.dk\/index.php?rest_route=\/wp\/v2\/posts"}],"about":[{"href":"https:\/\/jan-jakobsen.dk\/index.php?rest_route=\/wp\/v2\/types\/post"}],"author":[{"embeddable":true,"href":"https:\/\/jan-jakobsen.dk\/index.php?rest_route=\/wp\/v2\/users\/3"}],"replies":[{"embeddable":true,"href":"https:\/\/jan-jakobsen.dk\/index.php?rest_route=%2Fwp%2Fv2%2Fcomments&post=3953"}],"version-history":[{"count":2,"href":"https:\/\/jan-jakobsen.dk\/index.php?rest_route=\/wp\/v2\/posts\/3953\/revisions"}],"predecessor-version":[{"id":3955,"href":"https:\/\/jan-jakobsen.dk\/index.php?rest_route=\/wp\/v2\/posts\/3953\/revisions\/3955"}],"wp:attachment":[{"href":"https:\/\/jan-jakobsen.dk\/index.php?rest_route=%2Fwp%2Fv2%2Fmedia&parent=3953"}],"wp:term":[{"taxonomy":"category","embeddable":true,"href":"https:\/\/jan-jakobsen.dk\/index.php?rest_route=%2Fwp%2Fv2%2Fcategories&post=3953"},{"taxonomy":"post_tag","embeddable":true,"href":"https:\/\/jan-jakobsen.dk\/index.php?rest_route=%2Fwp%2Fv2%2Ftags&post=3953"}],"curies":[{"name":"wp","href":"https:\/\/api.w.org\/{rel}","templated":true}]}}