{"id":3889,"date":"2015-01-09T04:41:43","date_gmt":"2015-01-09T03:41:43","guid":{"rendered":"http:\/\/jan-jakobsen.dk\/?p=3889"},"modified":"2015-01-09T10:09:00","modified_gmt":"2015-01-09T09:09:00","slug":"nyt-om-ehsan-nayebi","status":"publish","type":"post","link":"https:\/\/jan-jakobsen.dk\/?p=3889","title":{"rendered":"Nyt om Ehsan Nayebi"},"content":{"rendered":"<p><img loading=\"lazy\" decoding=\"async\" class=\"alignleft size-full wp-image-3891\" src=\"https:\/\/jan-jakobsen.dk\/https:\/\/jan-jakobsen.dk\/wp-content\/uploads\/2015\/01\/10432998_1573061866238546_1608244253328099923_n-2.png\" alt=\"ehsan1\" width=\"402\" height=\"540\" srcset=\"https:\/\/jan-jakobsen.dk\/http:\/\/jan-jakobsen.dk\/wp-content\/uploads\/2015\/01\/10432998_1573061866238546_1608244253328099923_n-2.png 402w, https:\/\/jan-jakobsen.dk\/http:\/\/jan-jakobsen.dk\/wp-content\/uploads\/2015\/01\/10432998_1573061866238546_1608244253328099923_n-2-223x300.png 223w\" sizes=\"auto, (max-width: 402px) 100vw, 402px\" \/>Jeg har i dag v\u00e6ret i kontakt med Ehsan Nayebi. Som det kunne ses p\u00e5 den filmoptagelse, der er blevet delt i g\u00e5r og i dag, s\u00e5 blev Ehsans far i g\u00e5r afhentet af civilkl\u00e6dte betjente. Formodentlig med henblik p\u00e5 udvisning. Ehsan er nu alene uden sin far &#8211; det menneske, der er t\u00e6ttest p\u00e5 ham og har v\u00e6ret hans hj\u00e6lper hele tiden.<\/p>\n<p>Ehsan har ikke v\u00e6ret i kontakt med sin far siden faderen i g\u00e5r blev afhentet og f\u00f8rt bort til en meget uvis sk\u00e6bne. Ehsan er naturligvis p\u00e5virket af denne meget alvorlige situation.<!--more--><\/p>\n<p>M\u00e5ske kr\u00e6ver det, at man selv er afh\u00e6ngig af hj\u00e6lp fra andre mennesker og dermed har det t\u00e6t inde p\u00e5 livet, f\u00f8r man forst\u00e5r, hvad dette er for en alvorlig situation at blive bragt i. Alligevel vil jeg opfordre alle, der har et humanistisk sindelag i behold, om at udtrykke deres sympati med Ehsan Nayebi og sikre, at han sammen med sin far f\u00e5r lov til at blive i Danmark.<\/p>\n<p>Ehsan har, ligesom jeg, muskelsvind og er afh\u00e6ngig af hj\u00e6lp til at tr\u00e6kke vejret (respirationshj\u00e6lp). Den hj\u00e6lp, der skal til, kan han ikke f\u00e5, hvis han bliver hjemsendt til Afghanistan. Det vil v\u00e6re den sikre og smertefulde d\u00f8d for ham og svarer til tortur. Det er klart, at Ehsan t\u00e6nker meget p\u00e5 sin egen fremtid og ikke mindst p\u00e5 den umenneskelige adskillelse fra sin far, som helt aktuelt er problemet. I Ehsans situation er det vigtigt at have et menneske, man f\u00f8ler sig t\u00e6t p\u00e5 og har fortrolighed til, sammen med sig. Jeg ville, selv om jeg har hj\u00e6lpere hos mig hele tiden, n\u00f8dig blive afsk\u00e5ret fra det, der betyder mest for mig: min familie. Og da slet ikke i et fremmed land. Dilemmaet for Ehsan er, at her i landet kan han f\u00e5 den behandling, der kan sikre ham et godt liv. Det kan ikke passe, at vi er blevet et s\u00e5 kynisk folkef\u00e6rd, at vi ikke kan finde plads til Ehsan og hans far. V\u00e5gn nu op!<\/p>\n<p>Jeg skal hilse alle jer, der har tilkendegivet, at I bakker op om Ehsans forbliven og fortsatte behandling i Danmark og takke for st\u00f8tten. Det betyder meget for ham at opleve den st\u00f8tte, som I giver udtryk for. Ehsan l\u00e6gger dog ikke skjul p\u00e5, at han lige nu har endnu mere brug for st\u00f8tte end nogensinde. Sagen er g\u00e5et ind i en afg\u00f8rende fase og der er brug for, at s\u00e5 mange som overhovedet omtaler og deler viden om, hvad der sker i denne sag lige nu.<\/p>\n<p>Jeg h\u00e5ber, I alle vil bakke op i denne sag bl.a. ved at fort\u00e6lle andre om sagen, ved at &#8220;like&#8221; (y) Facebook-siden &#8220;Nej til hjemsendelse af Ehsan Nayebi&#8221; og ved at opfordre endnu flere af jeres venner til at like den ogs\u00e5. Det er en sag der betyder meget. \u00a0Den kan v\u00e6re med til at vise, at vi stadig er humanister i Danmark. P\u00e5 forh\u00e5nd tak, venner.. Som det kunne ses p\u00e5 den filmoptagelse, der er\u00a0blevet delt i g\u00e5r og i dag, s\u00e5 blev Ehsans far i g\u00e5r afhentet af civilkl\u00e6dte betjente. Formodentlig med henblik p\u00e5 udvisning. Ehsan er nu alene uden sin far &#8211; det menneske, der er t\u00e6ttest p\u00e5 ham og har v\u00e6ret hans hj\u00e6lper hele tiden.<\/p>\n<p>Ehsan har ikke v\u00e6ret i kontakt med sin far siden faderen i g\u00e5r blev afhentet og f\u00f8rt bort til en meget uvis sk\u00e6bne. Ehsan er naturligvis p\u00e5virket af denne meget alvorlige situation.<\/p>\n<p>M\u00e5ske kr\u00e6ver det, at man selv er afh\u00e6ngig af hj\u00e6lp fra andre mennesker og dermed har det t\u00e6t inde p\u00e5 livet, f\u00f8r man forst\u00e5r, hvad dette er for en alvorlig situation at blive bragt i. Alligevel vil jeg opfordre alle, der har et humanistisk sindelag i behold, om at udtrykke deres sympati med Ehsan Nayebi og sikre, at han sammen med sin far f\u00e5r lov til at blive i Danmark.<\/p>\n<p>Ehsan har, ligesom jeg, muskelsvind og er afh\u00e6ngig af hj\u00e6lp til at tr\u00e6kke vejret (respirationshj\u00e6lp). Den hj\u00e6lp, der skal til, kan han ikke f\u00e5, hvis han bliver hjemsendt til Afghanistan. Det vil v\u00e6re den sikre og smertefulde d\u00f8d for ham og svarer til tortur. Det er klart, at Ehsan t\u00e6nker meget p\u00e5 sin egen fremtid og ikke mindst p\u00e5 den umenneskelige adskillelse fra sin far, som helt aktuelt er problemet. I Ehsans situation er det vigtigt at have et menneske, man f\u00f8ler sig t\u00e6t p\u00e5 og har fortrolighed til, sammen med sig. Jeg ville, selv om jeg har hj\u00e6lpere hos mig hele tiden, n\u00f8dig blive afsk\u00e5ret fra det, der betyder mest for mig: min familie. Og da slet ikke i et fremmed land. Dilemmaet for Ehsan er, at her i landet kan han f\u00e5 den behandling, der kan sikre ham et godt liv. Det kan ikke passe, at vi er blevet et s\u00e5 kynisk folkef\u00e6rd, at vi ikke kan finde plads til Ehsan og hans far. V\u00e5gn nu op!<\/p>\n<p>Jeg skal hilse alle jer, der har tilkendegivet, at I bakker op om Ehsans forbliven og fortsatte behandling i Danmark og takke for st\u00f8tten. Det betyder meget for ham at opleve den st\u00f8tte, som I giver udtryk for. Ehsan l\u00e6gger dog ikke skjul p\u00e5, at han lige nu har endnu mere brug for st\u00f8tte end nogensinde. Sagen er g\u00e5et ind i en afg\u00f8rende fase og der er brug for, at s\u00e5 mange som overhovedet omtaler og deler viden om, hvad der sker i denne sag lige nu.<\/p>\n<p>Jeg h\u00e5ber, I alle vil bakke op i denne sag bl.a. ved at fort\u00e6lle andre om sagen, ved at &#8220;like&#8221; (y) Facebook-siden &#8220;Nej til hjemsendelse af Ehsan Nayebi&#8221; og ved at opfordre endnu flere af jeres venner til at like den ogs\u00e5. Det er en sag der betyder meget. \u00a0Den kan v\u00e6re med til at vise, at vi stadig er humanister i Danmark. P\u00e5 forh\u00e5nd tak, venner.<\/p>\n","protected":false},"excerpt":{"rendered":"<p>Jeg har i dag v\u00e6ret i kontakt med Ehsan Nayebi. Som det kunne ses p\u00e5 den filmoptagelse, der er blevet delt i g\u00e5r og i dag, s\u00e5 blev Ehsans far i g\u00e5r afhentet af civilkl\u00e6dte betjente. Formodentlig med henblik p\u00e5 &hellip; <a href=\"https:\/\/jan-jakobsen.dk\/?p=3889\">L\u00e6s resten <span class=\"meta-nav\">&rarr;<\/span><\/a><\/p>\n","protected":false},"author":3,"featured_media":0,"comment_status":"open","ping_status":"open","sticky":false,"template":"","format":"standard","meta":{"footnotes":""},"categories":[4,3,1,342],"tags":[],"class_list":["post-3889","post","type-post","status-publish","format-standard","hentry","category-blog","category-handicapdebat","category-uncategorized","category-foredragfb-debatoplaeg"],"_links":{"self":[{"href":"https:\/\/jan-jakobsen.dk\/index.php?rest_route=\/wp\/v2\/posts\/3889","targetHints":{"allow":["GET"]}}],"collection":[{"href":"https:\/\/jan-jakobsen.dk\/index.php?rest_route=\/wp\/v2\/posts"}],"about":[{"href":"https:\/\/jan-jakobsen.dk\/index.php?rest_route=\/wp\/v2\/types\/post"}],"author":[{"embeddable":true,"href":"https:\/\/jan-jakobsen.dk\/index.php?rest_route=\/wp\/v2\/users\/3"}],"replies":[{"embeddable":true,"href":"https:\/\/jan-jakobsen.dk\/index.php?rest_route=%2Fwp%2Fv2%2Fcomments&post=3889"}],"version-history":[{"count":3,"href":"https:\/\/jan-jakobsen.dk\/index.php?rest_route=\/wp\/v2\/posts\/3889\/revisions"}],"predecessor-version":[{"id":3893,"href":"https:\/\/jan-jakobsen.dk\/index.php?rest_route=\/wp\/v2\/posts\/3889\/revisions\/3893"}],"wp:attachment":[{"href":"https:\/\/jan-jakobsen.dk\/index.php?rest_route=%2Fwp%2Fv2%2Fmedia&parent=3889"}],"wp:term":[{"taxonomy":"category","embeddable":true,"href":"https:\/\/jan-jakobsen.dk\/index.php?rest_route=%2Fwp%2Fv2%2Fcategories&post=3889"},{"taxonomy":"post_tag","embeddable":true,"href":"https:\/\/jan-jakobsen.dk\/index.php?rest_route=%2Fwp%2Fv2%2Ftags&post=3889"}],"curies":[{"name":"wp","href":"https:\/\/api.w.org\/{rel}","templated":true}]}}