{"id":3879,"date":"2015-01-05T11:00:00","date_gmt":"2015-01-05T10:00:00","guid":{"rendered":"http:\/\/jan-jakobsen.dk\/?p=3879"},"modified":"2015-01-18T01:23:36","modified_gmt":"2015-01-18T00:23:36","slug":"fortaelling-formidling-faglighed","status":"publish","type":"post","link":"https:\/\/jan-jakobsen.dk\/?p=3879","title":{"rendered":"Fort\u00e6lling \u2013 Formidling \u2013 Faglighed"},"content":{"rendered":"<div>Det nye \u00e5r k\u00f8rer l\u00f8s, og efter &#8220;juletumulten&#8221;\u00a0er det nok en god ide at g\u00f8re opm\u00e6rksom p\u00e5 mit foredrag \u201cAt leve med et handicap\u201d. Det kan stadig n\u00e5 ud til mange forskellige m\u00e5lgrupper\u00a0takket v\u00e6re et samarbejde mellem Muskelsvindfonden og bl.a. mig som foredragsholder.<\/div>\n<p><!--more--><\/p>\n<div>Der er ogs\u00e5 mulighed for at f\u00e5 en\u00a0en r\u00e6kke andre aktive foredragsholdere ud fra Muskelsvindfonden.Jeg \u00a0tilbyder i mit foredrag\u00a0vidt forskellige emner \u2013 og det koster \u201ckun\u201d transporten til den h\u00f8je statstakst samt eventuelle broafgifter at hyre mig til et foredrag.<\/div>\n<div><\/div>\n<div><strong>Fort\u00e6lling \u2013 Formidling \u2013 Faglighed<\/strong><\/p>\n<div><strong>Som muskelsvindramt<\/strong>\u00a0gennem snart 60 \u00e5r har jeg en fort\u00e6lling med mig i bagagen, som jeg kan s\u00e6tte ord p\u00e5.<\/div>\n<div><strong>Som kommunikationsuddannet<\/strong>\u00a0kan jeg formidle og generalisere min fort\u00e6lling s\u00e5 den bliver relevant ogs\u00e5 for andre.<\/div>\n<\/div>\n<div><strong>Som mange\u00e5rig handicappolitisk aktivist<\/strong>\u00a0har jeg faglighed og politisk indsigt i emner inden for handicap.<\/div>\n<div><\/div>\n<div><span style=\"font-family: Georgia, 'Bitstream Charter', serif;\">L\u00e6s mere p\u00e5 min hjemmeside under\u00a0\u201cForedrag\u201d:\u00a0<\/span><a href=\"https:\/\/jan-jakobsen.dk\/?page_id=101\">https:\/\/jan-jakobsen.dk\/?page_id=101<\/a><\/div>\n<div><\/div>\n","protected":false},"excerpt":{"rendered":"<p>Det nye \u00e5r k\u00f8rer l\u00f8s, og efter &#8220;juletumulten&#8221;\u00a0er det nok en god ide at g\u00f8re opm\u00e6rksom p\u00e5 mit foredrag \u201cAt leve med et handicap\u201d. Det kan stadig n\u00e5 ud til mange forskellige m\u00e5lgrupper\u00a0takket v\u00e6re et samarbejde mellem Muskelsvindfonden og bl.a. &hellip; <a href=\"https:\/\/jan-jakobsen.dk\/?p=3879\">L\u00e6s resten <span class=\"meta-nav\">&rarr;<\/span><\/a><\/p>\n","protected":false},"author":3,"featured_media":0,"comment_status":"open","ping_status":"open","sticky":false,"template":"","format":"standard","meta":{"footnotes":""},"categories":[342],"tags":[],"class_list":["post-3879","post","type-post","status-publish","format-standard","hentry","category-foredragfb-debatoplaeg"],"_links":{"self":[{"href":"https:\/\/jan-jakobsen.dk\/index.php?rest_route=\/wp\/v2\/posts\/3879","targetHints":{"allow":["GET"]}}],"collection":[{"href":"https:\/\/jan-jakobsen.dk\/index.php?rest_route=\/wp\/v2\/posts"}],"about":[{"href":"https:\/\/jan-jakobsen.dk\/index.php?rest_route=\/wp\/v2\/types\/post"}],"author":[{"embeddable":true,"href":"https:\/\/jan-jakobsen.dk\/index.php?rest_route=\/wp\/v2\/users\/3"}],"replies":[{"embeddable":true,"href":"https:\/\/jan-jakobsen.dk\/index.php?rest_route=%2Fwp%2Fv2%2Fcomments&post=3879"}],"version-history":[{"count":4,"href":"https:\/\/jan-jakobsen.dk\/index.php?rest_route=\/wp\/v2\/posts\/3879\/revisions"}],"predecessor-version":[{"id":3912,"href":"https:\/\/jan-jakobsen.dk\/index.php?rest_route=\/wp\/v2\/posts\/3879\/revisions\/3912"}],"wp:attachment":[{"href":"https:\/\/jan-jakobsen.dk\/index.php?rest_route=%2Fwp%2Fv2%2Fmedia&parent=3879"}],"wp:term":[{"taxonomy":"category","embeddable":true,"href":"https:\/\/jan-jakobsen.dk\/index.php?rest_route=%2Fwp%2Fv2%2Fcategories&post=3879"},{"taxonomy":"post_tag","embeddable":true,"href":"https:\/\/jan-jakobsen.dk\/index.php?rest_route=%2Fwp%2Fv2%2Ftags&post=3879"}],"curies":[{"name":"wp","href":"https:\/\/api.w.org\/{rel}","templated":true}]}}