{"id":3838,"date":"2014-12-20T06:15:58","date_gmt":"2014-12-20T05:15:58","guid":{"rendered":"http:\/\/jan-jakobsen.dk\/?p=3838"},"modified":"2015-01-18T01:26:39","modified_gmt":"2015-01-18T00:26:39","slug":"en-handicappolitisk-god-dag","status":"publish","type":"post","link":"https:\/\/jan-jakobsen.dk\/?p=3838","title":{"rendered":"En handicappolitisk god dag!"},"content":{"rendered":"<p>I g\u00e5r, fredag den 19. december, var handicappolitisk set en god dag.<br \/>\nF\u00f8rst og fremmest vedtog Folketinget et \u00e6ndringsforslag til Sundhedsloven fra sundhedsminister Nick H\u00e6kkerup om regler for Borgerstyret Personlig Assistance (BPA) til respiratorbrugere.<\/p>\n<p><!--more-->Lov\u00e6ndringen betyder, at borgere med BPA bevarer deres rettigheder efter serviceloven, selv om de er eller bliver respiratorbrugere. Det g\u00e6lder ikke mindst retten til selv at v\u00e6re arbejdsgivere eller v\u00e6lge selv, hvem man vil overdrage arbejdsgiveransvaret til (en n\u00e6rtst\u00e5ende, en forening eller et firma), s\u00e5 man selv fungerer som arbejdsleder for hj\u00e6lperne. Det er et stort skridt i den rigtige retning.<br \/>\nDern\u00e6st har Ankestyrelsen offentliggjort en principafg\u00f8relse i en sag om Borgerstyret Personlig Assistance (BPA). Den vedr\u00f8rer en borger med et behov for hj\u00e6lp, som i en del kommuners praksis f\u00f8rer til afslag. Ankestyrelsen lagde selvst\u00e6ndig v\u00e6gt p\u00e5, at den p\u00e5g\u00e6ldende borgers behov for hj\u00e6lp til at leve et aktivt liv uden for hjemmet ikke kunne im\u00f8dekommes efter andre bestemmelser i lovgivningen.<\/p>\n<p>L\u00e6s mere:<br \/>\n<a title=\"Lov om BPA til respiatorbrugere vedtaget\" href=\"http:\/\/muskelsvindfonden.dk\/handicappolitisk-indlaeg\/julegave-loven-om-bpa-til-respiratorbrugere-er-vedtaget\/\" target=\"_blank\">Lov om BPA til respiatorbrugere vedtaget<\/a><\/p>\n<p><a title=\"Ankestyrelsen underkender kommunes afslag p\u00e5 bpa\" href=\"http:\/\/muskelsvindfonden.dk\/handicappolitisk-indlaeg\/ankestyrelsen-underkender-kommunes-afslag-paa-bpa\/\" target=\"_blank\">Ankestyrelsen underkender kommunes afslag p\u00e5 bpa<\/a><\/p>\n","protected":false},"excerpt":{"rendered":"<p>I g\u00e5r, fredag den 19. december, var handicappolitisk set en god dag. F\u00f8rst og fremmest vedtog Folketinget et \u00e6ndringsforslag til Sundhedsloven fra sundhedsminister Nick H\u00e6kkerup om regler for Borgerstyret Personlig Assistance (BPA) til respiratorbrugere.<\/p>\n","protected":false},"author":3,"featured_media":0,"comment_status":"open","ping_status":"open","sticky":false,"template":"","format":"standard","meta":{"footnotes":""},"categories":[342],"tags":[],"class_list":["post-3838","post","type-post","status-publish","format-standard","hentry","category-foredragfb-debatoplaeg"],"_links":{"self":[{"href":"https:\/\/jan-jakobsen.dk\/index.php?rest_route=\/wp\/v2\/posts\/3838","targetHints":{"allow":["GET"]}}],"collection":[{"href":"https:\/\/jan-jakobsen.dk\/index.php?rest_route=\/wp\/v2\/posts"}],"about":[{"href":"https:\/\/jan-jakobsen.dk\/index.php?rest_route=\/wp\/v2\/types\/post"}],"author":[{"embeddable":true,"href":"https:\/\/jan-jakobsen.dk\/index.php?rest_route=\/wp\/v2\/users\/3"}],"replies":[{"embeddable":true,"href":"https:\/\/jan-jakobsen.dk\/index.php?rest_route=%2Fwp%2Fv2%2Fcomments&post=3838"}],"version-history":[{"count":4,"href":"https:\/\/jan-jakobsen.dk\/index.php?rest_route=\/wp\/v2\/posts\/3838\/revisions"}],"predecessor-version":[{"id":3915,"href":"https:\/\/jan-jakobsen.dk\/index.php?rest_route=\/wp\/v2\/posts\/3838\/revisions\/3915"}],"wp:attachment":[{"href":"https:\/\/jan-jakobsen.dk\/index.php?rest_route=%2Fwp%2Fv2%2Fmedia&parent=3838"}],"wp:term":[{"taxonomy":"category","embeddable":true,"href":"https:\/\/jan-jakobsen.dk\/index.php?rest_route=%2Fwp%2Fv2%2Fcategories&post=3838"},{"taxonomy":"post_tag","embeddable":true,"href":"https:\/\/jan-jakobsen.dk\/index.php?rest_route=%2Fwp%2Fv2%2Ftags&post=3838"}],"curies":[{"name":"wp","href":"https:\/\/api.w.org\/{rel}","templated":true}]}}