{"id":3769,"date":"2014-11-03T13:35:02","date_gmt":"2014-11-03T12:35:02","guid":{"rendered":"http:\/\/jan-jakobsen.dk\/?p=3769"},"modified":"2014-12-03T03:10:21","modified_gmt":"2014-12-03T02:10:21","slug":"hvis-vi-saenker-skuldrene-sa-er-vi-her-ikke-mere","status":"publish","type":"post","link":"https:\/\/jan-jakobsen.dk\/?p=3769","title":{"rendered":"Hvis vi s\u00e6nker skuldrene, s\u00e5 er vi her ikke mere"},"content":{"rendered":"<p><strong>Om holdninger til indvandrere, flygtninge, handicap og solidaritet i et samfund, hvor det dybest set mere handler om mods\u00e6tninger mellem klasser \u2013 stadigv\u00e6k.<\/strong><\/p>\n<p>Jeg har p\u00e5 min facebook-profil besk\u00e6ftiget mig med en sag om hjemsendelsen af Ehsan Nayebi. Ehsan har muskelsvind og er afh\u00e6ngig af luft fra en respirator. Den hj\u00e6lp, der skal til, kan han ikke f\u00e5, hvis han bliver hjemsendt til Afghanistan. Det vil v\u00e6re den sikre og smertefulde d\u00f8d for ham og svarer til tortur.<!--more--><\/p>\n<p>Jeg kan her ikke lade v\u00e6re med at skrive lidt mere om b\u00e5de Ehsan Nayebis sag og konsekvenserne set i en lidt st\u00f8rre sammenh\u00e6ng. For sagen handler om langt mere end forholdet til indvandrere og flygtninge. Det handler om forandringen af nogle grundl\u00e6ggende humanistiske holdninger. Jeg har tidligere skrevet om emnet \u2013 blandt andet i artiklen \u201dHvem bliver de n\u00e6ste?\u201d, som efterh\u00e5nden har nogle \u00e5r p\u00e5 bagen. Den findes andet sted her p\u00e5 hjemmesiden.<\/p>\n<p>&nbsp;<\/p>\n<p><strong>Det er Danmark vi bor i!<\/strong><\/p>\n<p>Venstres politiske ordf\u00f8rer Inger St\u00f8jberg har p\u00e5 sin politiske Facebook-profil skrevet et indl\u00e6g med titlen \u201dS\u00e5 s\u00e6nk dog skuldrene &#8211; det er Danmark vi bor i!\u201d<\/p>\n<p>I indl\u00e6gget, som man selv kan l\u00e6se p\u00e5 hendes profil, stiller hun en r\u00e6kke argumenter op for, hvordan indvandrere og flygtninge skal opf\u00f8re sig, f\u00f8r \u201dvi danskere\u201d kan acceptere dem i det danske samfund.<\/p>\n<p>Hun skriver blandt andet:<\/p>\n<p>\u201d&#8230;Hvorfor er der nogle indvanderedrenge, der har brug for at puste sig op. S\u00e5 s\u00e6nk dog skuldrene. I bor i Danmark. F\u00e5 et smil p\u00e5 l\u00e6berne og drop det der &#8216;attitude noget&#8217;&#8230;\u201d<\/p>\n<p>Sagen om hjemsendelsen af Ehsan Nayebi. Ehsan st\u00e5r i sk\u00e6rende kontrast til det, Inger St\u00f8jberg her beskriver.<\/p>\n<p>Alle sp\u00f8rgsm\u00e5l omkring flygtninge og indvandrere handler ikke kun om attitude eller om at puste sig op. Det handler ogs\u00e5 om humanitet, rummelighed og plads til forskelle. Jeg er sikker p\u00e5, at Ehsan Nayebi vil have et smil p\u00e5 l\u00e6berne og absolut slet ikke udstr\u00e5le &#8216;attitude noget&#8217;, hvis han fik mulighed for at blive en del af det danske samfund.<\/p>\n<p>Men den mulighed f\u00e5r Ehsan Nayebi ikke. For appellen om at give ham humanit\u00e6rt ophold m\u00f8des kun kun med en larmende tavshed fra b\u00e5de regering og h\u00f8jrefl\u00f8j.<\/p>\n<p>&nbsp;<\/p>\n<p><strong>Ikke homogenitet \u2013 men klassemods\u00e6tninger<\/strong><\/p>\n<p>Udgangspunktet for St\u00f8jbergs indl\u00e6g er grundl\u00e6ggende en opfattelse af, at Danmark er et homogent samfund, der st\u00e5r sammen. Jeg er ikke enig. Jeg mener ikke, Danmark bygger p\u00e5 friheds&#8221;rettigheder&#8221;. De klassiske mods\u00e6tninger mellem klasser eksisterer stadig i Danmark. St\u00f8jberg tager udgangspunkt i en illusion om et samfund, som ikke eksisterer. Hun sm\u00f8rer, som Dansk Folkeparti, forst\u00e5elsen af alle mods\u00e6tninger af p\u00e5 nogle indvandrergrupper.<\/p>\n<p>Det er muligt, at St\u00f8jberg har smil p\u00e5 l\u00e6be, mens hun og Venstre st\u00f8ber stadig flere asociale reformer, og klapper i deres sm\u00e5 h\u00e6nder, n\u00e5r Socialdemokraterne plumper i og f\u00f8rer den beskidte kniv i deres eget s\u00f8llede fors\u00f8g p\u00e5 at overhale Venstre inden om og p\u00e5 den m\u00e5de stj\u00e6le stemmer fra samme.<\/p>\n<p>&nbsp;<\/p>\n<p><strong>Det handler om os alle<\/strong><\/p>\n<p>Reformerne, der er gennemf\u00f8rt de sidste \u00e5r, rammer bestemte grupper i det danske samfund \u2013 og de \u00f8ger uligheden. Her ligger den virkelige mods\u00e6tning. Jeg ved godt, at man skal passe p\u00e5 med at male fanden p\u00e5 v\u00e6ggen \u2013 og ikke hele tiden r\u00e5be ulven kommer. Men n\u00e5r ulven er p\u00e5 vej, s\u00e5 er det vel ogs\u00e5 p\u00e5 sin plads at sige det h\u00f8jt&#8230; og helst inden det er for sent.<\/p>\n<p>Personligt har jeg meget sv\u00e6rt ved at se, hvor forskellen p\u00e5 Ehsan Nayebi og min situation er. Vi har nemlig begge brug for respirator for at kunne tr\u00e6kke vejret. Det er derfor ogs\u00e5 temmelig n\u00e6rliggende at stille sp\u00f8rgsm\u00e5let, hvorn\u00e5r finder nogen det opportunt at stille sp\u00f8rgsm\u00e5lstegn ved min ret til at f\u00e5 respirationshj\u00e6lp? Der er liberale kr\u00e6fter i Danmark \u2013 ikke mindst i kredsen omkring Ole Birk Olesens diskussionsfora 180grader, der stiller sp\u00f8rgsm\u00e5lstegn ved, om man virkelig skal holde liv i os, der er dyre for samfundet at holde liv i.<\/p>\n<p>Ser vi n\u00f8gternt p\u00e5 udmeldingerne og den manglende humanistiske indstilling hos St\u00f8jberg og andre i kredsen af toneangivende personligheder, s\u00e5 kan netop denne \u201drationelle\u201d tilgang til andre mennesker ganske hurtigt blive et afg\u00f8rende tema. Vi er ikke d\u00e9r \u2013 endnu, men det er f\u00f8r set, at dehumanisering griber om sig.<\/p>\n<p>&nbsp;<\/p>\n<p><strong>Uv\u00e6rdigt<\/strong><\/p>\n<p>Det er uv\u00e6rdigt at pr\u00f8ve at give nogle indvandrerdrenge skylden for nogle mods\u00e6tninger i et samfund, der g\u00e5r langt dybere end at \u201ds\u00e6nke skuldrene\u201d. Men indr\u00f8mmet: det er nemt og bekvemt at opretholde illusionen om homogeniteten i det danske samfund &#8211; is\u00e6r p\u00e5 bekostning af andre&#8230; og det er jo som at sl\u00e5 to fluer med et sm\u00e6k.<\/p>\n<p>Argumenterne, at mennesker som St\u00f8jberg kun har noget imod flygtninge og indvandrere, der udstr\u00e5ler en bestemt attitude er b\u00e5de l\u00f8gn og illusion. Den d\u00e6kker over en grundl\u00e6ggende dehumanisering og forr\u00e5else i det danske samfund. Med denne toneangivende h\u00f8jrefl\u00f8j i spidsen er vi ved at miste vores humanit\u00e6re dyd og springe ud som kolde egoister.<\/p>\n<p>Gad vide om St\u00f8jberg og andre ville kunne bevare smilet p\u00e5 l\u00e6ben, hvis de var henvist til den sikre og smertefulde d\u00f8d, der tegner sig for Ehsan Nayebi. Jeg \u00f8nsker ikke denne d\u00f8d for hverken Ehsan Nayebi eller for nogen af os andre. Det er, hvad vi m\u00e5 st\u00e5 sammen om. Det er, hvad humanisme, f\u00e6llesskab og solidaritet handler om.<\/p>\n<p>Lad os f\u00e5 humanismen tilbage&#8230; &#8211; det er Danmark vi bor i!<\/p>\n","protected":false},"excerpt":{"rendered":"<p>Om holdninger til indvandrere, flygtninge, handicap og solidaritet i et samfund, hvor det dybest set mere handler om mods\u00e6tninger mellem klasser \u2013 stadigv\u00e6k. Jeg har p\u00e5 min facebook-profil besk\u00e6ftiget mig med en sag om hjemsendelsen af Ehsan Nayebi. Ehsan har &hellip; <a href=\"https:\/\/jan-jakobsen.dk\/?p=3769\">L\u00e6s resten <span class=\"meta-nav\">&rarr;<\/span><\/a><\/p>\n","protected":false},"author":3,"featured_media":0,"comment_status":"open","ping_status":"open","sticky":false,"template":"","format":"standard","meta":{"footnotes":""},"categories":[4,3,1],"tags":[],"class_list":["post-3769","post","type-post","status-publish","format-standard","hentry","category-blog","category-handicapdebat","category-uncategorized"],"_links":{"self":[{"href":"https:\/\/jan-jakobsen.dk\/index.php?rest_route=\/wp\/v2\/posts\/3769","targetHints":{"allow":["GET"]}}],"collection":[{"href":"https:\/\/jan-jakobsen.dk\/index.php?rest_route=\/wp\/v2\/posts"}],"about":[{"href":"https:\/\/jan-jakobsen.dk\/index.php?rest_route=\/wp\/v2\/types\/post"}],"author":[{"embeddable":true,"href":"https:\/\/jan-jakobsen.dk\/index.php?rest_route=\/wp\/v2\/users\/3"}],"replies":[{"embeddable":true,"href":"https:\/\/jan-jakobsen.dk\/index.php?rest_route=%2Fwp%2Fv2%2Fcomments&post=3769"}],"version-history":[{"count":2,"href":"https:\/\/jan-jakobsen.dk\/index.php?rest_route=\/wp\/v2\/posts\/3769\/revisions"}],"predecessor-version":[{"id":3824,"href":"https:\/\/jan-jakobsen.dk\/index.php?rest_route=\/wp\/v2\/posts\/3769\/revisions\/3824"}],"wp:attachment":[{"href":"https:\/\/jan-jakobsen.dk\/index.php?rest_route=%2Fwp%2Fv2%2Fmedia&parent=3769"}],"wp:term":[{"taxonomy":"category","embeddable":true,"href":"https:\/\/jan-jakobsen.dk\/index.php?rest_route=%2Fwp%2Fv2%2Fcategories&post=3769"},{"taxonomy":"post_tag","embeddable":true,"href":"https:\/\/jan-jakobsen.dk\/index.php?rest_route=%2Fwp%2Fv2%2Ftags&post=3769"}],"curies":[{"name":"wp","href":"https:\/\/api.w.org\/{rel}","templated":true}]}}