{"id":3669,"date":"2014-10-04T10:57:17","date_gmt":"2014-10-04T08:57:17","guid":{"rendered":"http:\/\/jan-jakobsen.dk\/?p=3669"},"modified":"2014-10-04T11:10:10","modified_gmt":"2014-10-04T09:10:10","slug":"ogsa-i-fremtiden-far-vi-dygtige-og-engagerede-hjaelpere","status":"publish","type":"post","link":"https:\/\/jan-jakobsen.dk\/?p=3669","title":{"rendered":"Ogs\u00e5 i fremtiden f\u00e5r vi dygtige og engagerede hj\u00e6lpere"},"content":{"rendered":"<div class=\"aboveUnitContent\">\n<div class=\"userContentWrapper\">\n<div class=\"_wk\"><span class=\"userContent\"><img loading=\"lazy\" decoding=\"async\" class=\"alignleft wp-image-3670\" src=\"https:\/\/jan-jakobsen.dk\/https:\/\/jan-jakobsen.dk\/wp-content\/uploads\/2014\/10\/2014-10-03-10.23.16-kopi-680x382.jpg\" alt=\"2014-10-03 10.23.16 kopi\" width=\"620\" height=\"349\" srcset=\"https:\/\/jan-jakobsen.dk\/http:\/\/jan-jakobsen.dk\/wp-content\/uploads\/2014\/10\/2014-10-03-10.23.16-kopi-680x382.jpg 680w, https:\/\/jan-jakobsen.dk\/http:\/\/jan-jakobsen.dk\/wp-content\/uploads\/2014\/10\/2014-10-03-10.23.16-kopi-300x168.jpg 300w, https:\/\/jan-jakobsen.dk\/http:\/\/jan-jakobsen.dk\/wp-content\/uploads\/2014\/10\/2014-10-03-10.23.16-kopi.jpg 900w\" sizes=\"auto, (max-width: 620px) 100vw, 620px\" \/>Var i g\u00e5r p\u00e5 Social- og Sundhedsskolen i Ringsted for at fort\u00e6lle et nyt hold SoSu-hj\u00e6lpere om at leve med et handicap. Vi n\u00e5ede gennem hele &#8220;programmet&#8221;, selv om der var rigtig god sp\u00f8rgelyst.<br \/>\nJeg fornemmer hos holdene en lyst til at forst<span class=\"text_exposed_show\">\u00e5 og f\u00e5 viden om handicapomr\u00e5det, s\u00e5 p\u00e5 dette punkt har jeg fuld fortr\u00f8stning til fremtiden. Jeg tror, at vi trygt kan regne med, at vi ogs\u00e5 i fremtiden f\u00e5r nogle dygtige og engagerede hj\u00e6lpere ud.<\/span><br \/>\n<\/span><\/div>\n<\/div>\n<\/div>\n","protected":false},"excerpt":{"rendered":"<p>Var i g\u00e5r p\u00e5 Social- og Sundhedsskolen i Ringsted for at fort\u00e6lle et nyt hold SoSu-hj\u00e6lpere om at leve med et handicap. Vi n\u00e5ede gennem hele &#8220;programmet&#8221;, selv om der var rigtig god sp\u00f8rgelyst. Jeg fornemmer hos holdene en lyst &hellip; <a href=\"https:\/\/jan-jakobsen.dk\/?p=3669\">L\u00e6s resten <span class=\"meta-nav\">&rarr;<\/span><\/a><\/p>\n","protected":false},"author":3,"featured_media":0,"comment_status":"open","ping_status":"open","sticky":false,"template":"","format":"standard","meta":{"footnotes":""},"categories":[342],"tags":[],"class_list":["post-3669","post","type-post","status-publish","format-standard","hentry","category-foredragfb-debatoplaeg"],"_links":{"self":[{"href":"https:\/\/jan-jakobsen.dk\/index.php?rest_route=\/wp\/v2\/posts\/3669","targetHints":{"allow":["GET"]}}],"collection":[{"href":"https:\/\/jan-jakobsen.dk\/index.php?rest_route=\/wp\/v2\/posts"}],"about":[{"href":"https:\/\/jan-jakobsen.dk\/index.php?rest_route=\/wp\/v2\/types\/post"}],"author":[{"embeddable":true,"href":"https:\/\/jan-jakobsen.dk\/index.php?rest_route=\/wp\/v2\/users\/3"}],"replies":[{"embeddable":true,"href":"https:\/\/jan-jakobsen.dk\/index.php?rest_route=%2Fwp%2Fv2%2Fcomments&post=3669"}],"version-history":[{"count":3,"href":"https:\/\/jan-jakobsen.dk\/index.php?rest_route=\/wp\/v2\/posts\/3669\/revisions"}],"predecessor-version":[{"id":3673,"href":"https:\/\/jan-jakobsen.dk\/index.php?rest_route=\/wp\/v2\/posts\/3669\/revisions\/3673"}],"wp:attachment":[{"href":"https:\/\/jan-jakobsen.dk\/index.php?rest_route=%2Fwp%2Fv2%2Fmedia&parent=3669"}],"wp:term":[{"taxonomy":"category","embeddable":true,"href":"https:\/\/jan-jakobsen.dk\/index.php?rest_route=%2Fwp%2Fv2%2Fcategories&post=3669"},{"taxonomy":"post_tag","embeddable":true,"href":"https:\/\/jan-jakobsen.dk\/index.php?rest_route=%2Fwp%2Fv2%2Ftags&post=3669"}],"curies":[{"name":"wp","href":"https:\/\/api.w.org\/{rel}","templated":true}]}}