{"id":3563,"date":"2014-08-04T06:37:47","date_gmt":"2014-08-04T04:37:47","guid":{"rendered":"http:\/\/jan-jakobsen.dk\/?p=3563"},"modified":"2014-08-04T06:43:06","modified_gmt":"2014-08-04T04:43:06","slug":"foruroligende-beretninger","status":"publish","type":"post","link":"https:\/\/jan-jakobsen.dk\/?p=3563","title":{"rendered":"Foruroligende beretninger"},"content":{"rendered":"<p><span style=\"color: #37404e;\">I den seneste tid har der v\u00e6ret en del foruroligende beretninger i bl.a. pressen og p\u00e5 Facebook om, hvordan mennesker med handicap, der har brug for hj\u00e6lperordninger, behandles. Om private virksomheder, der skummer fl\u00f8den, n\u00e5r der er mulighed for det &#8211; og sender regningen og problemerne videre til det offentlige, n\u00e5r man er ude af stand til at l\u00f8se opgaven.\u00a0<\/span> <!--more--><br style=\"color: #37404e;\" \/><span style=\"color: #37404e;\">L\u00f8sningen er ikke at g\u00f8re hj\u00e6lpen offentlig alene. Jeg tr<\/span><span class=\"text_exposed_show\" style=\"color: #37404e;\">or p\u00e5 brugernes egen ret til at bestemme. Det er faktisk kommunernes egen m\u00e5de at &#8220;tackle&#8221; problemerne p\u00e5, der skaber langt den st\u00f8rste del af problemerne. Kommunerne jagter udgifterne og holder dem nede bl.a. ved ikke at indg\u00e5 overenskomst for hj\u00e6lperne. Ordningerne administreres lokalt efter lyst og evner, hvilket giver sig udslag i s\u00e6rdeles kreative tiltag. Dybest set bunder den m\u00e5de, man administrerer ordningerne p\u00e5, i den generelle tilsides\u00e6ttelse af retssikkerheden, som i \u00f8jeblikket g\u00e6lder p\u00e5 hele det sociale omr\u00e5de. Det er n\u00f8dvendigt, at der kommer andre boller p\u00e5 suppen end det, en perler\u00e6kke af slatne socialministre har kunnet klare (den siddende bestemt ingen undtagelse). Det er n\u00f8dvendigt med et opg\u00f8r med den kommunale tilf\u00e6ldige administration. Kommer der styr p\u00e5 kommunernes mulighed for at snyde med fingrene p\u00e5 v\u00e6gten, s\u00e5 skal det snart vise sig, at der er god effektivitet i at administrere i st\u00f8rre enheder med lidt st\u00f8rre overblik og uden kommunale interesser i at udsulte omr\u00e5det. Lad dette v\u00e6re et \u00f8nske for fremtiden p\u00e5 dette omr\u00e5de. Kun de f\u00e6rreste dr\u00f8mmer om, hvordan det er at v\u00e6re marginaliseret og have brug for st\u00f8tte af en eller anden slags. Aldrig at vide, hvad morgendagens nye p\u00e5hit bliver. F\u00e6lles for os er, at vi hverken er glade eller stolte over denne afh\u00e6ngighed. Den er blot n\u00f8dvendig for at vi kan f\u00e5 et liv som alle andre. Jeg er dog stolt over at leve i et samfund, hvor der indtil for f\u00e5 \u00e5r siden var enighed om om retten til det gode liv, som var udgangspunktet for den retning, handicappolitikken fik. Det er v\u00e6rd at bevare. Den ret vil jeg og mange andre k\u00e6mpe for.<\/span><!--more--><!--more--><\/p>\n","protected":false},"excerpt":{"rendered":"<p>I den seneste tid har der v\u00e6ret en del foruroligende beretninger i bl.a. pressen og p\u00e5 Facebook om, hvordan mennesker med handicap, der har brug for hj\u00e6lperordninger, behandles. Om private virksomheder, der skummer fl\u00f8den, n\u00e5r der er mulighed for det &hellip; <a href=\"https:\/\/jan-jakobsen.dk\/?p=3563\">L\u00e6s resten <span class=\"meta-nav\">&rarr;<\/span><\/a><\/p>\n","protected":false},"author":3,"featured_media":0,"comment_status":"open","ping_status":"open","sticky":false,"template":"","format":"standard","meta":{"footnotes":""},"categories":[3,1],"tags":[],"class_list":["post-3563","post","type-post","status-publish","format-standard","hentry","category-handicapdebat","category-uncategorized"],"_links":{"self":[{"href":"https:\/\/jan-jakobsen.dk\/index.php?rest_route=\/wp\/v2\/posts\/3563","targetHints":{"allow":["GET"]}}],"collection":[{"href":"https:\/\/jan-jakobsen.dk\/index.php?rest_route=\/wp\/v2\/posts"}],"about":[{"href":"https:\/\/jan-jakobsen.dk\/index.php?rest_route=\/wp\/v2\/types\/post"}],"author":[{"embeddable":true,"href":"https:\/\/jan-jakobsen.dk\/index.php?rest_route=\/wp\/v2\/users\/3"}],"replies":[{"embeddable":true,"href":"https:\/\/jan-jakobsen.dk\/index.php?rest_route=%2Fwp%2Fv2%2Fcomments&post=3563"}],"version-history":[{"count":3,"href":"https:\/\/jan-jakobsen.dk\/index.php?rest_route=\/wp\/v2\/posts\/3563\/revisions"}],"predecessor-version":[{"id":3568,"href":"https:\/\/jan-jakobsen.dk\/index.php?rest_route=\/wp\/v2\/posts\/3563\/revisions\/3568"}],"wp:attachment":[{"href":"https:\/\/jan-jakobsen.dk\/index.php?rest_route=%2Fwp%2Fv2%2Fmedia&parent=3563"}],"wp:term":[{"taxonomy":"category","embeddable":true,"href":"https:\/\/jan-jakobsen.dk\/index.php?rest_route=%2Fwp%2Fv2%2Fcategories&post=3563"},{"taxonomy":"post_tag","embeddable":true,"href":"https:\/\/jan-jakobsen.dk\/index.php?rest_route=%2Fwp%2Fv2%2Ftags&post=3563"}],"curies":[{"name":"wp","href":"https:\/\/api.w.org\/{rel}","templated":true}]}}