{"id":3559,"date":"2014-08-01T04:51:33","date_gmt":"2014-08-01T02:51:33","guid":{"rendered":"http:\/\/jan-jakobsen.dk\/?p=3559"},"modified":"2014-08-01T04:54:41","modified_gmt":"2014-08-01T02:54:41","slug":"socialokonomiske-virksomheder-en-lokal-nodvendighed-2","status":"publish","type":"post","link":"https:\/\/jan-jakobsen.dk\/?p=3559","title":{"rendered":"Kommunerne m\u00e5 underst\u00f8tte social\u00f8konomiske virksomheder"},"content":{"rendered":"<p><img loading=\"lazy\" decoding=\"async\" class=\"alignleft wp-image-3556\" src=\"https:\/\/jan-jakobsen.dk\/https:\/\/jan-jakobsen.dk\/wp-content\/uploads\/2014\/07\/stop-fleks-680x510.jpg\" alt=\"stop fleks\" width=\"620\" height=\"465\" srcset=\"https:\/\/jan-jakobsen.dk\/http:\/\/jan-jakobsen.dk\/wp-content\/uploads\/2014\/07\/stop-fleks-680x510.jpg 680w, https:\/\/jan-jakobsen.dk\/http:\/\/jan-jakobsen.dk\/wp-content\/uploads\/2014\/07\/stop-fleks-300x225.jpg 300w, https:\/\/jan-jakobsen.dk\/http:\/\/jan-jakobsen.dk\/wp-content\/uploads\/2014\/07\/stop-fleks.jpg 960w\" sizes=\"auto, (max-width: 620px) 100vw, 620px\" \/><\/p>\n<p>Allerede inden f\u00f8rste b\u00f8lge af reformer var der advaret mod konsekvenserne. I dag er det realiteter. Svaret nu er underst\u00f8ttelse af social\u00f8konomiske virksomheder. Opgaven havner i kommunerne, hvad enten man kan lide det eller ej.<\/p>\n<blockquote class=\"wp-embedded-content\" data-secret=\"5FvoaUNZno\"><p><a href=\"https:\/\/jan-jakobsen.dk\/?p=3490\">Social\u00f8konomiske virksomheder &#8211; en lokal n\u00f8dvendighed<\/a><\/p><\/blockquote>\n<p><iframe loading=\"lazy\" class=\"wp-embedded-content\" sandbox=\"allow-scripts\" security=\"restricted\" style=\"position: absolute; clip: rect(1px, 1px, 1px, 1px);\" title=\"&#8220;Social\u00f8konomiske virksomheder &#8211; en lokal n\u00f8dvendighed&#8221; &#8212; Jan V Jakobsen [jan-jakobsen.dk]\" src=\"https:\/\/jan-jakobsen.dk\/?p=3490&#038;embed=true#?secret=N3EHGogNtp#?secret=5FvoaUNZno\" data-secret=\"5FvoaUNZno\" width=\"600\" height=\"338\" frameborder=\"0\" marginwidth=\"0\" marginheight=\"0\" scrolling=\"no\"><\/iframe><\/p>\n","protected":false},"excerpt":{"rendered":"<p>Allerede inden f\u00f8rste b\u00f8lge af reformer var der advaret mod konsekvenserne. I dag er det realiteter. Svaret nu er underst\u00f8ttelse af social\u00f8konomiske virksomheder. Opgaven havner i kommunerne, hvad enten man kan lide det eller ej. Social\u00f8konomiske virksomheder &#8211; en lokal &hellip; <a href=\"https:\/\/jan-jakobsen.dk\/?p=3559\">L\u00e6s resten <span class=\"meta-nav\">&rarr;<\/span><\/a><\/p>\n","protected":false},"author":3,"featured_media":0,"comment_status":"open","ping_status":"open","sticky":false,"template":"","format":"standard","meta":{"footnotes":""},"categories":[342],"tags":[],"class_list":["post-3559","post","type-post","status-publish","format-standard","hentry","category-foredragfb-debatoplaeg"],"_links":{"self":[{"href":"https:\/\/jan-jakobsen.dk\/index.php?rest_route=\/wp\/v2\/posts\/3559","targetHints":{"allow":["GET"]}}],"collection":[{"href":"https:\/\/jan-jakobsen.dk\/index.php?rest_route=\/wp\/v2\/posts"}],"about":[{"href":"https:\/\/jan-jakobsen.dk\/index.php?rest_route=\/wp\/v2\/types\/post"}],"author":[{"embeddable":true,"href":"https:\/\/jan-jakobsen.dk\/index.php?rest_route=\/wp\/v2\/users\/3"}],"replies":[{"embeddable":true,"href":"https:\/\/jan-jakobsen.dk\/index.php?rest_route=%2Fwp%2Fv2%2Fcomments&post=3559"}],"version-history":[{"count":3,"href":"https:\/\/jan-jakobsen.dk\/index.php?rest_route=\/wp\/v2\/posts\/3559\/revisions"}],"predecessor-version":[{"id":3562,"href":"https:\/\/jan-jakobsen.dk\/index.php?rest_route=\/wp\/v2\/posts\/3559\/revisions\/3562"}],"wp:attachment":[{"href":"https:\/\/jan-jakobsen.dk\/index.php?rest_route=%2Fwp%2Fv2%2Fmedia&parent=3559"}],"wp:term":[{"taxonomy":"category","embeddable":true,"href":"https:\/\/jan-jakobsen.dk\/index.php?rest_route=%2Fwp%2Fv2%2Fcategories&post=3559"},{"taxonomy":"post_tag","embeddable":true,"href":"https:\/\/jan-jakobsen.dk\/index.php?rest_route=%2Fwp%2Fv2%2Ftags&post=3559"}],"curies":[{"name":"wp","href":"https:\/\/api.w.org\/{rel}","templated":true}]}}