{"id":3474,"date":"2014-07-20T12:28:56","date_gmt":"2014-07-20T10:28:56","guid":{"rendered":"http:\/\/jan-jakobsen.dk\/?p=3474"},"modified":"2014-08-04T11:46:35","modified_gmt":"2014-08-04T09:46:35","slug":"mennesker-med-handicap-er-ogsa-aktive-mennesker","status":"publish","type":"post","link":"https:\/\/jan-jakobsen.dk\/?p=3474","title":{"rendered":"Mennesker med handicap er ogs\u00e5 aktive mennesker"},"content":{"rendered":"<p><a href=\"https:\/\/jan-jakobsen.dk\/https:\/\/jan-jakobsen.dk\/wp-content\/uploads\/2014\/07\/MUSHOLM_hovedlogo_m_p6BB676.jpg\"><img loading=\"lazy\" decoding=\"async\" class=\"alignright wp-image-3475 size-medium\" src=\"https:\/\/jan-jakobsen.dk\/https:\/\/jan-jakobsen.dk\/wp-content\/uploads\/2014\/07\/MUSHOLM_hovedlogo_m_p6BB676-300x99.jpg\" alt=\"MUSHOLM_hovedlogo_m_p6BB676\" width=\"300\" height=\"99\" \/><\/a><\/p>\n<p>Mit l\u00e6serbrev har nu v\u00e6ret bragt i Sj\u00e6llandske (torsdag 24. juli sektion 1, side 8)<\/p>\n<p>Da det er forkortet af redaktionen bringer jeg det herunder i den forkortede udgave.<\/p>\n<p>Den oprindelige udgave finder du nederst p\u00e5 siden.<\/p>\n<p><!--more--><\/p>\n<h3>Mennesker med handicap er ogs\u00e5 aktive mennesker<\/h3>\n<p><strong>DEBAT<\/strong><\/p>\n<p><strong>KORS\u00d8R:<\/strong> En borgergruppe har klaget og forsinket udbygningen af Musholm Bugt Feriecenter (MBF) ved Kors\u00f8r.<\/p>\n<p>Heldigvis har Muskelsvindfonden nu f\u00e5et tilladelse af Natur- og Milj\u00f8klagen\u00e6vnet til at forts\u00e6tte byggeriet.<\/p>\n<p>Borgergruppen har taget utraditionelle metoder i brug for at skaffe sig s\u00e5kaldt viden om aktiviteterne p\u00e5 centret. En af gruppens medlemmer, Per Christensen, siger til Sj\u00e6llandske fredag 18. juli, at han \u00bbvar n\u00f8dt til at finde ud af, hvad der foregik p\u00e5 feriecenteret, hvor der kun undtagelsesvis ses handicappede\u00ab.<\/p>\n<p>Jeg er hyppig bruger af MBF. Jeg har et meget synligt handicap, og jeg er ofte sammen med mange andre med forskellige former for handicaps. Derfor undrer jeg mig dybt over Per Christensens udtalelse.<\/p>\n<p>Jeg har almindeligvis stor respekt og sympati for mennesker, der k\u00e6mper for en sag. Sagen skulle i denne sammenh\u00e6ng angiveligt v\u00e6re at v\u00e6rds\u00e6tte omr\u00e5dets natur og retten til at \u00bbhave lov til at v\u00e6re her og v\u00e6rne om det, vi holder af\u00ab for at bruge Per Christensens egne ord.<\/p>\n<p>Per Christensen giver i artiklen udtryk for, at MBF bryder reglerne, fordi man udlejer til g\u00e6ster uden et handicap. Nu er det jo hverken besk\u00e5ret Per Christensen eller andre at se, hvem der er handicappede nok til at komme p\u00e5 centret. Desuden vil der altid v\u00e6re mennesker uden handicap, hvor der er mennesker med handicap. Dels har nogen af os brug for hj\u00e6lpere. De har af gode grunde som regel ikke et handicap. Dels har vi familie. De fleste p\u00e5r\u00f8rende har heldigvis heller ikke et handicap. Jeg ved ikke, om Per Christensen mener, man skal sp\u00f8rge hver enkelt g\u00e6st, om de har et handicap? Personligt ville jeg ikke bryde mig om et s\u00e5dan sp\u00f8rgsm\u00e5l.<\/p>\n<p>B\u00e5de n\u00e5r vi ferierer, holder m\u00f8der og dyrker sport er der mennesker uden handicap med i billedet. Det tror jeg, de fleste ved og er indstillet p\u00e5 at acceptere. At vi har et handicap g\u00f8r heller ikke, at vi er inaktive. Det er et noget utidssvarende forhold til begrebet handicap, n\u00e5r nogen stadig tror det. MBF har nogle faciliteter, der er n\u00f8dvendige for, at vi kan udfolde os. Det er de fleste andre mennesker, der kender lidt til handicap og lidt til baggrunden for etableringen af MBF ogs\u00e5 i stand til at erkende.<\/p>\n<p>Tilbage er dog denne lille gruppe, der sammen med Per Christensen pr\u00f8ver at mist\u00e6nkeligg\u00f8re Muskelsvindfonden og MBF med beskyldninger som n\u00e6vnte. Der b\u00f8r v\u00e6re andre i omr\u00e5det, der griber ind og stopper denne lille borgergruppes fortsatte chikane. Lad os f\u00e5 det bedste ud af det i f\u00e6llesskab.<\/p>\n<p>Jan Jakobsen<br \/>\nAktiv bruger af Musholm,<br \/>\nbyr\u00e5dsmedlem i Ringsted Kommune<br \/>\n&amp; bestyrelsesmedlem i Muskelsvindfonden<br \/>\nKristoffersvej 11,<br \/>\nRingsted<\/p>\n<p>Forkortet af redaktionen<\/p>\n<p>&#8212;&#8212;&#8212;&#8212;<\/p>\n<p>L\u00e6serbrev sendt til Sj\u00e6llandske, der fredag den 18. juli bragte en artikel med den borgergruppe, der har hindret udbygningen af Musholm Ferie Sport og Konference. \u00a0Jeg er \u00e6rligt talt lidt tr\u00e6t af deres p\u00e5stande.<\/p>\n<p>&#8212;&#8212;&#8212;&#8212;<\/p>\n<p><em>Oprindelig udgave:\u00a0<\/em><\/p>\n<h3>Mennesker med handicap er ogs\u00e5 aktive mennesker<\/h3>\n<p>En borgergruppe har klaget og sinket udbygningsplanerne p\u00e5 Musholm, som er Muskelsvindfondens ferie-, konference- og sportscenter ved Kors\u00f8r. Heldigvis har Muskelsvindfonden nu f\u00e5et tilladelse til at forts\u00e6tte byggeriet af Natur- og Milj\u00f8klagen\u00e6vnet.<\/p>\n<p>Borgergruppen har taget utraditionelle metoder i brug for at skaffe sig s\u00e5kaldt viden om aktiviteterne p\u00e5 centret. En af gruppens medlemmer, Per Christensen, siger s\u00e5ledes til Sj\u00e6llandske fredag 18. juli at han &#8220;&#8230;var n\u00f8dt til at finde ud af, hvad der foregik p\u00e5 feriecenteret, hvor der kun undtagelsesvis ses handicappede&#8230;&#8221;.<\/p>\n<p>Jeg er hyppig bruger p\u00e5 Musholm. Jeg har et meget synligt handicap og jeg er ofte sammen med mange andre med forskellige former for handicaps p\u00e5 Musholm. Derfor undrer jeg mig dybt over Per Christensens udtalelse. Nu kan jeg jo ikke vide, hvad der skal til, for at Per Christensen mener at man har et handicap, der er tilstr\u00e6kkeligt stort eller tilstr\u00e6kkeligt synligt til at man if\u00f8lge Per Christensen m\u00e5 have lov til at f\u00e6rdes p\u00e5 Musholm.<\/p>\n<p>Jeg har almindeligvis stor respekt og sympati for mennesker, der k\u00e6mper for en sag. Sagen skulle i denne sammenh\u00e6ng angiveligt v\u00e6re at v\u00e6rds\u00e6tte omr\u00e5dets natur og retten til at &#8220;have lov til at v\u00e6re her og v\u00e6rne om det, vi holder af&#8221; for at bruge Per Christensens egne ord.<\/p>\n<p>Per Christensen giver i artiklen udtryk for at Musholm Bugt Feriecenter bryder reglerne, fordi man udlejer til g\u00e6ster uden et handicap. Nu er det jo hverken besk\u00e5ret Per Christensen eller andre at se, hvem der er handicappede nok til at komme p\u00e5 centret eller ej. Desuden vil der altid v\u00e6re mennesker uden handicap, hvor der er mennesker med handicap. Dels har nogen af os brug for hj\u00e6lpere. De har af gode grunde som regel ikke et handicap. Dels har vi familie. De fleste p\u00e5r\u00f8rende har heldigvis heller ikke et handicap. Jeg ved ikke, om Per Christensen mener, man skal sp\u00f8rge hver enkelt g\u00e6st, om de nu har et handicap? Personligt ville jeg ikke bryde mig om et s\u00e5dant sp\u00f8rgsm\u00e5l.<\/p>\n<p>B\u00e5de n\u00e5r vi ferierer, holder m\u00f8der og dyrker sport er der mennesker uden handicap med i billedet. Det tror jeg de fleste ved og er indstillet p\u00e5 at acceptere. At vi har et handicap g\u00f8r heller ikke, at vi er inaktive. Det er et noget utidssvarende forhold til begrebet handicap, n\u00e5r nogen stadig tror det. Men Musholm har nogle faciliteter, der er n\u00f8dvendige for at vi kan udfolde os. Det er de fleste andre mennesker, der kender lidt til handicap og lidt til baggrunden for etableringen af Musholm, ogs\u00e5 i stand til at erkende.<\/p>\n<p>Men tilbage er dog denne lille gruppe, der sammen med Per Christensen pr\u00f8ver at mist\u00e6nkeligg\u00f8re Muskelsvindfonden og centret med beskyldninger som n\u00e6vnte. Det er ufint og fort\u00e6ller mig noget, der g\u00f8r mig ganske bekymret: at nogle f\u00e5 borgere i kommunen er parat til at g\u00f8re hvad som helst for fortsat at genere centret.<\/p>\n<p>Der b\u00f8r v\u00e6re andre i omr\u00e5det, der griber ind og stopper denne lille borgergruppes fortsatte chikaner. De, der er naboer i omr\u00e5det, vil jo gerne det gode naboskab. Her er heldigvis den forst\u00e5else og respekt for hinanden, som vi, der er brugere af Musholm Ferie, Konference &amp; Sport, ogs\u00e5 er indstillet p\u00e5. Lad os f\u00e5 det bedste ud af det i f\u00e6llesskab.<\/p>\n<p>Med venlig hilsen<br \/>\nJan Jakobsen<br \/>\nHandicappet og<br \/>\nAktiv bruger af Musholm<br \/>\nByr\u00e5dsmedlem i Ringsted Kommune<br \/>\nBestyrelsesmedlem i Muskelsvindfonden<\/p>\n","protected":false},"excerpt":{"rendered":"<p>Mit l\u00e6serbrev har nu v\u00e6ret bragt i Sj\u00e6llandske (torsdag 24. juli sektion 1, side 8) Da det er forkortet af redaktionen bringer jeg det herunder i den forkortede udgave. Den oprindelige udgave finder du nederst p\u00e5 siden.<\/p>\n","protected":false},"author":3,"featured_media":0,"comment_status":"open","ping_status":"open","sticky":false,"template":"","format":"standard","meta":{"footnotes":""},"categories":[3,1],"tags":[],"class_list":["post-3474","post","type-post","status-publish","format-standard","hentry","category-handicapdebat","category-uncategorized"],"_links":{"self":[{"href":"https:\/\/jan-jakobsen.dk\/index.php?rest_route=\/wp\/v2\/posts\/3474","targetHints":{"allow":["GET"]}}],"collection":[{"href":"https:\/\/jan-jakobsen.dk\/index.php?rest_route=\/wp\/v2\/posts"}],"about":[{"href":"https:\/\/jan-jakobsen.dk\/index.php?rest_route=\/wp\/v2\/types\/post"}],"author":[{"embeddable":true,"href":"https:\/\/jan-jakobsen.dk\/index.php?rest_route=\/wp\/v2\/users\/3"}],"replies":[{"embeddable":true,"href":"https:\/\/jan-jakobsen.dk\/index.php?rest_route=%2Fwp%2Fv2%2Fcomments&post=3474"}],"version-history":[{"count":5,"href":"https:\/\/jan-jakobsen.dk\/index.php?rest_route=\/wp\/v2\/posts\/3474\/revisions"}],"predecessor-version":[{"id":3543,"href":"https:\/\/jan-jakobsen.dk\/index.php?rest_route=\/wp\/v2\/posts\/3474\/revisions\/3543"}],"wp:attachment":[{"href":"https:\/\/jan-jakobsen.dk\/index.php?rest_route=%2Fwp%2Fv2%2Fmedia&parent=3474"}],"wp:term":[{"taxonomy":"category","embeddable":true,"href":"https:\/\/jan-jakobsen.dk\/index.php?rest_route=%2Fwp%2Fv2%2Fcategories&post=3474"},{"taxonomy":"post_tag","embeddable":true,"href":"https:\/\/jan-jakobsen.dk\/index.php?rest_route=%2Fwp%2Fv2%2Ftags&post=3474"}],"curies":[{"name":"wp","href":"https:\/\/api.w.org\/{rel}","templated":true}]}}