{"id":3313,"date":"2014-06-26T02:44:00","date_gmt":"2014-06-26T00:44:00","guid":{"rendered":"http:\/\/jan-jakobsen.dk\/?p=3313"},"modified":"2014-06-26T04:02:55","modified_gmt":"2014-06-26T02:02:55","slug":"trapper-en-kortfilm-om-tilgaengelighed","status":"publish","type":"post","link":"https:\/\/jan-jakobsen.dk\/?p=3313","title":{"rendered":"TRAPPER &#8211; en kortfilm om tilg\u00e6ngelighed."},"content":{"rendered":"<p><a href=\"https:\/\/jan-jakobsen.dk\/https:\/\/jan-jakobsen.dk\/wp-content\/uploads\/2014\/06\/screenshot.png\"><img loading=\"lazy\" decoding=\"async\" class=\"alignleft wp-image-3318\" src=\"https:\/\/jan-jakobsen.dk\/https:\/\/jan-jakobsen.dk\/wp-content\/uploads\/2014\/06\/screenshot-300x166.png\" alt=\"screenshot\" width=\"400\" height=\"222\" srcset=\"https:\/\/jan-jakobsen.dk\/http:\/\/jan-jakobsen.dk\/wp-content\/uploads\/2014\/06\/screenshot-300x166.png 300w, https:\/\/jan-jakobsen.dk\/http:\/\/jan-jakobsen.dk\/wp-content\/uploads\/2014\/06\/screenshot-680x377.png 680w, https:\/\/jan-jakobsen.dk\/http:\/\/jan-jakobsen.dk\/wp-content\/uploads\/2014\/06\/screenshot.png 794w\" sizes=\"auto, (max-width: 400px) 100vw, 400px\" \/><\/a><\/p>\n<p>For nogle af os er trapper et sandt mareridt. Ikke kun et tilbagevendende mareridt, men et daglig mareridt.<!--more--><br \/>\nIdeen i filmen er ganske enkelt, at jeg p\u00e5 en bytur tog et foto af hver en trappe, jeg m\u00f8dte p\u00e5 min vej. Det kom der en lille kortfilm ud af, [3:37 minutter]. Hvert sekund kommer en ny trappe frem for beskueren. M\u00e5ske virker det overv\u00e6ldende. Det er s\u00e5dan set ogs\u00e5 meningen. For meningen er netop at skabe et massivt billede af, hvilken barriere, en trappe i virkeligheden er &#8211; ikke alene for k\u00f8restolsbrugere, men ogs\u00e5 for personer, der bruger rollator eller blot har nedsat gangfunktion.<\/p>\n<p>Det er meningen at filmen skal v\u00e6re en del af mit foredrag &#8220;At leve med et handicap&#8221; (<a title=\"Foredrag: \u201cAt leve med et handicap\u201d\" href=\"https:\/\/jan-jakobsen.dk\/?p=3285\">l\u00e6s mere om foredragetet ved at klikke p\u00e5 dette link<\/a>) i det omfang, der indg\u00e5r noget om tilg\u00e6ngelighed.<\/p>\n<p>Filmen har i\u00f8vrigt musik af Tom Sonntag. Det er nummeret &#8220;Invitation&#8221; fra CD&#8217;en &#8220;Nortid&#8221; \u00a9 Tom Sonntag 2004. Tag gerne et kig p\u00e5 Tom Sonntags hjemmeside, hvor du foruden CD&#8217;en\u00a0&#8220;Nortid&#8221; finder to nyere CD&#8217;er med musik af\u00a0Tom\u00a0Sonntag, der absolut lever op til kvaliteten. Du kan g\u00e5 videre til <a title=\"Tom Sonntag\" href=\"http:\/\/www.sonnmusic.com\/dansk\/danintro.html\">hjemmesiden ved at klikke \u00a0her<\/a>. P\u00e5 hjemmesiden kan du l\u00e6se mere om Tom Sonntag, h\u00f8re musikeksempler og bestille CD&#8217;ere.<\/p>\n<p>&nbsp;<\/p>\n<p>Du kan se filmen ved at klippe p\u00e5 linket nedenfor.<\/p>\n<p>&nbsp;<\/p>\n<p><a title=\"TRAPPER - en kortfilm om trapper.\" href=\"https:\/\/jan-jakobsen.dk\/TRAPPER.mp4\"><img loading=\"lazy\" decoding=\"async\" class=\"alignleft wp-image-3314\" src=\"https:\/\/jan-jakobsen.dk\/https:\/\/jan-jakobsen.dk\/wp-content\/uploads\/2014\/06\/trapper-strip-680x94.jpg\" alt=\"trapper-strip\" width=\"638\" height=\"89\" srcset=\"https:\/\/jan-jakobsen.dk\/http:\/\/jan-jakobsen.dk\/wp-content\/uploads\/2014\/06\/trapper-strip-680x94.jpg 680w, https:\/\/jan-jakobsen.dk\/http:\/\/jan-jakobsen.dk\/wp-content\/uploads\/2014\/06\/trapper-strip-300x41.jpg 300w, https:\/\/jan-jakobsen.dk\/http:\/\/jan-jakobsen.dk\/wp-content\/uploads\/2014\/06\/trapper-strip.jpg 1346w\" sizes=\"auto, (max-width: 638px) 100vw, 638px\" \/><\/a><\/p>\n<p>&nbsp;<\/p>\n","protected":false},"excerpt":{"rendered":"<p>For nogle af os er trapper et sandt mareridt. Ikke kun et tilbagevendende mareridt, men et daglig mareridt.<\/p>\n","protected":false},"author":3,"featured_media":0,"comment_status":"open","ping_status":"open","sticky":false,"template":"","format":"standard","meta":{"footnotes":""},"categories":[3,1],"tags":[],"class_list":["post-3313","post","type-post","status-publish","format-standard","hentry","category-handicapdebat","category-uncategorized"],"_links":{"self":[{"href":"https:\/\/jan-jakobsen.dk\/index.php?rest_route=\/wp\/v2\/posts\/3313","targetHints":{"allow":["GET"]}}],"collection":[{"href":"https:\/\/jan-jakobsen.dk\/index.php?rest_route=\/wp\/v2\/posts"}],"about":[{"href":"https:\/\/jan-jakobsen.dk\/index.php?rest_route=\/wp\/v2\/types\/post"}],"author":[{"embeddable":true,"href":"https:\/\/jan-jakobsen.dk\/index.php?rest_route=\/wp\/v2\/users\/3"}],"replies":[{"embeddable":true,"href":"https:\/\/jan-jakobsen.dk\/index.php?rest_route=%2Fwp%2Fv2%2Fcomments&post=3313"}],"version-history":[{"count":13,"href":"https:\/\/jan-jakobsen.dk\/index.php?rest_route=\/wp\/v2\/posts\/3313\/revisions"}],"predecessor-version":[{"id":3329,"href":"https:\/\/jan-jakobsen.dk\/index.php?rest_route=\/wp\/v2\/posts\/3313\/revisions\/3329"}],"wp:attachment":[{"href":"https:\/\/jan-jakobsen.dk\/index.php?rest_route=%2Fwp%2Fv2%2Fmedia&parent=3313"}],"wp:term":[{"taxonomy":"category","embeddable":true,"href":"https:\/\/jan-jakobsen.dk\/index.php?rest_route=%2Fwp%2Fv2%2Fcategories&post=3313"},{"taxonomy":"post_tag","embeddable":true,"href":"https:\/\/jan-jakobsen.dk\/index.php?rest_route=%2Fwp%2Fv2%2Ftags&post=3313"}],"curies":[{"name":"wp","href":"https:\/\/api.w.org\/{rel}","templated":true}]}}