{"id":3285,"date":"2014-06-25T00:12:06","date_gmt":"2014-06-24T22:12:06","guid":{"rendered":"http:\/\/jan-jakobsen.dk\/?p=3285"},"modified":"2014-06-27T07:58:00","modified_gmt":"2014-06-27T05:58:00","slug":"foredrag-at-leve-med-et-handicap","status":"publish","type":"post","link":"https:\/\/jan-jakobsen.dk\/?p=3285","title":{"rendered":"Foredrag: &#8220;At leve med et handicap&#8221;"},"content":{"rendered":"<p><img loading=\"lazy\" decoding=\"async\" class=\"size-full wp-image-3286 aligncenter\" src=\"https:\/\/jan-jakobsen.dk\/https:\/\/jan-jakobsen.dk\/wp-content\/uploads\/2014\/06\/Foredrag1.jpg\" alt=\"Foredrag1\" width=\"507\" height=\"200\" srcset=\"https:\/\/jan-jakobsen.dk\/http:\/\/jan-jakobsen.dk\/wp-content\/uploads\/2014\/06\/Foredrag1.jpg 507w, https:\/\/jan-jakobsen.dk\/http:\/\/jan-jakobsen.dk\/wp-content\/uploads\/2014\/06\/Foredrag1-300x118.jpg 300w\" sizes=\"auto, (max-width: 507px) 100vw, 507px\" \/><br \/>\nMit foredrag &#8220;At leve med et handicap&#8221; kan nu n\u00e5 ud til mange forskellige m\u00e5lgrupper\u00a0takket v\u00e6re et samarbejde mellem Muskelsvindfonden og bl.a. mig som foredragsholder. Der er ogs\u00e5 mulighed for at f\u00e5 en\u00a0en r\u00e6kke andre aktive foredragsholdere ud fra Muskelsvindfonden.Jeg \u00a0tilbyder i mit foredrag\u00a0vidt forskellige emner &#8211; og det koster &#8220;kun&#8221; transporten til den h\u00f8je statstakst samt eventuelle broafgifter at hyre mig til et foredrag.<\/p>\n<p><!--more--><\/p>\n<p><strong>Fort\u00e6lling &#8211; Formidling &#8211; Faglighed<\/strong><br \/>\n<strong>Som muskelsvindramt<\/strong> gennem snart 60 \u00e5r har jeg en fort\u00e6lling med mig i bagagen, som jeg kan s\u00e6tte ord p\u00e5.<br \/>\n<strong>Som kommunikationsuddannet<\/strong> kan jeg formidle og generalisere min fort\u00e6lling s\u00e5 den bliver relevant ogs\u00e5 for andre.<br \/>\n<strong>Som mange\u00e5rig handicappolitisk aktivist<\/strong> har jeg faglighed og politisk indsigt i emner inden for handicap.<\/p>\n<blockquote>\n<h4>\u00a0<strong>Sagt om foredraget:<\/strong><\/h4>\n<h4>&#8220;&#8230;Jeg tror, at mange for\u00e6ldre og andet personale omkring det enkelte barn\/ unge menneske kunne l\u00e6re meget omkring etik i forhold til privatlivets fred. Dette er min erfaring fra mit arbejde&#8230;&#8221;<\/h4>\n<h4>&#8220;&#8230;Jeg synes, at du var god til at formidle dine budskaber. Dejligt, at du havde en humoristisk tilgang til et ellers sv\u00e6rt emne&#8230;&#8221;<\/h4>\n<\/blockquote>\n<p><strong>Fleksibelt foredrag<\/strong><\/p>\n<p>Mit foredrag er opbygget fleksibelt, b\u00e5de n\u00e5r det g\u00e6lder emner, varighed og hvem, det henvender sig til. Det kan v\u00e6re fagligt personale p\u00e5 skoler, socialr\u00e5dgivere i kommunerne, virksomheder, studerende p\u00e5 Social- og Sundhedsuddannelser, gymnasier og folkeskoler eller andre, der kan have et behov for at vide noget om funktionsneds\u00e6ttelser.<\/p>\n<p>Emnerne, der kan tages op, er mangfoldige. De kan f.eks. v\u00e6re<\/p>\n<ul>\n<li>Handicap og funktionsneds\u00e6ttelse<\/li>\n<li>Hj\u00e6lp og hj\u00e6lpemidler i hverdagen og p\u00e5 arbejde<\/li>\n<li>Funktionsneds\u00e6ttelse og mulighederne p\u00e5 arbejdsmarkedet<\/li>\n<li>At v\u00e6re afh\u00e6ngig af andre (hj\u00e6lperordninger og andre former for hj\u00e6lp)<\/li>\n<li>Etik og afh\u00e6ngighed<\/li>\n<li>Funktionsneds\u00e6ttelser og seksualitet<\/li>\n<li>Respiration<\/li>\n<li>Tilg\u00e6ngelighed<\/li>\n<li>Plads til forskelle<\/li>\n<\/ul>\n<p>Der er ogs\u00e5 mulighed for at f\u00e5 andre emner ind i et foredrag.<\/p>\n<p>&nbsp;<\/p>\n<p><strong>Billed, film, lyd og tale<\/strong><\/p>\n<p>Foredraget er underst\u00f8ttet af billeder, tekst og mindre filmsekvenser, der underst\u00f8tter indholdet og er med til at variere det talte ord. Der er mulighed for at stille sp\u00f8rgsm\u00e5l undervejs.<\/p>\n<p>&nbsp;<\/p>\n<p><strong>Fra egen erfaring til almen viden<\/strong><\/p>\n<p>Alle emnerne tager udgangspunkt i mine egne erfaringer gennem snart 60 \u00e5r. Jeg l\u00e6gger dog v\u00e6gt p\u00e5 at fors\u00f8ge at generalisere dem, s\u00e5 de bliver mere almengyldige og anvendelige p\u00e5 flere handicapgrupper.<\/p>\n<p>&nbsp;<\/p>\n<p>Det skal der til<\/p>\n<p>Mit foredrag er bygget op omkring en projektionsfremvisning. Jeg medbringer selv udstyr til afvikling, dvs Ipad. Jeg har selv tilkobling til VGA-input med. Er der ikke projektor i lokalet, hvor jeg skal fremvise, kan jeg medbringe projektor og l\u00e6rred. Der skal udtrykkeligt gives besked\u00a0senest 3 dage f\u00f8r\u00a0foredraget, hvis jeg skal medbringe\u00a0projektor og l\u00e6rred.<\/p>\n<p>&nbsp;<\/p>\n<p><strong>L\u00e6s mere, v\u00e6lg og f\u00f8lg med<\/strong><\/p>\n<p>Du kan l\u00e6se mere om &#8220;At leve med et handicap&#8221; og f\u00f8lge nyheder om mit foredrag p\u00e5 Facebook <a title=\"Facebooksiden &quot;At leve med et handicap&quot;.\" href=\"https:\/\/www.facebook.com\/Jak.foredrag?ref_type=bookmark\" target=\"_blank\">ved at klikke her<\/a>.<\/p>\n<p>Du kan finde en beskrivelse af alle foredragsholdere fra Muskelsvindfonden <a title=\"Book et foredrag fra Muskelsvindfonden\" href=\"http:\/\/muskelsvindfonden.dk\/om-muskelsvind\/book-et-foredrag\/\" target=\"_blank\">ved at \u00a0klikke her<\/a>.<\/p>\n<p style=\"text-align: left;\"><a href=\"https:\/\/jan-jakobsen.dk\/https:\/\/jan-jakobsen.dk\/wp-content\/uploads\/2014\/06\/Foredrag2.jpg\"><img loading=\"lazy\" decoding=\"async\" class=\"size-large wp-image-3287\" src=\"https:\/\/jan-jakobsen.dk\/https:\/\/jan-jakobsen.dk\/wp-content\/uploads\/2014\/06\/Foredrag2-680x318.jpg\" alt=\"Foredrag2\" width=\"680\" height=\"318\" srcset=\"https:\/\/jan-jakobsen.dk\/http:\/\/jan-jakobsen.dk\/wp-content\/uploads\/2014\/06\/Foredrag2-680x318.jpg 680w, https:\/\/jan-jakobsen.dk\/http:\/\/jan-jakobsen.dk\/wp-content\/uploads\/2014\/06\/Foredrag2-300x140.jpg 300w, https:\/\/jan-jakobsen.dk\/http:\/\/jan-jakobsen.dk\/wp-content\/uploads\/2014\/06\/Foredrag2.jpg 1701w\" sizes=\"auto, (max-width: 680px) 100vw, 680px\" \/><\/a><\/p>\n","protected":false},"excerpt":{"rendered":"<p>Mit foredrag &#8220;At leve med et handicap&#8221; kan nu n\u00e5 ud til mange forskellige m\u00e5lgrupper\u00a0takket v\u00e6re et samarbejde mellem Muskelsvindfonden og bl.a. mig som foredragsholder. Der er ogs\u00e5 mulighed for at f\u00e5 en\u00a0en r\u00e6kke andre aktive foredragsholdere ud fra Muskelsvindfonden.Jeg &hellip; <a href=\"https:\/\/jan-jakobsen.dk\/?p=3285\">L\u00e6s resten <span class=\"meta-nav\">&rarr;<\/span><\/a><\/p>\n","protected":false},"author":3,"featured_media":0,"comment_status":"open","ping_status":"open","sticky":false,"template":"","format":"standard","meta":{"footnotes":""},"categories":[4,10,3,1],"tags":[],"class_list":["post-3285","post","type-post","status-publish","format-standard","hentry","category-blog","category-debatoplaeg","category-handicapdebat","category-uncategorized"],"_links":{"self":[{"href":"https:\/\/jan-jakobsen.dk\/index.php?rest_route=\/wp\/v2\/posts\/3285","targetHints":{"allow":["GET"]}}],"collection":[{"href":"https:\/\/jan-jakobsen.dk\/index.php?rest_route=\/wp\/v2\/posts"}],"about":[{"href":"https:\/\/jan-jakobsen.dk\/index.php?rest_route=\/wp\/v2\/types\/post"}],"author":[{"embeddable":true,"href":"https:\/\/jan-jakobsen.dk\/index.php?rest_route=\/wp\/v2\/users\/3"}],"replies":[{"embeddable":true,"href":"https:\/\/jan-jakobsen.dk\/index.php?rest_route=%2Fwp%2Fv2%2Fcomments&post=3285"}],"version-history":[{"count":7,"href":"https:\/\/jan-jakobsen.dk\/index.php?rest_route=\/wp\/v2\/posts\/3285\/revisions"}],"predecessor-version":[{"id":3297,"href":"https:\/\/jan-jakobsen.dk\/index.php?rest_route=\/wp\/v2\/posts\/3285\/revisions\/3297"}],"wp:attachment":[{"href":"https:\/\/jan-jakobsen.dk\/index.php?rest_route=%2Fwp%2Fv2%2Fmedia&parent=3285"}],"wp:term":[{"taxonomy":"category","embeddable":true,"href":"https:\/\/jan-jakobsen.dk\/index.php?rest_route=%2Fwp%2Fv2%2Fcategories&post=3285"},{"taxonomy":"post_tag","embeddable":true,"href":"https:\/\/jan-jakobsen.dk\/index.php?rest_route=%2Fwp%2Fv2%2Ftags&post=3285"}],"curies":[{"name":"wp","href":"https:\/\/api.w.org\/{rel}","templated":true}]}}