{"id":3267,"date":"2014-07-08T08:05:19","date_gmt":"2014-07-08T06:05:19","guid":{"rendered":"http:\/\/jan-jakobsen.dk\/?p=3267"},"modified":"2014-07-08T09:02:16","modified_gmt":"2014-07-08T07:02:16","slug":"paradoksernes-tid-en-refleksion","status":"publish","type":"post","link":"https:\/\/jan-jakobsen.dk\/?p=3267","title":{"rendered":"Paradoksernes tid &#8211; en refleksion"},"content":{"rendered":"<p><a href=\"https:\/\/jan-jakobsen.dk\/https:\/\/jan-jakobsen.dk\/wp-content\/uploads\/2014\/07\/1404799884631.jpg\"><img loading=\"lazy\" decoding=\"async\" class=\"alignleft size-medium wp-image-3384\" src=\"https:\/\/jan-jakobsen.dk\/https:\/\/jan-jakobsen.dk\/wp-content\/uploads\/2014\/07\/1404799884631-232x300.jpg\" alt=\"1404799884631\" width=\"232\" height=\"300\" srcset=\"https:\/\/jan-jakobsen.dk\/http:\/\/jan-jakobsen.dk\/wp-content\/uploads\/2014\/07\/1404799884631-232x300.jpg 232w, https:\/\/jan-jakobsen.dk\/http:\/\/jan-jakobsen.dk\/wp-content\/uploads\/2014\/07\/1404799884631-680x877.jpg 680w\" sizes=\"auto, (max-width: 232px) 100vw, 232px\" \/><\/a>Den tid vi lever i lige nu har un\u00e6gteligt sin egen &#8220;charme&#8221; og sine egne udfordringer, men charme og udfordringer tr\u00e6kker ikke n\u00f8dvendigvis i samme retning. Ny teknologi betyder ikke automatisk ny rummelighed.<\/p>\n<p>Vi, der lever med et handicap, oplever, at der aldrig har v\u00e6ret s\u00e5 mange muligheder og s\u00e5 hastig en teknologisk udvikling, som vi kan drage nytte af i hverdagen. Vi oplever ogs\u00e5, at en del apps for eksempel kan v\u00e6re en virkelig god st\u00f8tte i hverdagen indenfor mange forskellige grupper af handicap. P\u00e5 en del omr\u00e5der endda uden at det er s\u00e6rligt omkostningskr\u00e6vende. Der er aldrig f\u00f8r i historien blevet udviklet s\u00e5 mange sm\u00e5 applikationer, som kan v\u00e6re med til at lette en ellers besv\u00e6rlig hverdag. <!--more-->En grund til at nogle programmer er blevet meget billige, skyldes, at de egentlig er udviklet af med henblik p\u00e5 at kunne bruges af mange og ikke kun en lille gruppe mennesker med handicap. Groft sagt kan man sige, at mange af programmerne, eller det isenkram, vi f\u00e5r gl\u00e6de af, er udviklet til mennesker, der for eksempel \u00f8nsker at speedskrive beskeder p\u00e5 deres tablet eller telefon eller blive lettet i hverdagen, n\u00e5r det g\u00e6lder om at f\u00e5 vist vejen. Det giver et helt andet salgspotentiale end hvis man udvikler et specifikt program, der f\u00e5r karakter af et hj\u00e6lpemiddel.<\/p>\n<p>Med ganske f\u00e5 eller ofte ingen tillempning er det nu muligt at benytte b\u00e5de apps og udstyr i forbindelse med et handicap, som det ikke tidligere har v\u00e6ret muligt uden at det kostede en formue. Uden at dv\u00e6le for meget ved konkrete eksempler vil jeg alligevel komme med to, som jeg selv har erfaring med.<\/p>\n<p>Det ene eksempel er den m\u00e5de jeg skriver p\u00e5. Dette blogindl\u00e6g er skrevet med en mus. Min tablet kan styres med musen. Jeg kan skrive ved at bev\u00e6ge musen hen over et virtuelt tastatur og klikke p\u00e5 bogstaverne. Besv\u00e6rligt? Ja, men hvis alternativet er slet ikke at kunne skrive, s\u00e5 er det langt at foretr\u00e6kke. Denne l\u00f8sning bliver nu udbygget med, at jeg fremover kan styre en del af mine enheder (computer, tablet, telefon) med joystick&#8217;et p\u00e5 min k\u00f8restol.<\/p>\n<p>Det andet eksempel er, at jeg for nylig igen blev i stand til at fotografere. Det har v\u00e6ret umuligt i en lang \u00e5rr\u00e6kke ganske simpelt fordi jeg blev ude af stand til at l\u00f8fte et kamera. Igen er det min tablet, der er med til at lette hverdagen. Min tablet kobles med en fotolinse via tr\u00e5dl\u00f8s kommunikation. Linsen kan holdes af min hj\u00e6lper eller sidde p\u00e5 min k\u00f8restol. Jeg ser og styrer selv billedet via tabletten med zoom, bl\u00e6nde, fokus osv. Ogs\u00e5 dette kan styres med joystick&#8217;et p\u00e5 min k\u00f8restol.<\/p>\n<p>Begge eksempler er udtryk for en udvikling, der frigiver nye muligheder for at udtrykke sig b\u00e5de skriftligt og i billeder. For nogle af os bliver det et sp\u00f8rgsm\u00e5l om at kompensere for et funktionstab. For andre bliver det \u00e5bningen af et helt nyt univers. Mange med kommunikationsproblemer vil kunne f\u00e5 gl\u00e6de af disse nye muligheder, hvis der er tilstr\u00e6kkeligt fokus p\u00e5 at tilf\u00f8re disse muligheder i den p\u00e6dagogiske indsats med b\u00f8rn og unge &#8211; ikke mindst billedl\u00f8sninger kan rumme en lang r\u00e6kke muligheder for at kunne udtrykke sig.<\/p>\n<p>Sp\u00f8rgsm\u00e5let er s\u00e5, om denne udvikling er med til at s\u00e6tte nogle nye perspektiver i 1) mulighederne for at fastholde mennesker, der f\u00e5r en funktionsneds\u00e6ttelse i en samfundsm\u00e6ssig position 2) at bringe mennesker, der har en eksempelvis medf\u00f8dt eller tidligt opst\u00e5et funktionsneds\u00e6ttelse t\u00e6ttere p\u00e5 samfundsm\u00e6ssig deltagelse. Umiddelbart skulle man tro, at selve det, at der kommer flere, bedre og billigere teknologiske l\u00f8sninger, der kan lette hverdagen for mennesker med handicap, vil fremme vores muligheder for fortsat deltagelse i eller indlemmelse i b\u00e5de samfundsliv og for nogle ogs\u00e5 produktion.<\/p>\n<p>Teknologien isoleret set taler naturligvis for. Men en del kr\u00e6fter taler desv\u00e6rre ogs\u00e5 imod. Rummeligheden bliver ikke st\u00f8rre. Der er konstante krav om effektivisering og det er \u00e5rsag til stadig flere skubbes ud &#8211; alts\u00e5 en modsatrettet bev\u00e6gelse, der peger v\u00e6k fra rummeligheden. En arbejdsgiver \u00f8nsker sig ikke en journalist, der skriver langsommere end alle andre, men tv\u00e6rtimod \u00e9n, der skriver hurtigere. M\u00e5lestokken er ikke n\u00f8dvendigvis kvalitet, men kvantitet. Set i det perspektiv bliver det alt andet lige sv\u00e6rere at konkurrere, hvis man har en funktionsneds\u00e6ttelse.<\/p>\n<p>At \u00f8nske sig, at man l\u00e6gger en anden m\u00e5lestok end produktivitet til grund for v\u00e6rdis\u00e6ttelsen af mennesker, er nok for meget forlangt med det markedsstyrede samfund, som dominerer i \u00f8jeblikket. Men det kr\u00e6ver helt andre boller p\u00e5 suppen, hvis disse mekanismer ikke skal blive totalt styrende. Der er i Danmark gennemf\u00f8rt en r\u00e6kke &#8220;reformer&#8221;, der skal sikre en st\u00f8rre arbejdskraftreserve. Det er imidlertid ikke blevet fulgt op af initiativer, der reelt sikrer, at de, man \u00f8nsker at f\u00e5 v\u00e6k fra den s\u00e5kaldte &#8220;passive fors\u00f8rgelse&#8221; og i stedet g\u00f8re det muligt at f\u00e5 fodf\u00e6ste p\u00e5 dette arbejdsmarked. Det synes \u00e5benlyst, at skal der v\u00e6re blot lidt mening med galskaben (reformerne), s\u00e5 m\u00e5 de f\u00f8lges op med initiativer, der skaber mulighederne for reel besk\u00e6ftigelse.<\/p>\n<p>Det nytter ikke, at teknologien giver stadig flere og gode muligheder, n\u00e5r de reelt ikke bliver fulgt op af initiativer, der kan underst\u00f8tte udviklingen af rummeligheden p\u00e5 arbejdsmarkedet. Det er desv\u00e6rre nok den mangel p\u00e5 udvikling, som vil blive ganske tydelig i de kommende \u00e5r &#8211; og det er sandelig noget af et paradoks.<\/p>\n","protected":false},"excerpt":{"rendered":"<p>Den tid vi lever i lige nu har un\u00e6gteligt sin egen &#8220;charme&#8221; og sine egne udfordringer, men charme og udfordringer tr\u00e6kker ikke n\u00f8dvendigvis i samme retning. Ny teknologi betyder ikke automatisk ny rummelighed. Vi, der lever med et handicap, oplever, &hellip; <a href=\"https:\/\/jan-jakobsen.dk\/?p=3267\">L\u00e6s resten <span class=\"meta-nav\">&rarr;<\/span><\/a><\/p>\n","protected":false},"author":3,"featured_media":0,"comment_status":"open","ping_status":"open","sticky":false,"template":"","format":"standard","meta":{"footnotes":""},"categories":[4,3,1],"tags":[],"class_list":["post-3267","post","type-post","status-publish","format-standard","hentry","category-blog","category-handicapdebat","category-uncategorized"],"_links":{"self":[{"href":"https:\/\/jan-jakobsen.dk\/index.php?rest_route=\/wp\/v2\/posts\/3267","targetHints":{"allow":["GET"]}}],"collection":[{"href":"https:\/\/jan-jakobsen.dk\/index.php?rest_route=\/wp\/v2\/posts"}],"about":[{"href":"https:\/\/jan-jakobsen.dk\/index.php?rest_route=\/wp\/v2\/types\/post"}],"author":[{"embeddable":true,"href":"https:\/\/jan-jakobsen.dk\/index.php?rest_route=\/wp\/v2\/users\/3"}],"replies":[{"embeddable":true,"href":"https:\/\/jan-jakobsen.dk\/index.php?rest_route=%2Fwp%2Fv2%2Fcomments&post=3267"}],"version-history":[{"count":9,"href":"https:\/\/jan-jakobsen.dk\/index.php?rest_route=\/wp\/v2\/posts\/3267\/revisions"}],"predecessor-version":[{"id":3387,"href":"https:\/\/jan-jakobsen.dk\/index.php?rest_route=\/wp\/v2\/posts\/3267\/revisions\/3387"}],"wp:attachment":[{"href":"https:\/\/jan-jakobsen.dk\/index.php?rest_route=%2Fwp%2Fv2%2Fmedia&parent=3267"}],"wp:term":[{"taxonomy":"category","embeddable":true,"href":"https:\/\/jan-jakobsen.dk\/index.php?rest_route=%2Fwp%2Fv2%2Fcategories&post=3267"},{"taxonomy":"post_tag","embeddable":true,"href":"https:\/\/jan-jakobsen.dk\/index.php?rest_route=%2Fwp%2Fv2%2Ftags&post=3267"}],"curies":[{"name":"wp","href":"https:\/\/api.w.org\/{rel}","templated":true}]}}