{"id":3264,"date":"2014-05-12T10:40:57","date_gmt":"2014-05-12T08:40:57","guid":{"rendered":"http:\/\/jan-jakobsen.dk\/?p=3264"},"modified":"2015-01-30T17:11:52","modified_gmt":"2015-01-30T16:11:52","slug":"velkomst-socialstyrelsens-mode-for-handicaprad-i-region-sjaelland","status":"publish","type":"post","link":"https:\/\/jan-jakobsen.dk\/?p=3264","title":{"rendered":"Velkomst Socialstyrelsens m\u00f8de for Handicapr\u00e5d i Region Sj\u00e6lland"},"content":{"rendered":"<p>Velkommen til Ringsted. Vi er en kommune, der ligner mange andre, hvis man ser bort fra at vi ligger i hjertet af Sj\u00e6lland. Det g\u00f8r det lidt lettere at komme hertil fra hele regionen. Ellers st\u00e5r vi med samme udfordringer som alle i andre.<\/p>\n<p>Hvad er det s\u00e5 for udfordringer, vi st\u00e5r med i fremtiden som Handicapr\u00e5d? Nu taler jeg ikke Ringsted, men Handicapr\u00e5dene generelt.<br \/>\nVi kunne lige s\u00e5 godt sp\u00f8rge: Hvad er det for udfordringer vi st\u00e5r med som mennesker med handicap? De to ting h\u00f8rer ul\u00f8seligt sammen.<\/p>\n<p>Mit bud er, at vores opgave som Handicapr\u00e5d er at spotte og f\u00f8re de vigtigste opgaver ind i det politiske rum. At give politikere noget med p\u00e5 vejen, n\u00e5r der skal l\u00f8ses opgaver og &#8211; ikke mindst &#8211; prioriteres.<\/p>\n<p>I \u00f8jeblikket er det , som om der er g\u00e5et svind i den konsensus, der f\u00f8r har v\u00e6ret omkring handicappolitikken. Det har altid v\u00e6ret s\u00e5dan, at vilk\u00e5rene for mennesker med handicap \u00e6ndrede sig hastigere eller langsommere. Alts\u00e5 siden socialreformen i 30&#8217;erne. Det er altid. Aldrig har vi oplevet tilbagegang som det, vi ser nu. Det er som bekendt sv\u00e6rt at sp\u00e5 om fremtiden, men jeg tror, at vi st\u00e5r os ved at erkende, at situationen er temmelig alvorlig og at vi i fremtiden skal k\u00e6mpes mere for resultaterne.<\/p>\n<p><!--more--><\/p>\n<p><a href=\"https:\/\/jan-jakobsen.dk\/https:\/\/jan-jakobsen.dk\/wp-content\/uploads\/2014\/05\/2014-05-12-11.18.59.jpg\"><img loading=\"lazy\" decoding=\"async\" class=\" wp-image-3271 alignleft\" style=\"margin-left: 10px; margin-right: 10px;\" src=\"https:\/\/jan-jakobsen.dk\/https:\/\/jan-jakobsen.dk\/wp-content\/uploads\/2014\/05\/2014-05-12-11.18.59-680x483.jpg\" alt=\"2014-05-12 11.18.59\" width=\"476\" height=\"338\" srcset=\"https:\/\/jan-jakobsen.dk\/http:\/\/jan-jakobsen.dk\/wp-content\/uploads\/2014\/05\/2014-05-12-11.18.59-680x483.jpg 680w, https:\/\/jan-jakobsen.dk\/http:\/\/jan-jakobsen.dk\/wp-content\/uploads\/2014\/05\/2014-05-12-11.18.59-300x213.jpg 300w, https:\/\/jan-jakobsen.dk\/http:\/\/jan-jakobsen.dk\/wp-content\/uploads\/2014\/05\/2014-05-12-11.18.59.jpg 1115w\" sizes=\"auto, (max-width: 476px) 100vw, 476px\" \/><\/a>Det er lidt nyt, og hvis jeg skal sige det lidt provokerende, s\u00e5 stiller det ikke krav til alle andre, men f\u00f8rst og fremmest til os selv. Til os, der selv lever med et handicap selv og til de, der er p\u00e5r\u00f8rende. Det kr\u00e6ver alts\u00e5 nogle erkendelser &#8211; ogs\u00e5 af os selv.<\/p>\n<p>Jeg tror fremtiden stiller store krav til os selv. Vi bliver n\u00f8dt til at v\u00e6re proaktive. Ogs\u00e5 n\u00e5r det g\u00e6lder om at medvirke til l\u00f8sninger.<\/p>\n<p>Jeg forst\u00e5r godt, at vi har sv\u00e6rt ved at komme igennem med vores budskaber. Vi elsker at fort\u00e6lle politikerne hvad de skulle have gjort. M\u00e5ske skal vi i stedet sp\u00f8rge: hvad kan vi sammen g\u00f8re?<\/p>\n<p>Vi har alle gode grunde til at vise vrede, frustration, frygt og bekymring. Men tiden er ikke til, at vi sure l\u00e6ner os tilbage over s\u00e5kaldte reformer, selv om de g\u00f8r livet meget besv\u00e6rligt. At vi i stedet for at sige &#8220;hvad sagde vi&#8221; og have en forn\u00e6rmet retorik rent faktisk l\u00e6gger os i selen og pr\u00f8ver at v\u00e6re med til at skabe vigtige l\u00f8sninger ude i kommunerne.<\/p>\n<p>Det handler om mennesker og der er alt for meget p\u00e5 spil til at vi kan tillade os negative eller tilbagel\u00e6nede attituder.<\/p>\n<p>Hvad kan vi s\u00e5 rent faktisk g\u00f8re? N\u00e5r det g\u00e6lder inklusion, s\u00e5 kan vi p\u00e5pege de mange mods\u00e6tninger, vi oplever i hverdagen, som ikke tr\u00e6kker i retning af inklusion. Vi kan og skal stille sp\u00f8rgsm\u00e5let: hvad kan vi s\u00e5 sammen g\u00f8re ved det, k\u00e6re politikere?<\/p>\n<p>Hvordan finder vi passende l\u00f8sninger &#8211; for eksempel i de kommuner, der ikke har sikret noget s\u00e5 banalt som tilg\u00e6ngelighed til folkeskolerne. Det er kun et enkelt eksempel p\u00e5 en lang r\u00e6kke af problemer, der er i inklusion. Mange problemer er langt mere komplekse end det, jeg n\u00e6vner her. N\u00e5r jeg n\u00e6vner tilg\u00e6ngelighed, er det fordi det er konkret og s\u00e5 fundamentalt banalt, at det skriger til himlen.<\/p>\n<p>Kan vi ikke l\u00f8se det, s\u00e5 er inklusion umulig. Og inklusion er ikke umuligt. Vi skal hele tiden huske, at inklusion og kompensation er selve vores m\u00e5l og berettigelse. Derfor skal vi konstruktivt arbejde for inklusion vel vidende at det ikke er s\u00e5 enkelt. Vel vidende, at der ikke er den besparelse, som nogle politikere forledes til at tro. S\u00e5 meget mere grund er der til, at vi er proaktiv ogs\u00e5 n\u00e5r det g\u00e6lder l\u00f8sninger. Det er en forbandet sv\u00e6r proces. Men den er n\u00f8dvendig.<\/p>\n<p>Arbejdsmarkedet er en anden side af samme sag. Jeg er faktisk enig med blandt andet regeringen, n\u00e5r man siger, at vi alle skal bruge vores restarbejdsevne til f\u00e6llesskabets bedste. Ogs\u00e5 selv om den er lille. Jeg stiller bare mig selv sp\u00f8rgsm\u00e5let: er det reelt, hvad man g\u00f8r? S\u00e5 sent som i sidste uge var det fremme i pressen, at en t\u00f8mrer, vel at m\u00e6rke med Ankestyrelsens billigelse, af en kommune var visiteret til et fleksjob p\u00e5 40 minutter om ugen. Vi h\u00f8rte folketingspolitikere sige, at det ikke var meningen, at lovgivningen skulle bruges p\u00e5 den m\u00e5de. Det er da muligt, men det er virkeligheden, at kommunerne bruger lovgivningen for at skaffe sig \u00f8konomisk r\u00e5derum. Dette her handler jo slet ikke om at bruge en lille restarbejdsevne til f\u00e6llesskabets bedste. Det handler om at skubbe mellem kasser og mindske byrder i den kommunale \u00f8konomi.<\/p>\n<p>Det er uholdbart, men skal vi det til livs, s\u00e5 skal vi erkende flere ting.<br \/>\n&#8211; Der er ikke uindskr\u00e6nkede midler til r\u00e5dighed i \u00f8jeblikket.<br \/>\n&#8211; Vi skal se os selv som medansvarlige for at l\u00f8sningen.<\/p>\n<p>For mig betyder det ikke, at vi skal acceptere hvad som helst. Det betyder, at vi skal v\u00e6re med til at finde acceptable l\u00f8sninger. Personligt er jeg meget bekymret for besk\u00e6ftigelsen af mennesker med handicap. P\u00e5 den anden side har vi gode kort p\u00e5 h\u00e5nden, for argumenterne for de s\u00e5kaldte reformer har v\u00e6ret at g\u00f8re s\u00e5 mange som muligt til en aktiv del af arbejdsmarkedet. S\u00e5 lad os da g\u00f8re det.<br \/>\nDet kr\u00e6ver fleksibilitet i uddannelse.<br \/>\nDet kr\u00e6ver en tilg\u00e6ngelig offentlig transport, n\u00e5r der samtidig bevilges f\u00e6rre handicapbiler.<br \/>\nDet kr\u00e6ver s\u00e5gar arbejdspladser.<\/p>\n<p>Alt dette kr\u00e6ver samarbejde mellem kommuner, for alle opgaverne kan nu engang ikke l\u00f8ses inden for den enkelte kommunes gr\u00e6nse, selv om det kunne se ud som om nogle kommuner tror det. Kan vi l\u00f8se alt dette er det jo den revolution vi har ventet p\u00e5 i mange \u00e5r: inklusion &#8211; at samfundet bliver brugbart for alle.<\/p>\n<p>Og s\u00e5 skal vi lige skabe rummelighed p\u00e5 arbejdsmarkedet. Rummeligheden bliver stadig mindre i \u00f8jeblikket. Kravene sk\u00e6rpes. Vi skal v\u00e6re stadig mere effektive. P\u00e5 det omr\u00e5de ser der dog ud til at v\u00e6re hj\u00e6lp p\u00e5 vej.<br \/>\nSidste \u00e5r kom en rapport, der blev besluttet ved finanslovsforliget 2012. Rapporten skulle se p\u00e5, hvad social\u00f8konomiske virksomheder er, p\u00e5 mulighederne for at skabe flere og p\u00e5 mulighederne for at skabe bedre vilk\u00e5r for denne type virksomheder. Social\u00f8konomiske virksomheder har ikke som form\u00e5l at skabe overskud til ejere eller aktion\u00e6rer, men at bruge overskuddet inden for virksomhedens rammer. Rapporten konkluderer, at der er et stort potentiale for social\u00f8konomiske virksomheder i Danmark, fordi der er mange omr\u00e5der, der ikke anses for s\u00e5 givtige i privat sammenh\u00e6ng at det er v\u00e6rd at investere i. Alligevel kan der l\u00f8ses en mangfoldighed af opgaver p\u00e5 betingelser, der skaber rum for b\u00e5de mennesker, der er socialt udsatte og mennesker med handicap. Det giver muligheder for at skabe jobs, der b\u00e5de kan tage forn\u00f8dne hensyn og skabe meningsfyldt produktion.<\/p>\n<p>Kommuner, regioner, staten og ikke mindst handicapbev\u00e6gelsen b\u00f8r have k\u00e6mpe interesser i, at det bliver til virkelighed. Det vil blandt andet v\u00e6re med til at give os en proaktiv rolle. Vi skal selv v\u00e6re en del af l\u00f8sningen. Vi skal ud af de vante roller og s\u00e5 at sige vove en arm. Vi skal naturligvis fortsat v\u00e6re kritiske, men vi skal have langt mere konstruktiv t\u00e6nkning p\u00e5 banen &#8211; vise at vi ogs\u00e5 vil og vi ogs\u00e5 kan bidrage. Det vil v\u00e6re en fordel for samfundet &#8211; os alle sammen &#8211; og os selv.<\/p>\n<p>Det er med vilje jeg ikke har talt om h\u00f8ringssvar, samarbejdskultur, Handicapr\u00e5dets st\u00f8rrelse, konkrete initiativer i vores Handicapr\u00e5d, arbejdsplaner, \u00e5rshjul, budgetprocessen, prioriteringer og hvad der nu ellers r\u00f8rer sig rundt om. Det skal der nok blive lejlighed til at komme ind p\u00e5 i l\u00f8bet af dagen.<\/p>\n<p>Jeg vil stoppe her. Tiden er ved at v\u00e6re g\u00e5et og vi skal videre med programmet &#8211; og videre med vores projekt med at g\u00f8re Handicapr\u00e5dene til en proaktiv r\u00e5dgiver OG samarbejdspartner ude i kommunerne, der spotter og f\u00f8rer de vigtigste opgaver ind i det politiske rum. Hav en rigtig god og forh\u00e5bentlig udbytterig dag.<\/p>\n","protected":false},"excerpt":{"rendered":"<p>Velkommen til Ringsted. Vi er en kommune, der ligner mange andre, hvis man ser bort fra at vi ligger i hjertet af Sj\u00e6lland. Det g\u00f8r det lidt lettere at komme hertil fra hele regionen. Ellers st\u00e5r vi med samme udfordringer &hellip; <a href=\"https:\/\/jan-jakobsen.dk\/?p=3264\">L\u00e6s resten <span class=\"meta-nav\">&rarr;<\/span><\/a><\/p>\n","protected":false},"author":3,"featured_media":0,"comment_status":"open","ping_status":"open","sticky":false,"template":"","format":"standard","meta":{"footnotes":""},"categories":[4,3,1],"tags":[],"class_list":["post-3264","post","type-post","status-publish","format-standard","hentry","category-blog","category-handicapdebat","category-uncategorized"],"_links":{"self":[{"href":"https:\/\/jan-jakobsen.dk\/index.php?rest_route=\/wp\/v2\/posts\/3264","targetHints":{"allow":["GET"]}}],"collection":[{"href":"https:\/\/jan-jakobsen.dk\/index.php?rest_route=\/wp\/v2\/posts"}],"about":[{"href":"https:\/\/jan-jakobsen.dk\/index.php?rest_route=\/wp\/v2\/types\/post"}],"author":[{"embeddable":true,"href":"https:\/\/jan-jakobsen.dk\/index.php?rest_route=\/wp\/v2\/users\/3"}],"replies":[{"embeddable":true,"href":"https:\/\/jan-jakobsen.dk\/index.php?rest_route=%2Fwp%2Fv2%2Fcomments&post=3264"}],"version-history":[{"count":6,"href":"https:\/\/jan-jakobsen.dk\/index.php?rest_route=\/wp\/v2\/posts\/3264\/revisions"}],"predecessor-version":[{"id":3957,"href":"https:\/\/jan-jakobsen.dk\/index.php?rest_route=\/wp\/v2\/posts\/3264\/revisions\/3957"}],"wp:attachment":[{"href":"https:\/\/jan-jakobsen.dk\/index.php?rest_route=%2Fwp%2Fv2%2Fmedia&parent=3264"}],"wp:term":[{"taxonomy":"category","embeddable":true,"href":"https:\/\/jan-jakobsen.dk\/index.php?rest_route=%2Fwp%2Fv2%2Fcategories&post=3264"},{"taxonomy":"post_tag","embeddable":true,"href":"https:\/\/jan-jakobsen.dk\/index.php?rest_route=%2Fwp%2Fv2%2Ftags&post=3264"}],"curies":[{"name":"wp","href":"https:\/\/api.w.org\/{rel}","templated":true}]}}