{"id":3222,"date":"2014-03-29T10:36:03","date_gmt":"2014-03-29T09:36:03","guid":{"rendered":"http:\/\/jan-jakobsen.dk\/?p=3222"},"modified":"2014-03-29T10:36:03","modified_gmt":"2014-03-29T09:36:03","slug":"formand-oppe-imod-en-kommunal-blindhed","status":"publish","type":"post","link":"https:\/\/jan-jakobsen.dk\/?p=3222","title":{"rendered":"Formand: Oppe imod en kommunal blindhed"},"content":{"rendered":"<p>Pressemeddelelse fra Danske Handicaporganisationer i Ringsted:<\/p>\n<p><span style=\"font-size: x-large;\"><i style=\"font-size: 14px; line-height: 1.5em;\"><b>P\u00e5 \u00e5rsm\u00f8det for Danske Handicaporganisationer i Ringsted kom den nyligt genvalgte formand for Ringsted Handicapr\u00e5d Jan Jakobsen ogs\u00e5 med en kort beretning. Her n\u00e6vnte han bl.a. at kommunens dagsordener og bilag ikke overholder standarder for opl\u00e6sning p\u00e5 computer, hvilket giver store problemer for blinde medlemmer.<!--more--><\/b><\/i><\/span><\/p>\n<p>&#8211; Jeg synes det er s\u00f8rgeligt, at en kommune ikke tager sine forpligtelser p\u00e5 dette omr\u00e5de mere alvorligt. Det er en attitude, vi ikke kan leve med, og som skal \u00e6ndres nu, sagde Jan Jakobsen, der selv er valgt ind i Danske Handicaporganisationer i Ringsted som repr\u00e6sentant for Muskelsvindfonden.<\/p>\n<p>&#8211; Problemet bliver ikke mindre nu, hvor vi skal arbejde i grupper. Det m\u00e5 n\u00f8dvendigvis g\u00e6lde alle dagsordener for alle udvalg i hele kommunen, fortsatte Jan Jakobsen.<\/p>\n<p>I beretningen kom formanden ind p\u00e5, at der i perioden siden sidste \u00e5rsm\u00f8de har Handicapr\u00e5det holdt 6 m\u00f8der og v\u00e6ret behandlet mange sager og afgivet en del h\u00f8ringssvar.<\/p>\n<p>&#8211; Blandt de emner, der har fyldt meget, er tilsyn vokseninstitutioner. Is\u00e6r Bo- og Servicecenter Bengerds All\u00e9 har der i handicapr\u00e5det v\u00e6ret en vis bekymring for. Tilsynsrapporterne beskriver nu mest problemer af ledelses- og personalem\u00e6ssig karakter og at der er tale om problemer, der ikke har direkte indflydelse p\u00e5 beboernes hverdag. Vores bekymring g\u00f8r dog, at vi fortsat vil f\u00f8lge udviklingen n\u00f8je, sagde Jan Jakobsen blandt andet. Han n\u00e6vnte h\u00f8ringssvar vedr\u00f8rende opl\u00e6g til personalepolitik, sagsbehandlingsfrister p\u00e5 b\u00e5de de sociale omr\u00e5der og p\u00e5 hj\u00e6lpemiddelomr\u00e5det.<\/p>\n<p>&#8211; Antallet af sager p\u00e5 venteliste, der ikke overholder m\u00e5let har v\u00e6ret faldende i hver opg\u00f8relsesperiode. Ogs\u00e5 p\u00e5 dette omr\u00e5de vil vi fortsat f\u00f8lge udviklingen n\u00f8je, konstaterede formanden med en vis tilfredshed.<\/p>\n<p>&#8211; Selv tror jeg, vi g\u00e5r en lysere fremtid i m\u00f8de. Trods meningsforskelle oplever jeg en vilje til at f\u00e5 os med i konstruktive samarbejder. Det g\u00e6lder bl.a. tankerne om et Sundhedscenter, hvor der er gode tanker om at sikre patientforeninger lokaler p\u00e5 Knud Lavard Centret. Vi er med overalt, hvor vi kan sikre bedre vilk\u00e5r for mennesker med handicap, sluttede Jan Jakobsen.<\/p>\n","protected":false},"excerpt":{"rendered":"<p>Pressemeddelelse fra Danske Handicaporganisationer i Ringsted: P\u00e5 \u00e5rsm\u00f8det for Danske Handicaporganisationer i Ringsted kom den nyligt genvalgte formand for Ringsted Handicapr\u00e5d Jan Jakobsen ogs\u00e5 med en kort beretning. Her n\u00e6vnte han bl.a. at kommunens dagsordener og bilag ikke overholder standarder &hellip; <a href=\"https:\/\/jan-jakobsen.dk\/?p=3222\">L\u00e6s resten <span class=\"meta-nav\">&rarr;<\/span><\/a><\/p>\n","protected":false},"author":3,"featured_media":0,"comment_status":"open","ping_status":"open","sticky":false,"template":"","format":"standard","meta":{"footnotes":""},"categories":[4,3,1],"tags":[],"class_list":["post-3222","post","type-post","status-publish","format-standard","hentry","category-blog","category-handicapdebat","category-uncategorized"],"_links":{"self":[{"href":"https:\/\/jan-jakobsen.dk\/index.php?rest_route=\/wp\/v2\/posts\/3222","targetHints":{"allow":["GET"]}}],"collection":[{"href":"https:\/\/jan-jakobsen.dk\/index.php?rest_route=\/wp\/v2\/posts"}],"about":[{"href":"https:\/\/jan-jakobsen.dk\/index.php?rest_route=\/wp\/v2\/types\/post"}],"author":[{"embeddable":true,"href":"https:\/\/jan-jakobsen.dk\/index.php?rest_route=\/wp\/v2\/users\/3"}],"replies":[{"embeddable":true,"href":"https:\/\/jan-jakobsen.dk\/index.php?rest_route=%2Fwp%2Fv2%2Fcomments&post=3222"}],"version-history":[{"count":1,"href":"https:\/\/jan-jakobsen.dk\/index.php?rest_route=\/wp\/v2\/posts\/3222\/revisions"}],"predecessor-version":[{"id":3224,"href":"https:\/\/jan-jakobsen.dk\/index.php?rest_route=\/wp\/v2\/posts\/3222\/revisions\/3224"}],"wp:attachment":[{"href":"https:\/\/jan-jakobsen.dk\/index.php?rest_route=%2Fwp%2Fv2%2Fmedia&parent=3222"}],"wp:term":[{"taxonomy":"category","embeddable":true,"href":"https:\/\/jan-jakobsen.dk\/index.php?rest_route=%2Fwp%2Fv2%2Fcategories&post=3222"},{"taxonomy":"post_tag","embeddable":true,"href":"https:\/\/jan-jakobsen.dk\/index.php?rest_route=%2Fwp%2Fv2%2Ftags&post=3222"}],"curies":[{"name":"wp","href":"https:\/\/api.w.org\/{rel}","templated":true}]}}