{"id":3087,"date":"2014-03-01T13:39:58","date_gmt":"2014-03-01T12:39:58","guid":{"rendered":"http:\/\/jan-jakobsen.dk\/?p=3087"},"modified":"2014-03-01T13:39:58","modified_gmt":"2014-03-01T12:39:58","slug":"appel-bevar-den-universelle-velfaerd","status":"publish","type":"post","link":"https:\/\/jan-jakobsen.dk\/?p=3087","title":{"rendered":"Appel: Bevar den universelle velf\u00e6rd"},"content":{"rendered":"<p>Med j\u00e6vne mellemrum l\u00e6ser jeg Facebook-siden DPAC &#8211; det er en forkortelse for Disabled People Against Cuts. Ved at l\u00e6se den g\u00e5r det til fulde op for mig, hvor meget mennesker med handicap har at k\u00e6mpe for i Danmark &#8211; og hvor lidt opm\u00e6rksomme og hvor lidt bevidste vi desv\u00e6rre er om det.<\/p>\n<p><!--more--><a href=\"https:\/\/jan-jakobsen.dk\/https:\/\/jan-jakobsen.dk\/wp-content\/uploads\/2014\/03\/dpac-protesters-in-the-west-en-007.jpg\"><img loading=\"lazy\" decoding=\"async\" class=\"alignleft size-full wp-image-3089\" style=\"margin: 10px;\" alt=\"dpac-protesters-in-the-west-en-007\" src=\"https:\/\/jan-jakobsen.dk\/https:\/\/jan-jakobsen.dk\/wp-content\/uploads\/2014\/03\/dpac-protesters-in-the-west-en-007.jpg\" width=\"270\" height=\"162\" \/><\/a>Professor J\u00f8rn Henrik Pedersen sagde i Clements \u00bbDebatten\u00ab 20. februar 2014 \u00bb&#8230;Jeg ser med megen bekymring p\u00e5, at man har udviklet en politisk retorik, som er d\u00f8dhamrende farlig. Det er den retorik, der skelner mellem dem, der kan, men ikke vil, og de, der vil, men ikke kan. Det giver mindelser om slutningen af 1800-tallet. Det er skellet mellem de v\u00e6rdigt og de ikke v\u00e6rdigt tr\u00e6ngende vi ser piple op nedefra&#8230;\u00ab<\/p>\n<p>F\u00e5r vi ikke meget snart et mere bevidst syn p\u00e5 det, s\u00e5 kan vi meget vel ende med en velf\u00e6rdsmodel, der minder om den engelske eller andre europ\u00e6iske velf\u00e6rdsmodeller &#8211; og som lader meget tilbage i forhold til det vi kender herhjemme i dag. Afh\u00e6ngigheden af private donationer og velg\u00f8renhed spiller en langt st\u00f8rre rolle i disse lande &#8211; og rolle er lig hed styrende indflydelse.<\/p>\n<p>Vi er tvunget til at se dette i \u00f8jnene, hvis vi ikke skal ende med, at den retorik, som\u00a0J\u00f8rn Henrik Pedersen n\u00e6vner, tager overh\u00e5nd. Det kr\u00e6ver ogs\u00e5, at vi ser handicappolitik knapt s\u00e5 isoleret, men som en del af en st\u00f8rre bev\u00e6gelse, der \u00f8nsker at bevare den universelle velf\u00e6rd, som vi i f\u00e6llesskab har k\u00e6mpet os til. Fremtiden tegner sig kun lysere, hvis vi er i stand til at p\u00e5vise over for verden, at fremskridt er muligt gennem solidarisk kamp for at udvikle f\u00e6llesskabet. Kapitalen vil vinde over mennesket.<\/p>\n<p>Alternativet er, at det lykkes verden at overbevise os om, at lighed, f\u00e6llesskab og solidaritet er noget skidt. Det vil vende op og ned p\u00e5 sejrherrer og tabere i en kamp, vi aldrig m\u00e5 forn\u00e6gte er der. Taber vi den kommer vi lynhurtigt til at st\u00e5 i en situation, hvor\u00a0v\u00e6rdigt tr\u00e6ngende er jo et begreb, der kan \u00e6ndre sig fra minut til minut alt efter neoliberale d\u00e5rers tilf\u00e6ldige luner.<\/p>\n<p>Min appel er: Lad os tage solidariteten tilbage&#8230; og frem for alt udvikle den!<\/p>\n","protected":false},"excerpt":{"rendered":"<p>Med j\u00e6vne mellemrum l\u00e6ser jeg Facebook-siden DPAC &#8211; det er en forkortelse for Disabled People Against Cuts. Ved at l\u00e6se den g\u00e5r det til fulde op for mig, hvor meget mennesker med handicap har at k\u00e6mpe for i Danmark &#8211; &hellip; <a href=\"https:\/\/jan-jakobsen.dk\/?p=3087\">L\u00e6s resten <span class=\"meta-nav\">&rarr;<\/span><\/a><\/p>\n","protected":false},"author":3,"featured_media":0,"comment_status":"open","ping_status":"open","sticky":false,"template":"","format":"standard","meta":{"footnotes":""},"categories":[4,3,1],"tags":[],"class_list":["post-3087","post","type-post","status-publish","format-standard","hentry","category-blog","category-handicapdebat","category-uncategorized"],"_links":{"self":[{"href":"https:\/\/jan-jakobsen.dk\/index.php?rest_route=\/wp\/v2\/posts\/3087","targetHints":{"allow":["GET"]}}],"collection":[{"href":"https:\/\/jan-jakobsen.dk\/index.php?rest_route=\/wp\/v2\/posts"}],"about":[{"href":"https:\/\/jan-jakobsen.dk\/index.php?rest_route=\/wp\/v2\/types\/post"}],"author":[{"embeddable":true,"href":"https:\/\/jan-jakobsen.dk\/index.php?rest_route=\/wp\/v2\/users\/3"}],"replies":[{"embeddable":true,"href":"https:\/\/jan-jakobsen.dk\/index.php?rest_route=%2Fwp%2Fv2%2Fcomments&post=3087"}],"version-history":[{"count":1,"href":"https:\/\/jan-jakobsen.dk\/index.php?rest_route=\/wp\/v2\/posts\/3087\/revisions"}],"predecessor-version":[{"id":3090,"href":"https:\/\/jan-jakobsen.dk\/index.php?rest_route=\/wp\/v2\/posts\/3087\/revisions\/3090"}],"wp:attachment":[{"href":"https:\/\/jan-jakobsen.dk\/index.php?rest_route=%2Fwp%2Fv2%2Fmedia&parent=3087"}],"wp:term":[{"taxonomy":"category","embeddable":true,"href":"https:\/\/jan-jakobsen.dk\/index.php?rest_route=%2Fwp%2Fv2%2Fcategories&post=3087"},{"taxonomy":"post_tag","embeddable":true,"href":"https:\/\/jan-jakobsen.dk\/index.php?rest_route=%2Fwp%2Fv2%2Ftags&post=3087"}],"curies":[{"name":"wp","href":"https:\/\/api.w.org\/{rel}","templated":true}]}}