{"id":2965,"date":"2014-02-01T03:28:49","date_gmt":"2014-02-01T02:28:49","guid":{"rendered":"http:\/\/jan-jakobsen.dk\/?p=2965"},"modified":"2014-02-02T02:18:56","modified_gmt":"2014-02-02T01:18:56","slug":"opstiller-til-enhedslistens-hovedbestyrelse","status":"publish","type":"post","link":"https:\/\/jan-jakobsen.dk\/?p=2965","title":{"rendered":"Opstiller til Enhedslistens hovedbestyrelse"},"content":{"rendered":"<p>Jeg har besluttet mig til at stille op til Hovedbestyrelsen i Enhedslisten. Jeg har skrevet denne pr\u00e6sentation, hvor jeg kommer med nogle relativt kortfattede begrundelser for min opstilling. Den kan l\u00e6ses nedenfor.<!--more--><b><a href=\"https:\/\/jan-jakobsen.dk\/https:\/\/jan-jakobsen.dk\/wp-content\/uploads\/2014\/02\/kv09plakat.jpg\"><img loading=\"lazy\" decoding=\"async\" class=\"alignleft  wp-image-2966\" style=\"margin-left: 10px; margin-right: 10px;\" alt=\"kv09plakat\" src=\"https:\/\/jan-jakobsen.dk\/https:\/\/jan-jakobsen.dk\/wp-content\/uploads\/2014\/02\/kv09plakat.jpg\" width=\"381\" height=\"539\" srcset=\"https:\/\/jan-jakobsen.dk\/http:\/\/jan-jakobsen.dk\/wp-content\/uploads\/2014\/02\/kv09plakat.jpg 595w, https:\/\/jan-jakobsen.dk\/http:\/\/jan-jakobsen.dk\/wp-content\/uploads\/2014\/02\/kv09plakat-211x300.jpg 211w\" sizes=\"auto, (max-width: 381px) 100vw, 381px\" \/><\/a><\/b><b><\/b><\/p>\n<p>Alle medlemmer i Enhedslisten kan stille op til hovedbestyrelsen, som best\u00e5r af 25 medlemmer og v\u00e6lges for et \u00e5r ad gangen. Valget foreg\u00e5r p\u00e5 \u00c5rsm\u00f8det.<\/p>\n<p>I forbindelse med valget kan alle opstillede kandidater f\u00e5 en pr\u00e6sentation i R\u00f8d\/Gr\u00f8n. For at komme med i denne pr\u00e6sentation skal man indsende pr\u00e6sentationen senest\u00a0mandag den 3. februar kl. 12.00. Absolut sidste chance for opstilling er\u00a0mandag den 17. februar kl. 12.00.<\/p>\n<p>Selve min opstillingsbegrundelse ser s\u00e5dan ud:<\/p>\n<p><b>Jan Jakobsen, 59 \u00e5r, bosiddende i Ringsted<\/b><\/p>\n<p>Medlem af EL siden 2011. Lang organisationshistorie p\u00e5 venstrefl\u00f8jen: 1977-1982: VS; 1984-1991: DKP; 1991-2010: SF \u2013 fra 2002 til 2010 som byr\u00e5dsmedlem. Forlod SF p\u00e5 grund af uenigheder om handicappolitik. Nu valgt til byr\u00e5d for Enhedslisten.<\/p>\n<p>Uddannet i samfundsfag og kommunikation p\u00e5 RUC. Arbejdet b\u00e5de som freelancejournalist, i Socialstyrelsen og sidst i en privat sygdomsorganisation. Er aktuelt p\u00e5 ledighedsydelse.<\/p>\n<p>Politisk er det vigtigt for mig, at EL entydigt bevarer sit socialistiske grundsyn og har et principprogram med en klar klasseanalyse, der udstikker et f\u00e6lles grundlag, vi alle skal f\u00f8lge. Vi skal fastholde, at vi er et enhedsparti. Vi er n\u00f8dt til at samarbejde med andre kr\u00e6fter, vi i afgr\u00e6nsede sager kan se os enige med. Jeg er tilh\u00e6nger af \u00e5bne diskussioner, fraktioner og tendenser i partiet, s\u00e5 l\u00e6nge de ikke er et anslag mod f\u00e6llesskabet.<\/p>\n<p>Som provinsboer v\u00e6gter jeg, at Enhedslisten politisk og organisatorisk prioriterer andet og mere end de st\u00f8rre byer, b\u00e5de hvad ang\u00e5r erhverv, milj\u00f8 og energi og n\u00e5r det g\u00e6lder demokratisk organisering og udvikling af landomr\u00e5der.<\/p>\n<p>Den daglige kamp for den nordiske velf\u00e6rdsmodel er vigtig. Vi m\u00e5 forts\u00e6tte, til vi n\u00e5r s\u00e5 vidt, at et n\u00f8dvendigt opg\u00f8r med kapitalismen er muligt. Det er vigtigt, at vi ikke forveksler de to kampe \u2013 vi m\u00e5 ikke efterlade det indtryk, at vi kan reformere os til socialismen.<\/p>\n<p>Jeg har selv et handicap. Det fylder i min hverdag. Bl.a. gennem arbejde i handicapr\u00e5d, i Muskelsvindfonden samt i Handicappolitisk Udvalg og Socialpolitisk Udvalg i EL. Jeg er fortaler for en bred front af arbejdsl\u00f8se, kontanthj\u00e6lpsmodtagere, hjeml\u00f8se, fleksjobbere, f\u00f8rtidspensionister samt de, der p\u00e5 grund af k\u00f8n, race, seksuel orientering, handicap osv., bliver marginaliseret i disse \u00e5r. Det kr\u00e6ver dog, at vi ser os alle som ligev\u00e6rdige og ser den f\u00e6lles kamp: at vi solidarisk k\u00e6mper for helheden og socialismen.<\/p>\n<p>&nbsp;<\/p>\n","protected":false},"excerpt":{"rendered":"<p>Jeg har besluttet mig til at stille op til Hovedbestyrelsen i Enhedslisten. Jeg har skrevet denne pr\u00e6sentation, hvor jeg kommer med nogle relativt kortfattede begrundelser for min opstilling. Den kan l\u00e6ses nedenfor.<\/p>\n","protected":false},"author":3,"featured_media":0,"comment_status":"open","ping_status":"open","sticky":false,"template":"","format":"standard","meta":{"footnotes":""},"categories":[32,1],"tags":[],"class_list":["post-2965","post","type-post","status-publish","format-standard","hentry","category-byradenhedslisten","category-uncategorized"],"_links":{"self":[{"href":"https:\/\/jan-jakobsen.dk\/index.php?rest_route=\/wp\/v2\/posts\/2965","targetHints":{"allow":["GET"]}}],"collection":[{"href":"https:\/\/jan-jakobsen.dk\/index.php?rest_route=\/wp\/v2\/posts"}],"about":[{"href":"https:\/\/jan-jakobsen.dk\/index.php?rest_route=\/wp\/v2\/types\/post"}],"author":[{"embeddable":true,"href":"https:\/\/jan-jakobsen.dk\/index.php?rest_route=\/wp\/v2\/users\/3"}],"replies":[{"embeddable":true,"href":"https:\/\/jan-jakobsen.dk\/index.php?rest_route=%2Fwp%2Fv2%2Fcomments&post=2965"}],"version-history":[{"count":9,"href":"https:\/\/jan-jakobsen.dk\/index.php?rest_route=\/wp\/v2\/posts\/2965\/revisions"}],"predecessor-version":[{"id":2977,"href":"https:\/\/jan-jakobsen.dk\/index.php?rest_route=\/wp\/v2\/posts\/2965\/revisions\/2977"}],"wp:attachment":[{"href":"https:\/\/jan-jakobsen.dk\/index.php?rest_route=%2Fwp%2Fv2%2Fmedia&parent=2965"}],"wp:term":[{"taxonomy":"category","embeddable":true,"href":"https:\/\/jan-jakobsen.dk\/index.php?rest_route=%2Fwp%2Fv2%2Fcategories&post=2965"},{"taxonomy":"post_tag","embeddable":true,"href":"https:\/\/jan-jakobsen.dk\/index.php?rest_route=%2Fwp%2Fv2%2Ftags&post=2965"}],"curies":[{"name":"wp","href":"https:\/\/api.w.org\/{rel}","templated":true}]}}