{"id":2854,"date":"2013-12-29T06:11:12","date_gmt":"2013-12-29T05:11:12","guid":{"rendered":"http:\/\/jan-jakobsen.dk\/?p=2854"},"modified":"2013-12-29T07:08:22","modified_gmt":"2013-12-29T06:08:22","slug":"nytarsbrev-til-jer-alle","status":"publish","type":"post","link":"https:\/\/jan-jakobsen.dk\/?p=2854","title":{"rendered":"Nyt\u00e5rsbrev til jer alle"},"content":{"rendered":"<p><span style=\"line-height: 1.5em;\"><a href=\"https:\/\/jan-jakobsen.dk\/https:\/\/jan-jakobsen.dk\/wp-content\/uploads\/2013\/12\/Godt-nyt\u00e5r.gif\"><img loading=\"lazy\" decoding=\"async\" class=\"alignleft size-full wp-image-2902\" style=\"margin-left: 10px; margin-right: 10px;\" alt=\"Godt-nyt\u00e5r\" src=\"https:\/\/jan-jakobsen.dk\/https:\/\/jan-jakobsen.dk\/wp-content\/uploads\/2013\/12\/Godt-nyt\u00e5r.gif\" width=\"240\" height=\"340\" \/><\/a>Julen er \u00a0&#8216;hjerternes tid&#8217; hedder det nok s\u00e5 lyrisk.\u00a0Der har dog ikke v\u00e6ret meget hjerte over 2013. Faktisk har b\u00e5de 2012 og 2013 v\u00e6ret pr\u00e6get af stigende mods\u00e6tninger mellem de, der hersker og dem, man pr\u00f8ver at beherske.<\/span><\/p>\n<p>\u00c5rsskiftet er blevet det tidspunkt, hvor regeringen gennemf\u00f8rer skingre nedsk\u00e6ringer som man kalder &#8216;reformer&#8217;. Utrygheden stiger i store dele af befolkningen. Det er velbegrundet. &#8216;Reformerne&#8217; viser, at hvis vi ikke passer p\u00e5, bliver f\u00e6llesskabets v\u00e6rdier underkendt. St\u00e6rkt borgerlige kr\u00e6fter vil skabe et egoistisk samfund, hvor penge t\u00e6ller mere end f\u00e6llesskab. Det er der ikke noget nyt i. Det er sket f\u00f8r i historien. Det medf\u00f8rer heldigvis ogs\u00e5 modstand&#8230;<!--more--><\/p>\n<p>2013 blev \u00e5ret, hvor regeringen lavede en ny kontanthj\u00e6lpsreform. Fra 1. januar, hvor reformen tr\u00e6der i kraft, kan en kontanthj\u00e6lpsmodtager p\u00e5 grund af den gensidige fors\u00f8rgerpligt miste hele sin indt\u00e6gt eller dele af den, hvis hun eller han bor sammen med en k\u00e6reste, som tjener mere, end hvad der svarer til en kontanthj\u00e6lp.\u00a0Reformen betyder ogs\u00e5 indf\u00f8relse af nyttejobs. Det g\u00f8r, at modtagere af kontanthj\u00e6lp\u00a0skal arbejde for at f\u00e5 hj\u00e6lpen. Jobbet kan f.eks. v\u00e6re at\u00a0afspritte d\u00f8rh\u00e5ndtag, t\u00e6lle biler p\u00e5 vejene, vaske leget\u00f8j i daginstitutioner og samle hundelorte op.\u00a0Kommunerne skal finde &#8216;jobbene&#8217;, s\u00e5 nye ideer til dette tvangsarbejde skal nok komme til.<\/p>\n<p>Man regner med, at der er brug for 10.000 nyttejobs. Dette tal kommer oven i de fleksjobs, der ogs\u00e5 skal skaffes. Tallene for\u00a0tildelinger\u00a0af fleksjob har staten\u00a0ikke\u00a0opdateret siden juni m\u00e5ned. Det g\u00f8r det umuligt at f\u00f8lge reformens konsekvenser. M\u00e5ske er tallene ikke tilg\u00e6ngelige, fordi besk\u00e6ftigelsesministeriet tidligere er grebet i let omgang med tal.\u00a0F.eks. udmeldingen om, hvor mange der ville falde for dagpengereglerne i 2013. F\u00f8rste estimat var 3.000. Det blev til 34.000. Lidt mere end en kommafejl tidoblede antallet af borgere, der er endt p\u00e5 kontanthj\u00e6lp eller uden fors\u00f8rgelse.<\/p>\n<p>En &#8216;reform&#8217; af sygedagpengene s\u00e5 kort tid f\u00f8r jul ogs\u00e5 dagens lys. Nu skal det inden for fem m\u00e5neder\u00a0vurderes, om sygemeldte\u00a0kan forts\u00e6tte p\u00e5 sygedagpenge. Hvis ikke, skal de i et jobafklaringsforl\u00f8b. Syge i s\u00e5dant et forl\u00f8b f\u00e5r en ydelse der svarer til kontanthj\u00e6lp. Mange risikerer af den grund at miste en stor del af \u00a0deres fors\u00f8rgelsesgrundlag.<\/p>\n<p>&#8216;Reformerne&#8217; er regeringens borgerlige fejltrin. Det er et fors\u00f8g p\u00e5 at \u00e6ndre p\u00e5, hvad et l\u00f8narbejde\u00a0<span style=\"font-size: 14px; line-height: 1.5em;\">er<\/span><span style=\"font-size: 14px; line-height: 1.5em;\">.\u00a0<\/span><span style=\"font-size: 14px; line-height: 1.5em;\">Det har altid v\u00e6ret borgerlig politik at lavere l\u00f8n giver bedre vilk\u00e5r for kapitalen. Nu er det hele regeringens politik at flere skal arbejde for d\u00e5rligere l\u00f8n eller ydelser. Danmark er p\u00e5 vej mod \u00f8get skel mellem fattig og rig. Passer vi ikke p\u00e5, f\u00e5r vi en hel klasse af Working Poor, som vi ser det i Tyskland og England.<\/span><\/p>\n<p>\u00c5ret har naturligvis budt p\u00e5 andet end disse politiske svigt, selv om de har fyldt meget.<\/p>\n<p>Et gl\u00e6deligt resultat ligner \u00e5rets store gave: efter lang tids snak ser det ud til at b\u00e5de\u00a0<span style=\"font-size: 14px; line-height: 1.5em;\">respiratorbrugere\u00a0<\/span><span style=\"font-size: 14px; line-height: 1.5em;\">og hj\u00e6lpere<\/span><span style=\"font-size: 14px; line-height: 1.5em;\">\u00a0<\/span><span style=\"font-size: 14px; line-height: 1.5em;\">f\u00e5r bedre vilk\u00e5r. Det er en del af en aftale mellem kommunerne, regionerne, sundhedsministeriet, socialministeriet og handicaporganisationerne. \u00a0Sporet er rigtigt, men som J\u00f8rgen Lenger skriver i en\u00a0<\/span><a style=\"font-size: 14px; line-height: 1.5em;\" title=\"Endelig: Politisk enighed om BPA til respiratorbrugere\" href=\"http:\/\/muskelsvindfonden.dk\/handicappolitisk-indlaeg\/endelig-nye-regler-om-bpa-til-respiratorbrugere\/\" target=\"_blank\">omtale p\u00e5 Muskelsvindfondens hjemmeside,<\/a><span style=\"font-size: 14px; line-height: 1.5em;\">\u00a0s\u00e5 er der sider af aftalen, der f\u00f8rst viser sig, n\u00e5r de nye regler skal bruges i praksis. Jeg tror dog en del l\u00f8ser sig, n\u00e5r blot alle parter holder sig m\u00e5let for \u00f8je: bedre vilk\u00e5r for brugere og hj\u00e6lpere. Aftalen viser ogs\u00e5, at vi med dygtige og st\u00e6dige folk i front kan opn\u00e5 gode resultater selv under krise.<\/span><\/p>\n<p>Enhedslisten fik et godt valg ved regions- og kommunevalget i efter\u00e5ret. Vi fik hele fire repr\u00e6sentanter i Region Sj\u00e6lland. Lokalt mere end fordoblede vi antallet af stemmer og gik fra 3,0 % til 6,7 %. Det er et resultat vi ikke kan v\u00e6re utilfredse med, selv om det desv\u00e6rre ikke var nok til at f\u00e5 mandat nummer 2. Der er ingen tvivl om, at den kommende byr\u00e5dsperiode bliver h\u00e5rd. Vi skal vise, at det giver mening at stemme p\u00e5 Enhedslisten\u00a0og udbygge vores position lokalt. B\u00e5de for Enhedslisten i Ringsted og for mig er det dog vigtigt, at vi nu sidder p\u00e5 et mandat valgt p\u00e5 stemmer direkte til Enhedslisten. Det betyder meget! Tak til alle de mennesker, der stemte p\u00e5 os.<\/p>\n<p>Resultatet af valget blev desv\u00e6rre et dybt borgerligt flertal i Ringsted. Det best\u00e5r af Venstre, Socialdemokrater og SF som i sidste periode. Denne gang suppleret med Dansk Folkeparti. Det giver endnu mere grund til modstand. Vi kommer aldrig nogen vegne ved kun at arbejde i byr\u00e5det. Vi m\u00e5 derfor arbejde sammen med alle de grupper uden for byr\u00e5det, der til daglig m\u00e6rker konsekvensen af en forkert og uretf\u00e6rdig politik.<\/p>\n<p>Handicapr\u00e5det i Ringsted f\u00e5r nye opgaver og ny struktur. R\u00e5det \u00e6ndres pr. 1. januar fra syv til fire medlemmer p\u00e5 hver side. Vi har samtidig valgt ikke at have en s\u00e6rlig handicappolitik. Den indarbejdes i stedet i alle \u00f8vrige omr\u00e5der. Det stiller nye krav til handicapr\u00e5det, der skal sikre, at omr\u00e5det ikke glemmes. Ideen er god nok: det giver god mening at se f.eks. b\u00f8rn med handicap i sammenh\u00e6ng med andre b\u00f8rn, men det er en udfordring at skabe en praksis, s\u00e5 b\u00f8rn med handicap ogs\u00e5 er synlige i politikken. P\u00e5 samme m\u00e5de er det med arbejdsmarkedet: det er os, der har ansvaret for, at der er fokus p\u00e5 f.eks. fleksjob og f\u00f8rtidspension.<\/p>\n<p>Personligt har \u00e5ret v\u00e6ret lidt turbulent. Det startede godt med et nyt fleksjob. Desv\u00e6rre viste det sig hurtigt, at jeg fik en r\u00e6kke problemer, som b\u00e5de skyldtes stress og mangel p\u00e5 luft. Det bet\u00f8d, at jeg i juni begyndte at bruge respirator d\u00f8gnet rundt. Det gav gode resultater, men ogs\u00e5 nye udfordringer. Det bet\u00f8d samtidig, at der skulle \u00e6ndres p\u00e5 min siddestilling for at undg\u00e5 flere problemer i fremtiden. Det har v\u00e6ret en l\u00e6ngere proces, der har vendt op og ned p\u00e5 meget. Min t\u00e5lmodige arbejdsgiver valgte derfor efter lang tids sygefrav\u00e6r at sige mig op,\u00a0da jeg ikke kunne blive klar til at varetage mit arbejde fuldt ud inden 1. oktober 2013. Jeg har derfor v\u00e6ret fritstillet siden udgangen af september. Konsekvensen er, at jeg pr. 1. januar overg\u00e5r til ledighedsydelse. Jeg skal nu pr\u00f8ve at finde et mini-fleksjob p\u00e5 mellem 6 og 9 timer om ugen afh\u00e6ngig af jobbets krav.<\/p>\n<p>En slags &#8216;sidegevinst&#8217; ved, at jeg nu er jobs\u00f8gende, er, at jeg igen skriver p\u00e5 min <a title=\"Job-Blog\" href=\"https:\/\/jan-jakobsen.dk\/?cat=19\" target=\"_blank\">Job-Blog<\/a>. Nye afsnit er undervejs. Her vil jeg s\u00e6tte lup p\u00e5 en r\u00e6kke emner, jeg synes der er behov for at se mere p\u00e5.<\/p>\n<p>Politisk set er situationen b\u00e5de globalt og i Danmark lige nu fyldt med alvor. Krisen har sat sine spor og kravet om indtjening <span style=\"font-size: 14px; line-height: 1.5em;\">\u00f8ges\u00a0<\/span><span style=\"font-size: 14px; line-height: 1.5em;\">i b\u00e5de virksomheder og finansverden. <\/span><span style=\"font-size: 14px; line-height: 1.5em;\">Kapitalismen er under pres. EU og folketing g\u00f8r hvad de kan for at stoppe social udvikling og i stedet sikre virksomhederne mere profit. Skatter sk\u00e6res ned.\u00a0<\/span><span style=\"font-size: 14px; line-height: 1.5em;\">Det g\u00e5r ud over den f\u00e6lles velf\u00e6rd og skaber nye sociale skel. Med de sociale skel sk\u00e6rpes mods\u00e6tningerne. Det betyder, at der ogs\u00e5 er nynazistiske tr\u00e6k at se ude i verden. Vi m\u00e5 ikke gentage dumheder fra 1930\u2019erne og og uden modstand se p\u00e5, hvad der sker, uden at g\u00f8re noget. <\/span><\/p>\n<p><span style=\"font-size: 14px; line-height: 1.5em;\">Alt imens siger h\u00f8jredrejede folk i Danmark h\u00f8jt, at de ikke vil betale til, at socialt d\u00e5rligt stillede f\u00e5r flere b\u00f8rn. De vil heller ikke st\u00f8tte familier, der f\u00e5r handicappede b\u00f8rn. Det er familiernes eget ansvar, for de kunne blot have f\u00e5et en abort. Den slags diskussioner f\u00f8res i fulde alvor i dagens Danmark. De kan bl.a. ses p\u00e5 den h\u00f8jreliberale portal 180\u00b0.dk.<\/span><\/p>\n<p>Det er dog kun lige nu, at det ser m\u00f8rkt ud b\u00e5de i verden og i Danmark. Hvis vi st\u00e5r sammen mod h\u00f8jredrejningen kan vi vende det igen, s\u00e5 velf\u00e6rd og en ny social orden med plads til alle atter kommer p\u00e5 dagsordenen. Men det kommer ikke til at ske af sig selv.\u00a0Skal vi \u00e6ndre det, kr\u00e6ver det at vi er mange kr\u00e6fter, der sammen st\u00e5r bag sikring af sammenh\u00e6ng og f\u00e6llesskab. Det har v\u00e6ret n\u00f8dvendigt f\u00f8r i historien &#8211; og det kan og skal g\u00f8res igen.<\/p>\n<p><span style=\"line-height: 1.5em;\">Lad os s\u00e5 g\u00e5 ind i det nye \u00e5r med det fors\u00e6t, at der skal ske en positiv \u00e6ndring i rollerne, s\u00e5 det ikke lykkes at demontere den f\u00e6lles velf\u00e6rd. <\/span><\/p>\n<p><span style=\"line-height: 1.5em;\">Tak til alle de, der har gjort deres til, at det trods alt ikke er g\u00e5et endnu v\u00e6rre. Tak for indsatsen fra alle de, der stadig \u00f8nsker at v\u00e6re med til at s\u00e6tte en socialistisk dagsorden. Mange er faldet fra, fordi de fik bedre tilbud om magt andre steder fra. Nogle indser nok fejlen og vender tilbage igen.\u00a0<\/span><\/p>\n<p><span style=\"line-height: 1.5em;\">Tak til de modstandere, der har gjort det b\u00e5de v\u00e6rd og n\u00f8dvendigt at k\u00e6mpe imod jer. I har virkelig anskueliggjort det rigtige i Brechts ord: &#8216;N\u00e5r uret bliver ret, er modstand en pligt&#8217;.<\/span><\/p>\n<p>Godt nyt\u00e5r til alle!<\/p>\n","protected":false},"excerpt":{"rendered":"<p>Julen er \u00a0&#8216;hjerternes tid&#8217; hedder det nok s\u00e5 lyrisk.\u00a0Der har dog ikke v\u00e6ret meget hjerte over 2013. Faktisk har b\u00e5de 2012 og 2013 v\u00e6ret pr\u00e6get af stigende mods\u00e6tninger mellem de, der hersker og dem, man pr\u00f8ver at beherske. \u00c5rsskiftet er &hellip; <a href=\"https:\/\/jan-jakobsen.dk\/?p=2854\">L\u00e6s resten <span class=\"meta-nav\">&rarr;<\/span><\/a><\/p>\n","protected":false},"author":3,"featured_media":0,"comment_status":"open","ping_status":"open","sticky":false,"template":"","format":"standard","meta":{"footnotes":""},"categories":[4,1],"tags":[],"class_list":["post-2854","post","type-post","status-publish","format-standard","hentry","category-blog","category-uncategorized"],"_links":{"self":[{"href":"https:\/\/jan-jakobsen.dk\/index.php?rest_route=\/wp\/v2\/posts\/2854","targetHints":{"allow":["GET"]}}],"collection":[{"href":"https:\/\/jan-jakobsen.dk\/index.php?rest_route=\/wp\/v2\/posts"}],"about":[{"href":"https:\/\/jan-jakobsen.dk\/index.php?rest_route=\/wp\/v2\/types\/post"}],"author":[{"embeddable":true,"href":"https:\/\/jan-jakobsen.dk\/index.php?rest_route=\/wp\/v2\/users\/3"}],"replies":[{"embeddable":true,"href":"https:\/\/jan-jakobsen.dk\/index.php?rest_route=%2Fwp%2Fv2%2Fcomments&post=2854"}],"version-history":[{"count":45,"href":"https:\/\/jan-jakobsen.dk\/index.php?rest_route=\/wp\/v2\/posts\/2854\/revisions"}],"predecessor-version":[{"id":2910,"href":"https:\/\/jan-jakobsen.dk\/index.php?rest_route=\/wp\/v2\/posts\/2854\/revisions\/2910"}],"wp:attachment":[{"href":"https:\/\/jan-jakobsen.dk\/index.php?rest_route=%2Fwp%2Fv2%2Fmedia&parent=2854"}],"wp:term":[{"taxonomy":"category","embeddable":true,"href":"https:\/\/jan-jakobsen.dk\/index.php?rest_route=%2Fwp%2Fv2%2Fcategories&post=2854"},{"taxonomy":"post_tag","embeddable":true,"href":"https:\/\/jan-jakobsen.dk\/index.php?rest_route=%2Fwp%2Fv2%2Ftags&post=2854"}],"curies":[{"name":"wp","href":"https:\/\/api.w.org\/{rel}","templated":true}]}}