{"id":2848,"date":"2013-12-22T09:43:02","date_gmt":"2013-12-22T08:43:02","guid":{"rendered":"http:\/\/jan-jakobsen.dk\/?p=2848"},"modified":"2013-12-26T00:23:56","modified_gmt":"2013-12-25T23:23:56","slug":"fa-et-godt-overblik-over-vilkar-for-handicap","status":"publish","type":"post","link":"https:\/\/jan-jakobsen.dk\/?p=2848","title":{"rendered":"F\u00e5 et godt overblik over vilk\u00e5r for handicap verden rundt"},"content":{"rendered":"<p><strong><a href=\"https:\/\/jan-jakobsen.dk\/https:\/\/jan-jakobsen.dk\/wp-content\/uploads\/2013\/12\/Amnesty-Handicap.jpeg\"><img loading=\"lazy\" decoding=\"async\" class=\"alignleft  wp-image-2849\" style=\"margin-left: 10px; margin-right: 10px;\" alt=\"Amnesty Handicap\" src=\"https:\/\/jan-jakobsen.dk\/https:\/\/jan-jakobsen.dk\/wp-content\/uploads\/2013\/12\/Amnesty-Handicap.jpeg\" width=\"450\" height=\"338\" srcset=\"https:\/\/jan-jakobsen.dk\/http:\/\/jan-jakobsen.dk\/wp-content\/uploads\/2013\/12\/Amnesty-Handicap.jpeg 600w, https:\/\/jan-jakobsen.dk\/http:\/\/jan-jakobsen.dk\/wp-content\/uploads\/2013\/12\/Amnesty-Handicap-300x225.jpeg 300w\" sizes=\"auto, (max-width: 450px) 100vw, 450px\" \/><\/a>Ved f\u00f8rste \u00f8jekast virker den ikke af meget. Man skal dog ikke klikke mange gange, f\u00f8r det er klart, at her er et fund af viden. Ikke kun om Danmark, men om vilk\u00e5rene for mennesker med handicap i hele verden.<br \/>\n<\/strong><\/p>\n<p>&#8216;Den&#8217; er\u00a0<span style=\"line-height: 1.5em;\">hjemmesiden for\u00a0<\/span><span style=\"line-height: 1.5em;\">Amnesty Internationals danske Handicapgruppe. F\u00f8r jeg blev \u00a0gjort opm\u00e6rksom p\u00e5 siden, var jeg ikke klar over, <\/span><span style=\"line-height: 1.5em; font-size: 14px;\">at Amnesty International har en dansk handicapgruppe. Jeg anede heller ikke, at gruppen ogs\u00e5 har sin egen hjemmeside. I dag er jeg glad for, at jeg kender siden, for den er fyldt med meget brugbar viden.<\/span><\/p>\n<p><!--more--><\/p>\n<p>Der er ingen tvivl om, at systematiske kr\u00e6nkelser af mennesker med handicap sker oftere i lande, der i forvejen kr\u00e6nker menneskerettighederne. Der er dog ikke kun en sn\u00e6ver sammenh\u00e6ng her. Kr\u00e6nkelser kan ogs\u00e5 ske under indtryk af \u00f8konomiske kriser 1). De sker ikke kun i ulande, men ogs\u00e5 i en lang r\u00e6kke i-lande blot for at f\u00e5 det sat p\u00e5 plads. Siden giver et fint blik for de meget uens vilk\u00e5r mennesker med handicap har at leve under i en lang r\u00e6kke lande verden rundt. \u00a0Ogs\u00e5 om de vilk\u00e5r vi har i Danmark. Det giver god og nyttig viden. Det er is\u00e6r med til at s\u00e6tte tingene i perspektiv. Siden fort\u00e6ller b\u00e5de lidt om, hvor godt vi har det i Danmark, men ogs\u00e5 om de mange steder, vi stadig kan g\u00f8re det bedre. Den siger ogs\u00e5 noget om, hvordan vi kan v\u00e6re med til at styrke<span style=\"font-size: 14px; line-height: 1.5em;\">\u00a0indsatsen ude i verden. Siden har en liste over lande, der g\u00f8r det nemt at finde et bestemt land og s\u00f8ge mere viden om netop det.<\/span><\/p>\n<p>Hjemmesiden har i sagens natur is\u00e6r fokus p\u00e5 Amnesty International\u2019s arbejde n\u00e5r det g\u00e6lder handicap og p\u00e5 gruppens egen indsats. Den fort\u00e6ller om m\u00e5let med gruppen og om de opgaver, der er for gruppe. Blandt andet, at gruppen kan handle i sager, hvor en kr\u00e6nket er en person med et handicap. Det er helt i tr\u00e5d med Amnesty Internationals \u00f8vrige form\u00e5l, at man skal reagere n\u00e5r\u00a0<span style=\"font-size: 14px; line-height: 1.5em;\">menneskerettighederne\u00a0<\/span><span style=\"font-size: 14px; line-height: 1.5em;\">kr\u00e6nkes. Siden<\/span><span style=\"font-size: 14px; line-height: 1.5em;\">\u00a0fort\u00e6ller om kr\u00e6nkelser af rettigheder for mennesker med handicap hvor som helst i verden, de sker. Siden har desuden en lang r\u00e6kke links til sider, hvor man kan f\u00e5 endnu mere viden om de enkelte lande.\u00a0Hjemmesiden har ogs\u00e5 en side med nyheder, der g\u00f8r det nemt at f\u00f8lge med i, hvad der sker rundt om i verden.\u00a0Siden fort\u00e6ller ogs\u00e5 om, hvad gruppen kan g\u00f8re for at skabe bedre vilk\u00e5r for mennesker med handicap b\u00e5de i Danmark og i resten af verden. Noget af det gruppen g\u00f8r er bl.a. at lave kampagner og lobbyarbejde.<\/span><\/p>\n<p><span style=\"font-size: 14px; line-height: 1.5em;\">Gruppen\u00a0<\/span>er is\u00e6r aktiv p\u00e5 tre fronter: for det f\u00f8rste brevkampagner rettet mod myndighederne i de lande, hvor man kr\u00e6nker menneskerettighederne. For det andet f\u00f8lger man nationalt Danmarks ratificering af FN\u2019s konvention om rettigheder for personer med handicap. Her er gruppen ogs\u00e5 med til at sikre et lobbyarbejde over for politikere og andre instanser.\u00a0Endelig st\u00f8tter gruppen initiativer, der fremmer menneskerettigheder for personer med handicap overalt i verden.<\/p>\n<p>Jeg kan kun anbefale hjemmesiden, som du <a title=\"Amnesty International Handicapgruppen\" href=\"http:\/\/www.amnesty-handicap.dk\" target=\"_blank\">finder her<\/a>.<\/p>\n<p>1) Det kan man l\u00e6se om i\u00a0<a title=\"Er organisationer for menneskerettigheder blinde?\" href=\"http:\/\/modkraft.dk\/artikel\/er-organisationer-menneskerettigheder-blinde\" target=\"_blank\">denne artikel fra portalen Modkraft<\/a>.<\/p>\n","protected":false},"excerpt":{"rendered":"<p>Ved f\u00f8rste \u00f8jekast virker den ikke af meget. Man skal dog ikke klikke mange gange, f\u00f8r det er klart, at her er et fund af viden. Ikke kun om Danmark, men om vilk\u00e5rene for mennesker med handicap i hele verden. &hellip; <a href=\"https:\/\/jan-jakobsen.dk\/?p=2848\">L\u00e6s resten <span class=\"meta-nav\">&rarr;<\/span><\/a><\/p>\n","protected":false},"author":3,"featured_media":0,"comment_status":"open","ping_status":"open","sticky":false,"template":"","format":"standard","meta":{"footnotes":""},"categories":[3,7,1],"tags":[],"class_list":["post-2848","post","type-post","status-publish","format-standard","hentry","category-handicapdebat","category-laes","category-uncategorized"],"_links":{"self":[{"href":"https:\/\/jan-jakobsen.dk\/index.php?rest_route=\/wp\/v2\/posts\/2848","targetHints":{"allow":["GET"]}}],"collection":[{"href":"https:\/\/jan-jakobsen.dk\/index.php?rest_route=\/wp\/v2\/posts"}],"about":[{"href":"https:\/\/jan-jakobsen.dk\/index.php?rest_route=\/wp\/v2\/types\/post"}],"author":[{"embeddable":true,"href":"https:\/\/jan-jakobsen.dk\/index.php?rest_route=\/wp\/v2\/users\/3"}],"replies":[{"embeddable":true,"href":"https:\/\/jan-jakobsen.dk\/index.php?rest_route=%2Fwp%2Fv2%2Fcomments&post=2848"}],"version-history":[{"count":4,"href":"https:\/\/jan-jakobsen.dk\/index.php?rest_route=\/wp\/v2\/posts\/2848\/revisions"}],"predecessor-version":[{"id":2894,"href":"https:\/\/jan-jakobsen.dk\/index.php?rest_route=\/wp\/v2\/posts\/2848\/revisions\/2894"}],"wp:attachment":[{"href":"https:\/\/jan-jakobsen.dk\/index.php?rest_route=%2Fwp%2Fv2%2Fmedia&parent=2848"}],"wp:term":[{"taxonomy":"category","embeddable":true,"href":"https:\/\/jan-jakobsen.dk\/index.php?rest_route=%2Fwp%2Fv2%2Fcategories&post=2848"},{"taxonomy":"post_tag","embeddable":true,"href":"https:\/\/jan-jakobsen.dk\/index.php?rest_route=%2Fwp%2Fv2%2Ftags&post=2848"}],"curies":[{"name":"wp","href":"https:\/\/api.w.org\/{rel}","templated":true}]}}