{"id":2806,"date":"2013-12-03T17:25:36","date_gmt":"2013-12-03T16:25:36","guid":{"rendered":"http:\/\/jan-jakobsen.dk\/?p=2806"},"modified":"2013-12-04T01:28:42","modified_gmt":"2013-12-04T00:28:42","slug":"2806","status":"publish","type":"post","link":"https:\/\/jan-jakobsen.dk\/?p=2806","title":{"rendered":"Handicapprisen i Ringsted 2013"},"content":{"rendered":"<p><a href=\"https:\/\/jan-jakobsen.dk\/https:\/\/jan-jakobsen.dk\/wp-content\/uploads\/2013\/12\/20131203_171238-kopi.jpg\"><img loading=\"lazy\" decoding=\"async\" class=\"alignleft  wp-image-2819\" style=\"margin: 10px;\" alt=\"20131203_171238 kopi\" src=\"https:\/\/jan-jakobsen.dk\/https:\/\/jan-jakobsen.dk\/wp-content\/uploads\/2013\/12\/20131203_171238-kopi-680x501.jpg\" width=\"400\" height=\"294\" srcset=\"https:\/\/jan-jakobsen.dk\/http:\/\/jan-jakobsen.dk\/wp-content\/uploads\/2013\/12\/20131203_171238-kopi-680x501.jpg 680w, https:\/\/jan-jakobsen.dk\/http:\/\/jan-jakobsen.dk\/wp-content\/uploads\/2013\/12\/20131203_171238-kopi-300x221.jpg 300w, https:\/\/jan-jakobsen.dk\/http:\/\/jan-jakobsen.dk\/wp-content\/uploads\/2013\/12\/20131203_171238-kopi.jpg 800w\" sizes=\"auto, (max-width: 400px) 100vw, 400px\" \/><\/a>Den 3. december uddelte Ringsted Byr\u00e5d den \u00e5rlige Handicappris, der blev uddelt f\u00f8rste gang i 2012. I 2013 er prisen netop uddelt til Karl \u00d8stergaard Hansen, der modtager prisen for hans utr\u00e6ttelige, lokale indsats for mennesker med handicap. B\u00e5de gennem Karls indsats p\u00e5 sit arbejde for indf\u00f8relsen af STU-forl\u00f8b p\u00e5 ZBC (Zealand Business College) og som engageret for\u00e6lder i Bo- og Servicecenter Ringsted. I forbindelse med uddelingen sagde jeg, efter borgmesteren havde afsl\u00f8ret prismodtageren og begrundet valget, nogle ord om Den Internationale Dag for Mennesker med Handicap, som ogs\u00e5 er den 3. december.<!--more--><\/p>\n<p>Jeg sagde:<\/p>\n<p><a href=\"https:\/\/jan-jakobsen.dk\/https:\/\/jan-jakobsen.dk\/wp-content\/uploads\/2013\/12\/20131203_171647-kopi.jpg\"><img loading=\"lazy\" decoding=\"async\" class=\" wp-image-2820 alignright\" alt=\"20131203_171647 kopi\" src=\"https:\/\/jan-jakobsen.dk\/https:\/\/jan-jakobsen.dk\/wp-content\/uploads\/2013\/12\/20131203_171647-kopi.jpg\" width=\"384\" height=\"587\" srcset=\"https:\/\/jan-jakobsen.dk\/http:\/\/jan-jakobsen.dk\/wp-content\/uploads\/2013\/12\/20131203_171647-kopi.jpg 600w, https:\/\/jan-jakobsen.dk\/http:\/\/jan-jakobsen.dk\/wp-content\/uploads\/2013\/12\/20131203_171647-kopi-196x300.jpg 196w\" sizes=\"auto, (max-width: 384px) 100vw, 384px\" \/><\/a>K\u00e6re Karl. Jeg vil ogs\u00e5 \u00f8nske tillykke. Valget af dig som modtager af handicapprisen 2013 er jo \u00e5benlyst med det engagement og den utr\u00e6ttelighed, du udviser b\u00e5de i dit arbejde og privat.<\/p>\n<p>Netop i dag, den 3. december er den Internationale Dag for Mennesker med Handicap. Det har den v\u00e6ret siden 1992, hvor dagen blev markeret f\u00f8rste gang p\u00e5 initiativ af FN.<\/p>\n<p>Det har l\u00e6nge v\u00e6ret et \u00f8nske fra Handicapr\u00e5det i Ringsted, at vores lokale Handicappris netop uddeles p\u00e5 denne dag. Gid det m\u00e5 blive grunden til en tradition, vi l\u00e6gger her. Der er noget styrkende i at vide, at der mange steder i Danmark, ja i hele verden, finder lignende markeringer sted af, hvor langt vi er n\u00e5et.<\/p>\n<p>M\u00e5let har hele tiden v\u00e6ret klart. Det samme som vi har her i dag.<\/p>\n<p>&#8211; At fremme fokus p\u00e5 de livsvilk\u00e5r, mennesker med handicap har.<\/p>\n<p>&#8211; At sikre, at handicapsp\u00f8rgsm\u00e5l bliver taget alvorligt over hele verden og at vi mobiliserer al mulig styrke for at st\u00f8tte, at ogs\u00e5 mennesker med handicap f\u00e5r et liv i v\u00e6rdighed, f\u00e5r samme rettigheder som alle andre borgere og trives trods et handicap.<\/p>\n<p>Der er god grund til at markere den Internationale Dag for Mennesker med Handicap \u2013 ogs\u00e5 i Danmark.<\/p>\n<p>Der er grund til at sikre, at Handicapkonventionen efterleves \u2013 ogs\u00e5 i Danmark. Det sker ikke i \u00f8jeblikket trods l\u00f8fter om at den nu skal den da ogs\u00e5 indarbejdes i vores lovgivning. S\u00e5 der er god grund! Tak for ordet og tillykke til os alle med, at der stadig findes st\u00e6dige ildsj\u00e6le som Karl!<\/p>\n<p>&nbsp;<\/p>\n","protected":false},"excerpt":{"rendered":"<p>Den 3. december uddelte Ringsted Byr\u00e5d den \u00e5rlige Handicappris, der blev uddelt f\u00f8rste gang i 2012. I 2013 er prisen netop uddelt til Karl \u00d8stergaard Hansen, der modtager prisen for hans utr\u00e6ttelige, lokale indsats for mennesker med handicap. B\u00e5de gennem &hellip; <a href=\"https:\/\/jan-jakobsen.dk\/?p=2806\">L\u00e6s resten <span class=\"meta-nav\">&rarr;<\/span><\/a><\/p>\n","protected":false},"author":3,"featured_media":0,"comment_status":"open","ping_status":"open","sticky":false,"template":"","format":"standard","meta":{"footnotes":""},"categories":[3,1],"tags":[],"class_list":["post-2806","post","type-post","status-publish","format-standard","hentry","category-handicapdebat","category-uncategorized"],"_links":{"self":[{"href":"https:\/\/jan-jakobsen.dk\/index.php?rest_route=\/wp\/v2\/posts\/2806","targetHints":{"allow":["GET"]}}],"collection":[{"href":"https:\/\/jan-jakobsen.dk\/index.php?rest_route=\/wp\/v2\/posts"}],"about":[{"href":"https:\/\/jan-jakobsen.dk\/index.php?rest_route=\/wp\/v2\/types\/post"}],"author":[{"embeddable":true,"href":"https:\/\/jan-jakobsen.dk\/index.php?rest_route=\/wp\/v2\/users\/3"}],"replies":[{"embeddable":true,"href":"https:\/\/jan-jakobsen.dk\/index.php?rest_route=%2Fwp%2Fv2%2Fcomments&post=2806"}],"version-history":[{"count":11,"href":"https:\/\/jan-jakobsen.dk\/index.php?rest_route=\/wp\/v2\/posts\/2806\/revisions"}],"predecessor-version":[{"id":2823,"href":"https:\/\/jan-jakobsen.dk\/index.php?rest_route=\/wp\/v2\/posts\/2806\/revisions\/2823"}],"wp:attachment":[{"href":"https:\/\/jan-jakobsen.dk\/index.php?rest_route=%2Fwp%2Fv2%2Fmedia&parent=2806"}],"wp:term":[{"taxonomy":"category","embeddable":true,"href":"https:\/\/jan-jakobsen.dk\/index.php?rest_route=%2Fwp%2Fv2%2Fcategories&post=2806"},{"taxonomy":"post_tag","embeddable":true,"href":"https:\/\/jan-jakobsen.dk\/index.php?rest_route=%2Fwp%2Fv2%2Ftags&post=2806"}],"curies":[{"name":"wp","href":"https:\/\/api.w.org\/{rel}","templated":true}]}}