{"id":2610,"date":"2013-11-05T03:03:21","date_gmt":"2013-11-05T02:03:21","guid":{"rendered":"http:\/\/jan-jakobsen.dk\/?p=2610"},"modified":"2013-11-05T03:05:26","modified_gmt":"2013-11-05T02:05:26","slug":"enhedslisten-vil-mangfoldighed","status":"publish","type":"post","link":"https:\/\/jan-jakobsen.dk\/?p=2610","title":{"rendered":"Enhedslisten vil mangfoldighed"},"content":{"rendered":"<p><em><strong>&#8211; Vil mennesker med handicap have indflydelse, skal vi v\u00e6re en aktiv del af demokratiet. Vi bliver kun set og h\u00f8rt, hvis vi ogs\u00e5 er synlige, siger 58-\u00e5rige Jan Jakobsen, der opstiller til kommunalvalget for Enhedslisten. De sidste 12 \u00e5r har han siddet i byr\u00e5det i Ringsted.<\/strong><\/em><\/p>\n<p><em><strong><\/strong><\/em>&#8211; N\u00e5r jeg stiller op for Enhedslisten er det f\u00f8rst og fremmest p\u00e5 grund af, at her passer jeg ind med mine socialistiske grundholdninger. Man kan v\u00e6re medlem af mange andre partier og stadig k\u00e6mpe for rettigheder til mennesker med handicap.Vi er grundl\u00e6ggende lige s\u00e5 forskellige som alle andre mennesker, og det erkender jeg gerne, siger Jan Jakobsen.<\/p>\n<p><!--more-->&#8211; Jeg sidder da heller ikke i byr\u00e5det fordi jeg er handicapaktivist, men fordi jeg vil fremme de grundholdninger, Enhedslisten st\u00e5r for. Men uanset, hvad jeg g\u00f8r, er mit handicap en del af mig, og det p\u00e5virker hele den m\u00e5de jeg t\u00e6nker p\u00e5. Solidaritet og f\u00e6llesskab fylder meget i mit liv. M\u00e5ske fordi jeg er afh\u00e6ngig af f\u00e6llesskabet. Samtidig mener jeg dog\u00a0ogs\u00e5, jeg giver noget tilbage til f\u00e6llesskabet. Det er vigtigt i et demokrati.<\/p>\n<p>&nbsp;<\/p>\n<p>Jan Jakobsen ved, hvad han taler om. Han har muskelsvind, er respiratorbruger og afh\u00e6ngig af sin elk\u00f8restol og de hj\u00e6lpere, der p\u00e5 skift f\u00f8lger ham overalt. Han sidder i muskelsvindfondens bestyrelse, er formand for Ringsted Handicapr\u00e5d og aktiv i den lokale afdeling af Danske Handicaporganisationer. Indtil nu har han arbejdet i fleksjob som journalist. Det er dog usikkert, om han kan forts\u00e6tte med det, for med alderen bliver ressourcerne f\u00e6rre.<\/p>\n<p>&#8211; Jeg kan meget vel blive en af dem, hvor man vil sige, at kan jeg deltage i kommunalpolitisk arbejde, s\u00e5 kan jeg ogs\u00e5 arbejde \u2013 og s\u00e5 skal jeg bruge min arbejdsevne f\u00f8r noget andet, hvis jeg vil bevare et fors\u00f8rgelsesgrundlag, siger Jan Jakobsen, der dog n\u00e6gter at tr\u00e6kke sig fra sin opstilling, selv om det p\u00e5 sigt kan give problemer, som det skete for Jan S\u00f8rensen i T\u00f8nder, der trak sig fra f\u00f8rstepladsen p\u00e5 Enhedslistens opstilling, da borgmester Laurids Rudebeck (V) i en mail til Jan S\u00f8rensen skrev, at det kan f\u00e5 betydning for bevillingen og udm\u00e5ling af ens f\u00f8rtidspension, hvis man opn\u00e5r valg til en kommunalbestyrelse.<\/p>\n<p><a href=\"https:\/\/jan-jakobsen.dk\/https:\/\/jan-jakobsen.dk\/wp-content\/uploads\/2009\/12\/efteraar2.jpg\"><img loading=\"lazy\" decoding=\"async\" class=\"size-full wp-image-486 alignleft\" style=\"margin: 10px 20px;\" alt=\"efteraar2\" src=\"https:\/\/jan-jakobsen.dk\/https:\/\/jan-jakobsen.dk\/wp-content\/uploads\/2009\/12\/efteraar2.jpg\" width=\"400\" height=\"559\" srcset=\"https:\/\/jan-jakobsen.dk\/http:\/\/jan-jakobsen.dk\/wp-content\/uploads\/2009\/12\/efteraar2.jpg 400w, https:\/\/jan-jakobsen.dk\/http:\/\/jan-jakobsen.dk\/wp-content\/uploads\/2009\/12\/efteraar2-214x300.jpg 214w\" sizes=\"auto, (max-width: 400px) 100vw, 400px\" \/><\/a>&#8211; jeg forst\u00e5r udm\u00e6rket, at man tr\u00e6kker sig, n\u00e5r man p\u00e5 den m\u00e5de trues p\u00e5 sit fors\u00f8rgelsesgrundlag. Reglerne, man administrerer efter, er uklare. Kommunerne er under pres, og erfaringsm\u00e6ssigt ved vi, at politikerne i kommunerne forlanger, at alt skal tolkes s\u00e5dan, at det giver s\u00e5 f\u00e5 udgifter til kommunerne som overhovedet muligt. S\u00e5dan administrerer man p\u00e5 handicapomr\u00e5det i nogle kommuner, og viser der sig farbare huller, er kommunerne sjovt nok ret hurtige til at l\u00e6re af hinanden.<\/p>\n<p>&#8211; Det skyldes dybest set antidemokratiske politikere, som har v\u00e6ret mere optaget af besparelser end at h\u00e5ndh\u00e6ve retssikkerheden, forts\u00e6tter Jan Jakobsen. &#8211; Politikerne er gjort opm\u00e6rksom p\u00e5 problemet. Det eneste, vi h\u00f8rer, er larmende tavshed. Politikerne gemmer sig bag vage ministerielle tolkninger, der dybest set intet svar giver.<\/p>\n<p>If\u00f8lge Jan Jakobsen er dette helt i tr\u00e5d med den h\u00e5rde linie, man nu i en \u00e5rr\u00e6kke har f\u00f8rt p\u00e5 handicapomr\u00e5det. Ogs\u00e5 her kender Jan Jakobsen til det. Frem til 2010 repr\u00e6senterede han SF i Ringsted byr\u00e5d, men netop den m\u00e5de, et nyt flertal i Kls bestyrelse, best\u00e5ende af Socialdemokraterne og SF, fortsatte den borgerlige hetz mod handicapomr\u00e5det p\u00e5, gjorde, at Jan Jakobsen i sommeren 2010 sagde farvel og tak til SF. Siden for\u00e5ret 2011 har Jan Jakobsen repr\u00e6senteret Enhedslisten i Ringsted og er nu opstillet som partiets spidskandidat.<\/p>\n<p>&#8211; Jeg har ikke \u00e9t sekund fortrudt mit skifte. Enhedslisten g\u00f8r langt mere for mangfoldigheden end jeg har oplevet i andre partier. Jeg er jo langt fra den eneste med handicap, der er opstillet p\u00e5 en plads som nr. 1 eller andre pladser, der kan give valg. Vi bliver synlige og kan v\u00e6re med til at s\u00e6tte den politiske dagsorden. Det bliver sv\u00e6rere at afvise handicapproblematikker i kommuner, hvor mennesker med handicap er synlige og en del af det politiske billede. P\u00e5 den m\u00e5de er jeg meget stolt af at v\u00e6re i Enhedslisten. Det er jo heller ikke kun mennesker med handicap, der tegner mangfoldigheden i Enhedslisten. Vi er blot en del af det, slutter Jan Jakobsen.<\/p>\n","protected":false},"excerpt":{"rendered":"<p>&#8211; Vil mennesker med handicap have indflydelse, skal vi v\u00e6re en aktiv del af demokratiet. Vi bliver kun set og h\u00f8rt, hvis vi ogs\u00e5 er synlige, siger 58-\u00e5rige Jan Jakobsen, der opstiller til kommunalvalget for Enhedslisten. De sidste 12 \u00e5r &hellip; <a href=\"https:\/\/jan-jakobsen.dk\/?p=2610\">L\u00e6s resten <span class=\"meta-nav\">&rarr;<\/span><\/a><\/p>\n","protected":false},"author":3,"featured_media":0,"comment_status":"open","ping_status":"open","sticky":false,"template":"","format":"standard","meta":{"footnotes":""},"categories":[4,32,3,1],"tags":[],"class_list":["post-2610","post","type-post","status-publish","format-standard","hentry","category-blog","category-byradenhedslisten","category-handicapdebat","category-uncategorized"],"_links":{"self":[{"href":"https:\/\/jan-jakobsen.dk\/index.php?rest_route=\/wp\/v2\/posts\/2610","targetHints":{"allow":["GET"]}}],"collection":[{"href":"https:\/\/jan-jakobsen.dk\/index.php?rest_route=\/wp\/v2\/posts"}],"about":[{"href":"https:\/\/jan-jakobsen.dk\/index.php?rest_route=\/wp\/v2\/types\/post"}],"author":[{"embeddable":true,"href":"https:\/\/jan-jakobsen.dk\/index.php?rest_route=\/wp\/v2\/users\/3"}],"replies":[{"embeddable":true,"href":"https:\/\/jan-jakobsen.dk\/index.php?rest_route=%2Fwp%2Fv2%2Fcomments&post=2610"}],"version-history":[{"count":2,"href":"https:\/\/jan-jakobsen.dk\/index.php?rest_route=\/wp\/v2\/posts\/2610\/revisions"}],"predecessor-version":[{"id":2613,"href":"https:\/\/jan-jakobsen.dk\/index.php?rest_route=\/wp\/v2\/posts\/2610\/revisions\/2613"}],"wp:attachment":[{"href":"https:\/\/jan-jakobsen.dk\/index.php?rest_route=%2Fwp%2Fv2%2Fmedia&parent=2610"}],"wp:term":[{"taxonomy":"category","embeddable":true,"href":"https:\/\/jan-jakobsen.dk\/index.php?rest_route=%2Fwp%2Fv2%2Fcategories&post=2610"},{"taxonomy":"post_tag","embeddable":true,"href":"https:\/\/jan-jakobsen.dk\/index.php?rest_route=%2Fwp%2Fv2%2Ftags&post=2610"}],"curies":[{"name":"wp","href":"https:\/\/api.w.org\/{rel}","templated":true}]}}