{"id":2558,"date":"2013-09-30T04:32:08","date_gmt":"2013-09-30T02:32:08","guid":{"rendered":"http:\/\/jan-jakobsen.dk\/?p=2558"},"modified":"2013-09-30T04:51:23","modified_gmt":"2013-09-30T02:51:23","slug":"en-aendring-i-mit-liv","status":"publish","type":"post","link":"https:\/\/jan-jakobsen.dk\/?p=2558","title":{"rendered":"En \u00e6ndring i mit liv"},"content":{"rendered":"<p>Jeg sagde forleden dag farvel til mine kolleger gennem snart et \u00e5r. Mine helbredsproblemer har trukket ud, og selv om jeg er i kraftig bedring, s\u00e5 er det tvivlsomt, at jeg n\u00e5r det funktionsniveau, der er n\u00f8dvendigt for at kunne forts\u00e6tte i det job, jeg har haft som kommunikationskonsulent\u00a0i Dansk Fibromyalgi-Forening.<!--more--><\/p>\n<p>Jeg har v\u00e6ret meget glad for den tid, jeg har v\u00e6ret i Dansk Fibromyalgi-Forening med kolleger og en ledelse, der k\u00e6mper med anerkendelse af en skjult sygdom. Det er h\u00e5rdt dagligt arbejde at k\u00e6mpe den sag. Det g\u00f8r ogs\u00e5, \u00a0at det er vigtigt, at jeg er realistisk med med hensyn til at se p\u00e5 mine egne kr\u00e6fter og n\u00e5 frem til den erkendelse, at der i dette tilf\u00e6lde er for mange odds imod. Det er sv\u00e6rt, men i lyset af, at det g\u00e5r alt for meget ud over andre med mit frav\u00e6r, s\u00e5 bliver det en en n\u00f8dvendig beslutning.<\/p>\n<p>Forel\u00f8big giver den meget fair aftale, der er indg\u00e5et mellem os, mulighed for, at jeg kan bruge tiden frem til januar p\u00e5 at f\u00f8re valgkamp for Enhedslisten i Ringsted. S\u00e5 m\u00e5 vi til den tid se, hvad jeg skal: enten have et mindre omfangsrigt fleksjob p\u00e5 6-8 timer med journalistiske opgaver eller lave arbejde freelance\u2026 \u00e9n ting er dog sikkert: et eller andet, der lugter af arbejde, det skal jeg!<\/p>\n<p>Jeg vil ogs\u00e5 bruge tiden p\u00e5 at komme rigtig ovenp\u00e5 igen. Det har v\u00e6ret en h\u00e5rd proces med mange erkendelser, der nu skal helt p\u00e5 plads. Det er ikke i en s\u00e5dan situation, jeg skal tr\u00e6ffe store beslutninger.<\/p>\n<p>N\u00e5r det er sagt, s\u00e5 skulle det dog ikke undre mig, om nogle af de erfaringer jeg har gjort mig det sidste \u00e5r, kunne finde vej ned gennem tasterne og blive til et par afsluttende kapitler i det, jeg har kaldt min &#8220;Job-Blog&#8221;.\u00a0Det skulle heller ikke undre mig, om det kunne blive til en e-bog. Ikke for at fort\u00e6lle en t\u00e5reperser, men i et stilf\u00e6rdigt h\u00e5b om, at min historie og mine erfaringer kan bruges af andre i lignende situation. For mange af os er den Frederiksen&#8217;ske gulerod jo ikke noget, der hj\u00e6lper &#8211; og det skal til geng\u00e6ld ikke siges stilf\u00e6rdigt, men s\u00e5 h\u00f8jt som muligt, s\u00e5 regeringens reform-amok st\u00e5r klokkeklart i al sin asociale gru.Det er dog et projekt, der m\u00e5 vente lidt endnu.<\/p>\n<p>Tak til mine kolleger, der i den grad har b\u00e5ret over med f\u00f8rst min noget sv\u00e6kkede arbejdsindsats og dern\u00e6st en lang sygemelding. Ogs\u00e5 tak til de mange medarbejdere i min kommune, p\u00e5 RespirationsCenter \u00d8st og RehabiliteringsCenter for Muskelsvind, der har gjort, og stadig g\u00f8r, et k\u00e6mpe arbejde for at jeg igen er p\u00e5 vej tilbage til et godt funktionsniveau.<br \/>\nNu skal Enhedslisten i f\u00f8rste omgang have en ordentlig skalle, s\u00e5 der kommer et alternativ til den borgerlige politik, der i \u00f8jeblikket f\u00f8res i Ringsted byr\u00e5d.<\/p>\n<p>Der er en masse at k\u00e6mpe for&#8230; N\u00e5r ret bliver uret, bliver modstand en pligt!<\/p>\n","protected":false},"excerpt":{"rendered":"<p>Jeg sagde forleden dag farvel til mine kolleger gennem snart et \u00e5r. Mine helbredsproblemer har trukket ud, og selv om jeg er i kraftig bedring, s\u00e5 er det tvivlsomt, at jeg n\u00e5r det funktionsniveau, der er n\u00f8dvendigt for at kunne &hellip; <a href=\"https:\/\/jan-jakobsen.dk\/?p=2558\">L\u00e6s resten <span class=\"meta-nav\">&rarr;<\/span><\/a><\/p>\n","protected":false},"author":3,"featured_media":0,"comment_status":"open","ping_status":"open","sticky":false,"template":"","format":"standard","meta":{"footnotes":""},"categories":[4,1],"tags":[],"class_list":["post-2558","post","type-post","status-publish","format-standard","hentry","category-blog","category-uncategorized"],"_links":{"self":[{"href":"https:\/\/jan-jakobsen.dk\/index.php?rest_route=\/wp\/v2\/posts\/2558","targetHints":{"allow":["GET"]}}],"collection":[{"href":"https:\/\/jan-jakobsen.dk\/index.php?rest_route=\/wp\/v2\/posts"}],"about":[{"href":"https:\/\/jan-jakobsen.dk\/index.php?rest_route=\/wp\/v2\/types\/post"}],"author":[{"embeddable":true,"href":"https:\/\/jan-jakobsen.dk\/index.php?rest_route=\/wp\/v2\/users\/3"}],"replies":[{"embeddable":true,"href":"https:\/\/jan-jakobsen.dk\/index.php?rest_route=%2Fwp%2Fv2%2Fcomments&post=2558"}],"version-history":[{"count":4,"href":"https:\/\/jan-jakobsen.dk\/index.php?rest_route=\/wp\/v2\/posts\/2558\/revisions"}],"predecessor-version":[{"id":2562,"href":"https:\/\/jan-jakobsen.dk\/index.php?rest_route=\/wp\/v2\/posts\/2558\/revisions\/2562"}],"wp:attachment":[{"href":"https:\/\/jan-jakobsen.dk\/index.php?rest_route=%2Fwp%2Fv2%2Fmedia&parent=2558"}],"wp:term":[{"taxonomy":"category","embeddable":true,"href":"https:\/\/jan-jakobsen.dk\/index.php?rest_route=%2Fwp%2Fv2%2Fcategories&post=2558"},{"taxonomy":"post_tag","embeddable":true,"href":"https:\/\/jan-jakobsen.dk\/index.php?rest_route=%2Fwp%2Fv2%2Ftags&post=2558"}],"curies":[{"name":"wp","href":"https:\/\/api.w.org\/{rel}","templated":true}]}}