{"id":2487,"date":"2013-09-14T03:20:35","date_gmt":"2013-09-14T01:20:35","guid":{"rendered":"http:\/\/jan-jakobsen.dk\/?p=2487"},"modified":"2013-09-14T03:49:56","modified_gmt":"2013-09-14T01:49:56","slug":"synlighed-synlighed-og-synlighed","status":"publish","type":"post","link":"https:\/\/jan-jakobsen.dk\/?p=2487","title":{"rendered":"Synlighed, synlighed&#8230; og synlighed"},"content":{"rendered":"<p><em><strong><a href=\"https:\/\/jan-jakobsen.dk\/https:\/\/jan-jakobsen.dk\/wp-content\/uploads\/2013\/07\/jj2.gif\"><img loading=\"lazy\" decoding=\"async\" class=\"alignleft  wp-image-1892\" style=\"margin: 10px;\" alt=\"jj2\" src=\"https:\/\/jan-jakobsen.dk\/https:\/\/jan-jakobsen.dk\/wp-content\/uploads\/2013\/07\/jj2.gif\" width=\"168\" height=\"238\" \/><\/a>En gammel talem\u00e5de hedder &#8216;ude af \u00f8je, ude af sind&#8217;. Det g\u00e6lder ikke mindst n\u00e5r den politiske dagsorden s\u00e6ttes. Og det g\u00e6lder p\u00e5 alle planer: opstilling til kommunalbestyrelserne og regionsr\u00e5dene, ved valgm\u00f8derne op til valget, og ikke mindst, n\u00e5r vi afgiver vores stemme. Derfor er det vigtigt at mennesker med handicap er synlige i den offentlige debat p\u00e5 til valget 19. november. Vi skal s\u00f8rge for at blive set, h\u00f8rt, forst\u00e5et og taget alvorligt.<\/strong><\/em><\/p>\n<p>Mange vigtige beslutninger, der har betydning for mennesker med handicap, tr\u00e6ffes i kommunalbestyrelserne. Efter kommunalreformen blev gennemf\u00f8rt, er mange beslutninger om serviceniveau udlagt til kommunerne, som er blevet en vigtig kampplads for fordelingen af den generelle velf\u00e6rd.<\/p>\n<p><!--more-->Suppleret med, at kommunerne samtidig f\u00e5r meget begr\u00e6nsede handlemuligheder, n\u00e5r det g\u00e6lder om at skaffe de \u00f8konomiske ressourcer til at opretholde serviceniveauet, s\u00e5 bliver det et sted, vi som mennesker med handicap har et f\u00e6lles opgave i at sikre, bliver overv\u00e5get ganske n\u00f8je. I kampen om tildelingen af de sparsomme ressourcer er det vigtigt, at vi holder \u00f8je med at kommunerne ikke snyder &#8216;med fingeren p\u00e5 v\u00e6gten&#8217;. Det findes der en lang r\u00e6kke eksempler p\u00e5<sup><a href=\"#sdfootnote1sym\" name=\"sdfootnote1anc\"><sup>1<\/sup><\/a><\/sup>.<\/p>\n<p>&nbsp;<\/p>\n<p><b>Valg til kommunalbestyrelser og regionsr\u00e5d<\/b><\/p>\n<p>Kommune- og regionsr\u00e5dsvalget finder sted 19. november i \u00e5r. I den forbindelse er det vigtigt, at vi markerer os som handicappolitisk gruppe.<\/p>\n<p>Begrebet handicappolitisk gruppe skal forst\u00e5s rigtigt: at vi p\u00e5 tv\u00e6rs af de politiske holdninger, vi ellers har, er interesseret i at vi som gruppe har nogle v\u00e6rdige livsvilk\u00e5r og kan deltage i samfundet p\u00e5 lige fod med andre.<\/p>\n<p>Vores f\u00e6lles interesse best\u00e5r alts\u00e5 i at vi er her og sikre, at vi som gruppe ikke bliver glemt. At vi ikke er &#8216;ude af \u00f8je, ude af sind&#8217;.<\/p>\n<p>En del mennesker med handicap stiller op til kommunalbestyrelser og regionsr\u00e5d ved det kommende valg. Det sker for en lang r\u00e6kke forskellige partier, for selv om vi har et handicap til f\u00e6lles er det jo ikke ensbetydende med, at vi har samme opfattelse af, hvordan samfundet skal organiseres. Det er i denne sammenh\u00e6ng heller ikke s\u00e5 vigtigt efter min mening. Det vigtige er, at vi er til stede, at vi er deltagende, at vi bliver synlige og ikke mindst h\u00f8rt.<\/p>\n<p>&nbsp;<\/p>\n<p><b>Opstilling <\/b><\/p>\n<p>Nu er selve opstillingsprocessen ved at v\u00e6re forbi, og det er for sent at t\u00e6nke i de baner i forbindelse med det aktuelle valg. Uden at have unders\u00f8gt det, vil jeg umiddelbart tro, at flere med handicap stiller op denne gang. Jeg bygger det is\u00e6r p\u00e5 to antagelser: dels at mennesker med handicap er blevet h\u00e5rdt ramt af de reformer, derdet \u00e5r har ramt os. Dels at etableringen af handicapr\u00e5d i alle kommuner fremmer b\u00e5de interessen for politik og den direkte involvering. Lykkes det at fastholde dette arbejde tror jeg ogs\u00e5 vi ser flere med handicap involveret i politisk arbejde i de forskellige partier og dermed flere med handicap i kommunalbestyrelserne rundt om. En sund udvikling, n\u00e5r vi taler synlighed. M\u00e5let m\u00e5 v\u00e6re, at vi er s\u00e5 mange, at vi afspejler den faktiske befolkningssammens\u00e6tning. Det g\u00e6lder naturligvis ikke alene handicap, men ogs\u00e5 k\u00f8n, race, religion, seksuel orientering og andre tilh\u00f8rsforhold.<\/p>\n<p>&nbsp;<\/p>\n<p><b>Valgkampen<\/b><\/p>\n<p>Der er heldigvis mange m\u00e5der at involvere sig i en valgkamp p\u00e5. Der er brug for at vi er aktive og afkr\u00e6ver politikerne svar p\u00e5 nogle af de problemer, som vi oplever. Det kan ske b\u00e5de i l\u00e6serbreve, ved v\u00e6lgerm\u00f8der, som der bliver afholdt et hav af op til afstemningen, og n\u00e5r vi m\u00f8der politikerne, der agiterer for deres sag p\u00e5 gader og str\u00e6der. Dette m\u00f8de giver mulighed for at komme i direkte kontakt med de enkelte politikere og finde ud af, hvad de st\u00e5r for. Forst\u00e5r de vores problemer og vil de k\u00e6mpe for dem?<\/p>\n<p>L\u00e6serbreve er gode til at stille nogle helt konkrete sp\u00f8rgsm\u00e5l til politikerne, som de s\u00e5 kan svare p\u00e5. De kan ogs\u00e5 bruges til at blande sig i en debat med en s\u00e6rlig handicapvinkel, som det kan v\u00e6re vigtigt at f\u00e5 ind i debatten. I begge tilf\u00e6lde g\u00e6lder det om at skrive kort, pr\u00e6cist og ikke at rode for mange emner sammen i samme l\u00e6serbrev.<\/p>\n<p>V\u00e6lgerm\u00f8der er igen en direkte mulighed for at stille politikere sp\u00f8rgsm\u00e5l. Her er det vigtigt ogs\u00e5 at stille korte pr\u00e6cise sp\u00f8rgsm\u00e5l. Bruger man konkrete eksempler, skal de ogs\u00e5 v\u00e6re b\u00e5de korte og relevante. Det er umuligt, og heller ikke rimeligt, at politikere skal tage stilling til enkeltsager, s\u00e5 det er vigtigt at holde sig til det principielle. Nogle lokale DH-afdelinger arrangerer deres egne m\u00f8der for s\u00e6rligt at s\u00e6tte fokus p\u00e5 handicapomr\u00e5det. Det kan is\u00e6r v\u00e6re en god ide i de kommuner, hvor der er er grund til at have ekstra fokus p\u00e5 lokale forhold.<\/p>\n<p>&nbsp;<\/p>\n<p><b>Deltagelse i valghandlingen<\/b><\/p>\n<p>Det sidste, vi kan g\u00f8re, er ret banalt. Det er nemlig at deltage i valghandlingen \u2013 at give en kandidat eller et parti sin stemme.<\/p>\n<p>Der har v\u00e6ret skiftende stemmeprocenter til kommunal- og regionsvalg de sidste gange. En del af de, der ikke stemmer, har formodentlig et handicap. Begrundelserne for ikke at stemme, kan v\u00e6re mange. En grund kan v\u00e6re, at nogen synes det er for b\u00f8vlet. Det beh\u00f8ves nu ikke v\u00e6re tilf\u00e6ldet, for der er glimrende muligheder for at komme til at stemme. Kan man ikke komme til afstemningsstedet, er der mulighed for at stemme hjemme. Passer det ikke at stemme netop den dag valget finder sted, er der mulighed for at brevstemme i en periode p\u00e5 mellem to og tre m\u00e5neder forud for valgdagen. Har man brug for hj\u00e6lp til selve det at s\u00e6tte sit kryds eller eksempelvis at f\u00e5 l\u00e6st stemmesedlen op, er det ogs\u00e5 muligt<a href=\"#sdfootnote2sym\" name=\"sdfootnote2anc\"><sup>2<\/sup><\/a>. Tilg\u00e6ngelighed til valgstederne og stemmeboksene er noget af det, som de lokale handicapr\u00e5d er s\u00e6rligt opm\u00e6rksomme p\u00e5. Det er et af de omr\u00e5der, hvor reglerne er rimeligt uklare, selv om Fns hancicapkonvention n\u00e6vner netop deltagelse i demokratiske valg<a href=\"#sdfootnote3sym\" name=\"sdfootnote3anc\"><sup>3<\/sup><\/a>.<\/p>\n<p>Synligheden kommer ogs\u00e5 ind i valgdeltagelsen. Er vi mange nok, der er med til at stemme &#8216;de gode kandidater&#8217; med et positivt blik for handicappolitikken ind, s\u00e5 kan vi \u00e6ndre p\u00e5 tingenes tilstand i kommunerne. S\u00e5 sm\u00f8g \u00e6rmerne op og kom i gang. Vi er en magtfaktor, hvis vi vil.<\/p>\n<p>&#8211; &#8211; &#8211; &#8211; &#8211;<\/p>\n<p>&nbsp;<\/p>\n<p>Noter:<\/p>\n<div id=\"sdfootnote1\"><a href=\"#sdfootnote1anc\" name=\"sdfootnote1sym\">1<\/a>\u00a0 \u00a0J\u00f8rgen Lenger: 12 gode regler n\u00e5r man vil beg\u00e5 socialt bedrageri <a href=\"http:\/\/modkraft.dk\/blogindl\u00e6g\/tolv-gode-regler-n\u00e5r-man-vil-beg\u00e5-socialbedrageri\">http:\/\/modkraft.dk\/blogindl\u00e6g\/tolv-gode-regler-n\u00e5r-man-vil-beg\u00e5-socialbedrageri<\/a><\/div>\n<div><\/div>\n<div id=\"sdfootnote2\"><a href=\"#sdfootnote2anc\" name=\"sdfootnote2sym\">2<\/a>\u00a0 \u00a0<a href=\"https:\/\/www.retsinformation.dk\/Forms\/r0710.aspx?id=144947\">https:\/\/www.retsinformation.dk\/Forms\/r0710.aspx?id=144947<\/a> Lov nr 127 af 11\/02\/2013 G\u00e6ldende (Kommunal- regionalvalgloven)<\/div>\n<div><\/div>\n<div id=\"sdfootnote3\"><a href=\"#sdfootnote3anc\" name=\"sdfootnote3sym\">3<\/a>\u00a0 \u00a0<a href=\"https:\/\/www.retsinformation.dk\/Forms\/R0710.aspx?id=145788\">https:\/\/www.retsinformation.dk\/Forms\/R0710.aspx?id=145788<\/a> (beslutningsforslag).<a href=\"https:\/\/www.retsinformation.dk\/Forms\/R0710.aspx?id=152292\">https:\/\/www.retsinformation.dk\/Forms\/R0710.aspx?id=152292<\/a> (beretning om forslag fra kommunaludvalg).<\/div>\n","protected":false},"excerpt":{"rendered":"<p>En gammel talem\u00e5de hedder &#8216;ude af \u00f8je, ude af sind&#8217;. Det g\u00e6lder ikke mindst n\u00e5r den politiske dagsorden s\u00e6ttes. Og det g\u00e6lder p\u00e5 alle planer: opstilling til kommunalbestyrelserne og regionsr\u00e5dene, ved valgm\u00f8derne op til valget, og ikke mindst, n\u00e5r vi &hellip; <a href=\"https:\/\/jan-jakobsen.dk\/?p=2487\">L\u00e6s resten <span class=\"meta-nav\">&rarr;<\/span><\/a><\/p>\n","protected":false},"author":3,"featured_media":0,"comment_status":"open","ping_status":"open","sticky":false,"template":"","format":"standard","meta":{"footnotes":""},"categories":[4,3,1],"tags":[],"class_list":["post-2487","post","type-post","status-publish","format-standard","hentry","category-blog","category-handicapdebat","category-uncategorized"],"_links":{"self":[{"href":"https:\/\/jan-jakobsen.dk\/index.php?rest_route=\/wp\/v2\/posts\/2487","targetHints":{"allow":["GET"]}}],"collection":[{"href":"https:\/\/jan-jakobsen.dk\/index.php?rest_route=\/wp\/v2\/posts"}],"about":[{"href":"https:\/\/jan-jakobsen.dk\/index.php?rest_route=\/wp\/v2\/types\/post"}],"author":[{"embeddable":true,"href":"https:\/\/jan-jakobsen.dk\/index.php?rest_route=\/wp\/v2\/users\/3"}],"replies":[{"embeddable":true,"href":"https:\/\/jan-jakobsen.dk\/index.php?rest_route=%2Fwp%2Fv2%2Fcomments&post=2487"}],"version-history":[{"count":12,"href":"https:\/\/jan-jakobsen.dk\/index.php?rest_route=\/wp\/v2\/posts\/2487\/revisions"}],"predecessor-version":[{"id":2502,"href":"https:\/\/jan-jakobsen.dk\/index.php?rest_route=\/wp\/v2\/posts\/2487\/revisions\/2502"}],"wp:attachment":[{"href":"https:\/\/jan-jakobsen.dk\/index.php?rest_route=%2Fwp%2Fv2%2Fmedia&parent=2487"}],"wp:term":[{"taxonomy":"category","embeddable":true,"href":"https:\/\/jan-jakobsen.dk\/index.php?rest_route=%2Fwp%2Fv2%2Fcategories&post=2487"},{"taxonomy":"post_tag","embeddable":true,"href":"https:\/\/jan-jakobsen.dk\/index.php?rest_route=%2Fwp%2Fv2%2Ftags&post=2487"}],"curies":[{"name":"wp","href":"https:\/\/api.w.org\/{rel}","templated":true}]}}