{"id":2092,"date":"2012-05-04T18:58:17","date_gmt":"2012-05-04T16:58:17","guid":{"rendered":"http:\/\/jan-jakobsen.dk\/?p=2092"},"modified":"2014-03-06T11:54:19","modified_gmt":"2014-03-06T10:54:19","slug":"24-giv-os-i-dag-det-daglige-svar","status":"publish","type":"post","link":"https:\/\/jan-jakobsen.dk\/?p=2092","title":{"rendered":"Job-Blog 24: Giv os i dag det daglige svar?"},"content":{"rendered":"<blockquote><p>Om direkt\u00f8rers forst\u00e5else af begrebet &#8216;st\u00e6rkeste og veluddannede af de handicappede&#8217; og kontrasten til\u00a0det daglige svar p\u00e5 temmelig ilde h\u00f8rte b\u00f8nner om et arbejde&#8230;<\/p><\/blockquote>\n<p>En lettere omskrivning af en ofte fremsat b\u00f8n kunne efterh\u00e5nden v\u00e6re p\u00e5 sin plads. Ikke som et \u00f8nske, og ikke fordi jeg tror p\u00e5, at det vil virke, men mere som en konstatering af tingenes tilstand.<\/p>\n<p>Og det daglige svar er ikke opl\u00f8ftende: en kort, n\u00f8gtern mail med tak for interessen, men at man i den nuv\u00e6rende situation ikke har planer om eller mulighed for at udvide medarbejderstaben. Det g\u00e6lder for de efterh\u00e5nden mange uopfordrede ans\u00f8gninger jeg har sendt til virksomheder og organisationer, jeg, naturligvis med min begr\u00e6nsede fantasi og slatne holdning til, hvad jeg skal besk\u00e6ftige mig med, kunne forestille mig have brug for de kompetencer, som jeg besidder.<\/p>\n<p><!--more-->Det g\u00e6lder ogs\u00e5 for de mange stillingsopslag, som jeg ser inden for mit arbejdsfelt. Her er svaret naturligvis ogs\u00e5 en h\u00f8flig takken for interessen, at der har v\u00e6ret mange ans\u00f8gere og at den rette nu er fundet. Og da jeg hverken har v\u00e6ret til samtale eller er stillet yderligere sp\u00f8rgsm\u00e5l, kan jeg jo hurtigt konkludere, at jeg heller ikke denne gang var den rette.<\/p>\n<p>Det er naturligt, at situationen kalder p\u00e5, at jeg breder min jobs\u00f8gning noget ud og f\u00e5r et lidt bredere perspektiv p\u00e5 s\u00f8gningen. Det har jeg l\u00e6st at nogle politikere synes er en ganske god ide uden at de egentlig er i stand til at fort\u00e6lle hvordan.<\/p>\n<p>S\u00e5 hvordan er jo et godt sp\u00f8rgsm\u00e5l, som jeg har lidt sv\u00e6rt ved at gennemskue, fordi jeg ikke besidder evnen til at abstrahere fra nogle ganske konkrete begr\u00e6nsninger, som jeg dagligt oplever, at jeg har.<\/p>\n<p>Sjovt nok g\u00e6lder det ogs\u00e5 for de 17.000 andre ledige fleksjobbere, som der er i \u00f8jeblikket. Vi er nemlig alle visiteret til et fleksjob med baggrund i at vi har en vedvarende funktionsneds\u00e6ttelse p\u00e5 mere end 50% af almindelig arbejdsevne. Det er foruds\u00e6tningen for at komme i fleksjob.<\/p>\n<p>De hensyn kan v\u00e6re meget forskellige &#8211; heldigvis. For det \u00f8ger bredden i, hvilke job vi er i stand til at varetage med de begr\u00e6nsninger vi har. Pointen er, at vi ikke alle er potentielle arbejdstagere inden for alle jobs.<\/p>\n<p>Det synes ikke alle helt at have forst\u00e5else for. Sidst har jeg h\u00f8rt Discus-direkt\u00f8ren Hans Bach udtale, at &#8216;&#8230;i dag er det s\u00e5dan, at det is\u00e6r er de st\u00e6rkeste og veluddannede af de handicappede, der g\u00f8r brug af fleksjobordningen, da man minimum skal kunne arbejde 12 timer&#8230;&#8217; Udtalelsen n\u00e6rmest emmer af en negativ indfaldsvinkel til det, at vi, der har et handicap og en uddannelse, overhovedet er p\u00e5 arbejdsmarkedet. Udtalelsen falder i forbindelse med et radioindslag om fleksjob, hvor jeg selv deltog. Jeg vil ikke finde mig i p\u00e5 den m\u00e5de at blive mist\u00e6nkeliggjort, fordi jeg er blandt &#8216;de st\u00e6rkeste og veluddannede af de handicappede&#8217;! Og jeg kan da lige hilse direkt\u00f8ren og sige, at st\u00e6rk eller ej, det betyder knapt s\u00e5 meget i k\u00f8en.<\/p>\n<div>\n<p>http:\/\/www.dr.dk\/P4\/Sjaelland\/Nyheder\/RegionSjaelland\/2012\/05\/01\/113758.htm<\/p>\n<p>Der er en gruppe af mennesker med handicap, som har et bev\u00e6gehandicap, bl.a. k\u00f8restolsbrugere, hvor det b\u00f8r v\u00e6re \u00e5benlyst for alle, at det ikke er hensigtsm\u00e6ssigt, at vi bliver jord- og betonarbejdere. Denne gruppe er faktisk s\u00e5 stor, at det sl\u00e5r igennem i statistikkerne og derfor er det alt andet end fair at n\u00e6vne det som noget negativt. Det er jo et udtryk for at fleksjobordningen virker: vi, der har b\u00e5de uddannelse og restarbejdsevne tilbyder os p\u00e5 arbejdsmarkedet og er ikke p\u00e5 passiv fors\u00f8rgelse.N\u00e6gter man at anerkende dette, er det fordi man har en anden dagsorden, hvad den s\u00e5 kan v\u00e6re. Det skal jeg ikke kunne sige.<\/p>\n<p>Det daglige svar er til stadighed det samme. Har jeg nogen alternativer? Ja, jeg kunne jo g\u00e5 tilbage til passiv fors\u00f8rgelse og igen tale imod den hvilende f\u00f8rtidspension, jeg har. Men helt \u00e6rligt! Det kan da ikke v\u00e6re meningen i en tid, hvor alle, inklusiv vores nye regering, r\u00e5ber p\u00e5, at hvo kan arbejde, skal arbejde! Og det vil jo heller ikke bevirke, at jeg ikke fortsat vil v\u00e6re offer for den heksejagt p\u00e5 alle, der ikke tilh\u00f8rer centrum-h\u00f8jres ranke, lyse Kanvaskl\u00e6dte rollemodeller, der aften ind og aften ud sm\u00f8rer deres leverpostejmad til n\u00e6stedagens dont.<\/p>\n<\/div>\n","protected":false},"excerpt":{"rendered":"<p>Om direkt\u00f8rers forst\u00e5else af begrebet &#8216;st\u00e6rkeste og veluddannede af de handicappede&#8217; og kontrasten til\u00a0det daglige svar p\u00e5 temmelig ilde h\u00f8rte b\u00f8nner om et arbejde&#8230; En lettere omskrivning af en ofte fremsat b\u00f8n kunne efterh\u00e5nden v\u00e6re p\u00e5 sin plads. Ikke som &hellip; <a href=\"https:\/\/jan-jakobsen.dk\/?p=2092\">L\u00e6s resten <span class=\"meta-nav\">&rarr;<\/span><\/a><\/p>\n","protected":false},"author":3,"featured_media":0,"comment_status":"open","ping_status":"open","sticky":false,"template":"","format":"standard","meta":{"footnotes":""},"categories":[3,19],"tags":[235,233,236,234,232,237,231,230],"class_list":["post-2092","post","type-post","status-publish","format-standard","hentry","category-handicapdebat","category-job-blog","tag-begraensninger","tag-bevaegehandicap","tag-kanvasklaedte","tag-korestolsbrugere","tag-mistaenkeliggjort","tag-rollemodeller","tag-stillingsopslag","tag-veluddannede"],"_links":{"self":[{"href":"https:\/\/jan-jakobsen.dk\/index.php?rest_route=\/wp\/v2\/posts\/2092","targetHints":{"allow":["GET"]}}],"collection":[{"href":"https:\/\/jan-jakobsen.dk\/index.php?rest_route=\/wp\/v2\/posts"}],"about":[{"href":"https:\/\/jan-jakobsen.dk\/index.php?rest_route=\/wp\/v2\/types\/post"}],"author":[{"embeddable":true,"href":"https:\/\/jan-jakobsen.dk\/index.php?rest_route=\/wp\/v2\/users\/3"}],"replies":[{"embeddable":true,"href":"https:\/\/jan-jakobsen.dk\/index.php?rest_route=%2Fwp%2Fv2%2Fcomments&post=2092"}],"version-history":[{"count":6,"href":"https:\/\/jan-jakobsen.dk\/index.php?rest_route=\/wp\/v2\/posts\/2092\/revisions"}],"predecessor-version":[{"id":3121,"href":"https:\/\/jan-jakobsen.dk\/index.php?rest_route=\/wp\/v2\/posts\/2092\/revisions\/3121"}],"wp:attachment":[{"href":"https:\/\/jan-jakobsen.dk\/index.php?rest_route=%2Fwp%2Fv2%2Fmedia&parent=2092"}],"wp:term":[{"taxonomy":"category","embeddable":true,"href":"https:\/\/jan-jakobsen.dk\/index.php?rest_route=%2Fwp%2Fv2%2Fcategories&post=2092"},{"taxonomy":"post_tag","embeddable":true,"href":"https:\/\/jan-jakobsen.dk\/index.php?rest_route=%2Fwp%2Fv2%2Ftags&post=2092"}],"curies":[{"name":"wp","href":"https:\/\/api.w.org\/{rel}","templated":true}]}}