{"id":2088,"date":"2012-04-21T18:50:13","date_gmt":"2012-04-21T16:50:13","guid":{"rendered":"http:\/\/jan-jakobsen.dk\/?p=2088"},"modified":"2014-03-06T11:55:52","modified_gmt":"2014-03-06T10:55:52","slug":"22-slaphed-og-incitament","status":"publish","type":"post","link":"https:\/\/jan-jakobsen.dk\/?p=2088","title":{"rendered":"Job-Blog 22: Slaphed og incitament"},"content":{"rendered":"<blockquote><p>Diskussionen om, at man skal flytte hen, hvor arbejdet er, er endnu engang blusset op. Den f\u00e5r ogs\u00e5 betydning for os, der gerne skal have et fleksjob.<\/p><\/blockquote>\n<p>Jeg f\u00f8ler mig normalt ikke svag. Jeg f\u00f8ler mig heller ikke slap. Okay, indr\u00f8mmet: jeg har ikke s\u00e5 mange muskler som Joachim B. Olsen. Det tror jeg nok, at jeg er n\u00f8dt til at st\u00e5 ved&#8230; men det har vel ikke s\u00e5 meget med den konkrete situation at g\u00f8re, for det er ikke musklerne, Joachim B. Olsen bruger mest i sit nye udfald mod mennesker, der er arbejdsl\u00f8se og den stat, der holder h\u00e5nden under dem.<\/p>\n<p><!--more-->Joachim B. Olsen pr\u00f8ver at g\u00f8re sig nogle tanker om socialstaten. Han vil g\u00f8re op med den socialstat, der holder h\u00e5nden under mennesker, der kommer i en social sv\u00e6r situation, f.eks. arbejdsl\u00f8shed. Joachim B. Olsen siger til Berlingske Tidende 20. april, at &#8216;socialstaten skaber en slap holdning, fordi det ikke kan betale sig at arbejde. &#8216;Logikken er naturligvis, at det, at man har noget at leve af s\u00e6tter samfundets naturlige mekanismer ud af kraft. Har man intet at leve for, m\u00e5 man tage det lidt man kan f\u00e5 ved f.eks. forefaldende arbejde. Men det forhindrer staten jo ved at udbetale folk penge, s\u00e5 &#8216;det ikke kan betale sig at arbejde&#8217;.<\/p>\n<p>Synspunktet vinder naturligvis genh\u00f8r p\u00e5 hele den borgerlige fl\u00f8j. I samme artikel kommer lignende udtalelser fra Venstres Ulla T\u00f8rn\u00e6s, De konservatives Mai Henriksen, Socialdemokraten Leif Lahn Henriksen og Dansk Folkepartis Bent B\u00f8gsted. Trods forskellige ord er de enige om det grundl\u00e6ggende budskab. SF har i andre sammenh\u00e6nge ogs\u00e5 talt positivt om at sk\u00e6re i sociale ydelser som en motiverende faktor.<\/p>\n<p>Med det sammenrend, der jubler over Olsen kunne man komme til den konklusion, at han havde sagt noget klogt. Det er imidlertid ikke tilf\u00e6ldet. Det neoliberalistiske budskab har eksisteret i en del varianter siden kapitalismens barndom, men dukker frem under enhver krise.<\/p>\n<p>I regeringens reform &#8216;En del af f\u00e6llesskabet&#8217; l\u00e6gges der utvetydigt op til at &#8216;&#8230;Personer, der er visiteret til et fleksjob, skal sidestilles med personer p\u00e5 det ordin\u00e6re arbejdsmarked&#8230;&#8217; for at citere reformen. Det understreges flere andre steder i reformen. Bl.a. ogs\u00e5 at &#8216;&#8230;fleksjobvisiterede skal \u2013 som alle andre ledige \u2013 selv g\u00f8re en aktiv indsats for at f\u00e5 et job&#8230;&#8217; Dog erkender man at der er st\u00f8rre chance for langtidsledighed blandt fleksjobbere (et faktum det ville v\u00e6re ualmindeligt dumt at overse) og regeringen foresl\u00e5r derfor ogs\u00e5, at fleksjobvisiterede skal have ret og pligt til den samme aktive besk\u00e6ftigelsesindsats som andre ledige.<\/p>\n<p>Nu er jeg en ganske stor tilh\u00e6nger af, at vi alle skal samme rettigheder. Jeg vil gerne have lige ret og lige muligheder for b\u00e5de kuglest\u00f8dere og muskelsvindlere. Og de samme rettigheder og muligheder synes jeg selvf\u00f8lgelig ogs\u00e5 skal g\u00e6lde for den gruppe af meget s\u00e5rbare unge, som den nye fleksjobreform jo s\u00e6rligt er rettet imod. Reformen skal jo give mulighed for, at de ikke placeres &#8211; eller parkeres, som besk\u00e6ftigelsesministeren ynder at betegne det &#8211; p\u00e5 passive ydelser i stedet for at v\u00e6re &#8216;En del af f\u00e6llesskabet&#8217;.<\/p>\n<p>Det siger man i reformen bl.a. ved at pr\u00e6cisere, at &#8216;&#8230;en stor del af de personer, der vil f\u00e5 et ressourceforl\u00f8b, har psykiske lidelser. Derfor er det afg\u00f8rende, at de som et led i ressourceforl\u00f8bet f\u00e5r tilbudt en effektiv og hurtig udredning samt behandling af deres psykiske sygdom, hvis forl\u00f8bet skal virke optimalt og sikre, at de kommer videre i livet&#8230;&#8217;<\/p>\n<p>Jeg ser imidlertid en del problemer i, n\u00e5r nu man vil p\u00e5 den ene side g\u00f8re alle lige og s\u00e5 s\u00e6tter en gevaldig hetz i gang og kalder alle, der ikke lige vil flytte hen, hvor der er arbejde, for slappe og s\u00e5 blot lukke for kassen. Bortset fra, at det generelt ikke b\u00f8r v\u00e6re tilladt, at politikere, der i allerh\u00f8jeste grad lever af den offentlige kasse, taler s\u00e5 grimt om andre mennesker, der ikke lige fl\u00f8jter rundt efter deres pibe, s\u00e5 er det da slet ikke den slags, denne gruppe af meget s\u00e5rbare unge har brug for.<\/p>\n<p>P\u00e5 samme m\u00e5de kan det g\u00e5 for fleksjobbere med sv\u00e6re fysiske handicaps. Man kan blive pisket rundt efter fleksjob &#8211; der jo, som regeringen erkender, ikke er der. Ellers ville der ikke v\u00e6re den store fare for langtidsledighed, som man p\u00e5peger i reformen. Finder man endelig et job, kan det v\u00e6re langt v\u00e6k, og i s\u00e5 fald kommer man yderligere i klemme i de nye regler om betalingskommune.<\/p>\n<p>For mig viser det, at der ikke er en reel sammenh\u00e6ng i reformudspillet og at den virkelige dagsorden er mere skjult. Dette her handler ikke om s\u00e5rbare unge, men alene om disciplinering af arbejdskraften &#8211; uanset om man er p\u00e5 vej mod et fleksjob eller ikke. Her er ingen hensyntagen &#8211; og slet ikke noget f\u00e6llesskab. For incitamentet skal komme den postulerede slaphed til livs.<\/p>\n","protected":false},"excerpt":{"rendered":"<p>Diskussionen om, at man skal flytte hen, hvor arbejdet er, er endnu engang blusset op. Den f\u00e5r ogs\u00e5 betydning for os, der gerne skal have et fleksjob. Jeg f\u00f8ler mig normalt ikke svag. Jeg f\u00f8ler mig heller ikke slap. Okay, &hellip; <a href=\"https:\/\/jan-jakobsen.dk\/?p=2088\">L\u00e6s resten <span class=\"meta-nav\">&rarr;<\/span><\/a><\/p>\n","protected":false},"author":3,"featured_media":0,"comment_status":"open","ping_status":"open","sticky":false,"template":"","format":"standard","meta":{"footnotes":""},"categories":[3,19],"tags":[247,251,194,245,248,244,250,243,246,249],"class_list":["post-2088","post","type-post","status-publish","format-standard","hentry","category-handicapdebat","category-job-blog","tag-arbejdslose","tag-fleksjobvisiteret","tag-faellesskab","tag-joachim-b-olsen","tag-langtidsledighed","tag-muskler","tag-psykisk-sygdom","tag-socialstat","tag-udfald","tag-udredning"],"_links":{"self":[{"href":"https:\/\/jan-jakobsen.dk\/index.php?rest_route=\/wp\/v2\/posts\/2088","targetHints":{"allow":["GET"]}}],"collection":[{"href":"https:\/\/jan-jakobsen.dk\/index.php?rest_route=\/wp\/v2\/posts"}],"about":[{"href":"https:\/\/jan-jakobsen.dk\/index.php?rest_route=\/wp\/v2\/types\/post"}],"author":[{"embeddable":true,"href":"https:\/\/jan-jakobsen.dk\/index.php?rest_route=\/wp\/v2\/users\/3"}],"replies":[{"embeddable":true,"href":"https:\/\/jan-jakobsen.dk\/index.php?rest_route=%2Fwp%2Fv2%2Fcomments&post=2088"}],"version-history":[{"count":6,"href":"https:\/\/jan-jakobsen.dk\/index.php?rest_route=\/wp\/v2\/posts\/2088\/revisions"}],"predecessor-version":[{"id":3123,"href":"https:\/\/jan-jakobsen.dk\/index.php?rest_route=\/wp\/v2\/posts\/2088\/revisions\/3123"}],"wp:attachment":[{"href":"https:\/\/jan-jakobsen.dk\/index.php?rest_route=%2Fwp%2Fv2%2Fmedia&parent=2088"}],"wp:term":[{"taxonomy":"category","embeddable":true,"href":"https:\/\/jan-jakobsen.dk\/index.php?rest_route=%2Fwp%2Fv2%2Fcategories&post=2088"},{"taxonomy":"post_tag","embeddable":true,"href":"https:\/\/jan-jakobsen.dk\/index.php?rest_route=%2Fwp%2Fv2%2Ftags&post=2088"}],"curies":[{"name":"wp","href":"https:\/\/api.w.org\/{rel}","templated":true}]}}