{"id":2053,"date":"2012-05-07T17:16:47","date_gmt":"2012-05-07T15:16:47","guid":{"rendered":"http:\/\/jan-jakobsen.dk\/?p=2053"},"modified":"2013-07-25T22:42:21","modified_gmt":"2013-07-25T20:42:21","slug":"moral-empati-og-kolde-afvaskninger","status":"publish","type":"post","link":"https:\/\/jan-jakobsen.dk\/?p=2053","title":{"rendered":"Moral, empati og kolde afvaskninger"},"content":{"rendered":"<blockquote><p>Evnen til at forst\u00e5 andre menneskers livssituation s\u00e6ttes den ene gang efter den anden over styr p\u00e5 grund af \u00f8konomiske sparehensyn og gold kynisme.<\/p><\/blockquote>\n<p>S\u00e5dan er det ogs\u00e5 i den kommune, hvor jeg sidder i kommunalbestyrelsen. Her havde vi i marts en revision af de lokale kvalitetsstandarder p\u00e5 dagsordenen.<\/p>\n<p>En af kvalitetsstandarderne handlede om tilbud efter Servicelovens \u00a7 108. I denne standard er der kommet en ny formulering, der hedder, at &#8216;bad omfatter senge- eller brusebad med h\u00e5rvask og det tilbydes hver anden dag.&#8217; Denne formulering betyder helt utvetydigt, at man kun kan blive vasket hver anden dag.<\/p>\n<p><!--more-->Et \u00a7108-tilbud omfatter mennesker med store fysiske og psykiske handicaps. Hvordan kan anst\u00e6ndige politikere l\u00e6gge stemme til, at disse mennesker kun skal tilbydes at blive vasket hver anden dag?<\/p>\n<p>Personligt har jeg sv\u00e6rt ved at acceptere s\u00e5danne holdninger, og de kalder naturligvis p\u00e5, at vi reagerer p\u00e5 det. Det gjorde jeg s\u00e5, blandt andet ved at stille mine agtv\u00e6rdige og velsoignedere kolleger i byr\u00e5det et sp\u00f8rgsm\u00e5l. Det l\u00f8d i al sin enkelthed: &#8216;\u2026S\u00e5 vil jeg i \u00f8vrigt gerne lave en rundsp\u00f8rge i denne h\u00f8jt\u00e6rede forsamling. Hvor mange af jer g\u00e5r kun i bad eller bliver kun vasket hver anden dag? Jeg vil gerne se en h\u00e5ndsopr\u00e6kning\u2026&#8217;<\/p>\n<p>Der var naturligvis ingen, der \u00f8nskede at fort\u00e6lle om deres badevaner\u2026 bortset fra vor borgmester, et sympatisk og jovialt menneske, der har en vis flair for, n\u00e5r der er ubehagelige problemer i farvandet. Han svarede, at han da godt kunne finde p\u00e5 at springe over en dag.<\/p>\n<p>Det kan jeg da ogs\u00e5. Men situationen er en ganske anden, n\u00e5r man selv v\u00e6lger at springe over en enkelt dag, og n\u00e5r embedsv\u00e6rket for en hel gruppe borgere foresl\u00e5r &#8211; og f\u00e5r politikerne til at beslutte &#8211; at det er ok, de kun kan blive vasket hver anden dag. Det er i mere end en forstand noget svineri. Det viser, at vores samfundsopfattelse er n\u00e5et &#8216;helt derud&#8217;, hvor vi gerne tr\u00e6ffer beslutninger, der f\u00e5r store konsekvenser for andre, men ikke os selv.<\/p>\n<p>&nbsp;<\/p>\n<p>20 mod \u00e9n<\/p>\n<p>Forslaget blev vedtaget med 20 stemmer mod \u00e9n &#8211; min. Nogle gik s\u00e5 vidt, at de \u00e5bent proklamerede, at s\u00e5dan en beslutning ikke kunne forstyrre deres nattes\u00f8vn. Andre mente ikke, at det havde den store betydning. Det havde det jo ret beset heller ikke &#8211; for dem. Det gjaldt hele &#8216;spektret&#8217; (hvis vi mere kan bruge det ord om den massive opbakning til alvorlige velf\u00e6rdsforringelser, som vi i dag oplever) lige fra Liberal Alliance, Konservative, Venstre, Radikale til Socialdemokraterne og SF.<\/p>\n<p>Jeg synes, det er et problem, at vi den ene gang efter den anden laver vedtagelser, der rammer andre &#8211; og ikke os selv. Vi v\u00e6lger, at sk\u00e6re i velf\u00e6rden og levevilk\u00e5rene for dem, vi ikke kan identificere os med frem for at indse, at vi b\u00f8r have et samfund, hvor vi alle kan trives, og hvor vi kan se hinanden i \u00f8jnene.<\/p>\n<p>Over for dette st\u00e5r naturligvis det synspunkt, at vi jo ikke bare kan blive ved med at betale &#8211; og at der bliver flere og flere, der skal have og f\u00e6rre til at betale. Ud fra et \u00f8konomisk synspunkt er det jo rigtigt, men det d\u00e6kker over, at der er nogle byr\u00e5dsmedlemmer, der ikke vil betale for at andre kan f\u00e5 nogle anst\u00e6ndige levevlk\u00e5r. Og det er, hvad debatten handler om: vi er ligeglade med andre, bare vi slipper for at betale mere i skat.<\/p>\n<p>Jeg ved ikke, hvordan du har det. Men jeg synes faktisk ikke, at det er noget ekstravagant krav at blive vasket hver dag&#8230;<\/p>\n<p>I s\u00e6rdeleshed synes jeg, det er usselt, at politikere, der ellers pl\u00e6derer meget for valgfrihed &#8211; og det g\u00f8r Venstre, hvis stoute skare vor borgmester tilh\u00f8rer &#8211; jo n\u00e6rmest en dyd ud af. Men fra d\u00e9t og s\u00e5 til at bidrage, s\u00e5 det bliver realiteter, er der et godt stykke. Det er ganske vist.<\/p>\n","protected":false},"excerpt":{"rendered":"<p>Evnen til at forst\u00e5 andre menneskers livssituation s\u00e6ttes den ene gang efter den anden over styr p\u00e5 grund af \u00f8konomiske sparehensyn og gold kynisme. S\u00e5dan er det ogs\u00e5 i den kommune, hvor jeg sidder i kommunalbestyrelsen. Her havde vi i &hellip; <a href=\"https:\/\/jan-jakobsen.dk\/?p=2053\">L\u00e6s resten <span class=\"meta-nav\">&rarr;<\/span><\/a><\/p>\n","protected":false},"author":3,"featured_media":0,"comment_status":"open","ping_status":"open","sticky":false,"template":"","format":"standard","meta":{"footnotes":""},"categories":[4,3],"tags":[319,321,322,198,315,317,199,320,200,201,314,318,316,202,52],"class_list":["post-2053","post","type-post","status-publish","format-standard","hentry","category-blog","category-handicapdebat","tag-bad","tag-brusebad","tag-harvsk","tag-konservative","tag-kynisme","tag-liberal-alliance","tag-radikale","tag-sengevask","tag-sf","tag-socialdemokraterne","tag-sparehensyn","tag-valgfrihed","tag-velfaerdsforringelser","tag-venstre","tag-okonomi"],"_links":{"self":[{"href":"https:\/\/jan-jakobsen.dk\/index.php?rest_route=\/wp\/v2\/posts\/2053","targetHints":{"allow":["GET"]}}],"collection":[{"href":"https:\/\/jan-jakobsen.dk\/index.php?rest_route=\/wp\/v2\/posts"}],"about":[{"href":"https:\/\/jan-jakobsen.dk\/index.php?rest_route=\/wp\/v2\/types\/post"}],"author":[{"embeddable":true,"href":"https:\/\/jan-jakobsen.dk\/index.php?rest_route=\/wp\/v2\/users\/3"}],"replies":[{"embeddable":true,"href":"https:\/\/jan-jakobsen.dk\/index.php?rest_route=%2Fwp%2Fv2%2Fcomments&post=2053"}],"version-history":[{"count":6,"href":"https:\/\/jan-jakobsen.dk\/index.php?rest_route=\/wp\/v2\/posts\/2053\/revisions"}],"predecessor-version":[{"id":2447,"href":"https:\/\/jan-jakobsen.dk\/index.php?rest_route=\/wp\/v2\/posts\/2053\/revisions\/2447"}],"wp:attachment":[{"href":"https:\/\/jan-jakobsen.dk\/index.php?rest_route=%2Fwp%2Fv2%2Fmedia&parent=2053"}],"wp:term":[{"taxonomy":"category","embeddable":true,"href":"https:\/\/jan-jakobsen.dk\/index.php?rest_route=%2Fwp%2Fv2%2Fcategories&post=2053"},{"taxonomy":"post_tag","embeddable":true,"href":"https:\/\/jan-jakobsen.dk\/index.php?rest_route=%2Fwp%2Fv2%2Ftags&post=2053"}],"curies":[{"name":"wp","href":"https:\/\/api.w.org\/{rel}","templated":true}]}}