{"id":2051,"date":"2012-05-24T17:13:43","date_gmt":"2012-05-24T15:13:43","guid":{"rendered":"http:\/\/jan-jakobsen.dk\/?p=2051"},"modified":"2013-07-25T20:56:34","modified_gmt":"2013-07-25T18:56:34","slug":"derfor-demonstrerer-jeg-4-juni-sammen-med-mange-andre","status":"publish","type":"post","link":"https:\/\/jan-jakobsen.dk\/?p=2051","title":{"rendered":"Derfor demonstrerer jeg 4. juni sammen med mange andre"},"content":{"rendered":"<blockquote><p>Mandag den 4. juni har Folkets Parlament kaldt til demonstration p\u00e5 R\u00e5dhuspladsen ved K\u00f8benhavns R\u00e5dhus kl. 14.00-17.00. Jeg deltager i denne demonstration.<\/p><\/blockquote>\n<p>Det g\u00f8r jeg fordi jeg mener, at vi i Danmark skal v\u00e6re f\u00e6lles om at b\u00e6re byrderne. Jeg vil gerne b\u00e6re min del \u2013 og jeg vil forsvare velf\u00e6rdssamfundet, vores f\u00e6llesskab, som er helt unikt og noget vi kan v\u00e6re stolte af. Det kr\u00e6ver dog, at vi sikrer alle i det danske samfund mulighed for at deltage i dialogen om, hvor vi skal spare, sikrer alle indflydelse p\u00e5 beslutningsprocesserne og g\u00f8r det i respekt for f\u00e6llesskabet.<\/p>\n<p><!--more-->Det sker desv\u00e6rre ikke i \u00f8jeblikket. Der er nogle samfundsgrupper, der skal betale for at andre skal have. Jeg t\u00e6nker selvf\u00f8lgelig p\u00e5 de skattelettelser, som den borgerlige regering gennemf\u00f8rte. Skattelettelser, som den siddende regering har valgt ikke at rulle tilbage. Det m\u00e5 jeg tage ad notam, for samtidig vil man finansiere hele festen ved at svage grupper skal holde for endnu engang. Jeg kender det fra handicapomr\u00e5det, fordi jeg selv har et handicap og fordi jeg arbejder med forholdene her og dagligt ser, hvordan de politiske beslutninger p\u00e5virker utroligt mange mennesker og mange familier.<\/p>\n<p>Eksemplerne er mange &#8211; og skr\u00e6mmende. Alene p\u00e5 handicapomr\u00e5det kan i fl\u00e6ng n\u00e6vnes:<\/p>\n<ul>\n<li>\u00c6ndringerne i ankesystemet, der begr\u00e6nser retssikkerheden.<\/li>\n<li>Nedsk\u00e6ringer i hjemmehj\u00e6lp.<\/li>\n<li>Nye regler om opholds- og betalingskommune.<\/li>\n<li>&#8216;Reformerne&#8217; af f\u00f8rtidspension og fleksjob.<\/li>\n<li>Respiratorbrugere med BPA har stadig manglende rettigheder.<\/li>\n<li>Strammere ankepraksis giver begr\u00e6nsning i ydelsen af merudgifter.<\/li>\n<li>Stramning i regler for BPA &#8211; is\u00e6r hvis man har brug for hj\u00e6lp om natten eller hvis man er gift\/samlevende.<\/li>\n<li>Kun delvis genopretning af reglerne for tabt arbejdsfortjeneste, hvis man har et barn med handicap.<\/li>\n<li>Stramning af reglerne for sygedagpenge.<\/li>\n<li>Stramning af ankepraksis vedr\u00f8rende hj\u00e6lpemidler, s\u00e5 &#8220;lettelse i dagligdagen&#8221; forst\u00e5s meget bogstaveligt.<\/li>\n<li>Skattelettelserne gik totalt uden om mennesker med lave indt\u00e6gter og mennesker p\u00e5 overf\u00f8rselsindkomster.<\/li>\n<\/ul>\n<p>&nbsp;<\/p>\n<p>Vi er mange, der gennem dialoger og debatter har pr\u00f8vet p\u00e5 at f\u00e5 politikerne i tale. Vores oplevelse er imidlertid, at vi, som nedsk\u00e6ringerne g\u00e5r ud over, ikke bliver h\u00f8rt. Vi har ingen indflydelse og f\u00f8ler vi er sat uden for f\u00e6llesskabet. Vi har nu en berettiget frygt for, at denne politiske linje forts\u00e6tter i de n\u00e6ste reformomr\u00e5der. P\u00e5 sigt kan de ogs\u00e5 ramme ordin\u00e6re arbejdsl\u00f8se og andre udsatte samfundsgrupper. Nok er nok og h\u00e6lene skal effektivt s\u00e6ttes i &#8211; uanset hvilken farve og hvilket navn en regering har.<\/p>\n<p>Derfor demonstrerer jeg sammen med mange andre for dialog, indflydelse og f\u00e6llesskab mandag den 4. juni kl. 14-17 p\u00e5 R\u00e5dhuspladsen. Jeg h\u00e5ber ogs\u00e5 du kommer!<\/p>\n<p>Du kan l\u00e6se mere p\u00e5\u00a0<a href=\"http:\/\/www.folketsparlament.dk\/\" target=\"_blank\" rel=\"nofollow\">www.folketsparlament.dk<\/a>.<\/p>\n","protected":false},"excerpt":{"rendered":"<p>Mandag den 4. juni har Folkets Parlament kaldt til demonstration p\u00e5 R\u00e5dhuspladsen ved K\u00f8benhavns R\u00e5dhus kl. 14.00-17.00. Jeg deltager i denne demonstration. Det g\u00f8r jeg fordi jeg mener, at vi i Danmark skal v\u00e6re f\u00e6lles om at b\u00e6re byrderne. Jeg &hellip; <a href=\"https:\/\/jan-jakobsen.dk\/?p=2051\">L\u00e6s resten <span class=\"meta-nav\">&rarr;<\/span><\/a><\/p>\n","protected":false},"author":3,"featured_media":0,"comment_status":"open","ping_status":"open","sticky":false,"template":"","format":"standard","meta":{"footnotes":""},"categories":[4,3],"tags":[],"class_list":["post-2051","post","type-post","status-publish","format-standard","hentry","category-blog","category-handicapdebat"],"_links":{"self":[{"href":"https:\/\/jan-jakobsen.dk\/index.php?rest_route=\/wp\/v2\/posts\/2051","targetHints":{"allow":["GET"]}}],"collection":[{"href":"https:\/\/jan-jakobsen.dk\/index.php?rest_route=\/wp\/v2\/posts"}],"about":[{"href":"https:\/\/jan-jakobsen.dk\/index.php?rest_route=\/wp\/v2\/types\/post"}],"author":[{"embeddable":true,"href":"https:\/\/jan-jakobsen.dk\/index.php?rest_route=\/wp\/v2\/users\/3"}],"replies":[{"embeddable":true,"href":"https:\/\/jan-jakobsen.dk\/index.php?rest_route=%2Fwp%2Fv2%2Fcomments&post=2051"}],"version-history":[{"count":2,"href":"https:\/\/jan-jakobsen.dk\/index.php?rest_route=\/wp\/v2\/posts\/2051\/revisions"}],"predecessor-version":[{"id":2375,"href":"https:\/\/jan-jakobsen.dk\/index.php?rest_route=\/wp\/v2\/posts\/2051\/revisions\/2375"}],"wp:attachment":[{"href":"https:\/\/jan-jakobsen.dk\/index.php?rest_route=%2Fwp%2Fv2%2Fmedia&parent=2051"}],"wp:term":[{"taxonomy":"category","embeddable":true,"href":"https:\/\/jan-jakobsen.dk\/index.php?rest_route=%2Fwp%2Fv2%2Fcategories&post=2051"},{"taxonomy":"post_tag","embeddable":true,"href":"https:\/\/jan-jakobsen.dk\/index.php?rest_route=%2Fwp%2Fv2%2Ftags&post=2051"}],"curies":[{"name":"wp","href":"https:\/\/api.w.org\/{rel}","templated":true}]}}