{"id":2048,"date":"2012-06-06T17:10:48","date_gmt":"2012-06-06T15:10:48","guid":{"rendered":"http:\/\/jan-jakobsen.dk\/?p=2048"},"modified":"2013-07-25T20:56:14","modified_gmt":"2013-07-25T18:56:14","slug":"jeg-anklager-pressens-magt-pressens-foragt","status":"publish","type":"post","link":"https:\/\/jan-jakobsen.dk\/?p=2048","title":{"rendered":"Jeg anklager: Pressens magt &#8211; pressens (for)agt!"},"content":{"rendered":"<blockquote><p>Jeg var til demonstration i forleden\u2026 Demonstrationen handlede om den del af os danskere, der er uden for arbejdsmarkedet eller p\u00e5 kanten af arbejdsmarkedet.<\/p><\/blockquote>\n<p>Om os, der har et fysisk eller et psykisk handicap, er blevet syge, er havnet i arbejdsl\u00f8shed, er kontantshj\u00e6lpsmodtager eller af andre grunde er sat uden for d\u00e9t arbejdsmarked, som betyder s\u00e5 uhyggeligt meget i vore menneskelige relationer i det samfund, vi har i \u00f8jeblikket.<\/p>\n<p>Mindst 600 mennesker deltog i demonstrationen, der fandt sted p\u00e5 R\u00e5dhuspladsen i K\u00f8benhavn mandag den 4. juni. Deltagertallet i demonstrationen var flot, n\u00e5r man tager de betingelser i betragtning, som vi havde at lave den under. Da emnet var os uden for eller p\u00e5 kanten af arbejdsmarkedet &#8211; og mange med sv\u00e6r sygdom eller store handicaps &#8211; siger det sig selv, at rigtig mange var forhindret i at m\u00f8de op. Men det var kun den ene hindring\u2026 og i virkeligheden den mindste.<\/p>\n<p><!--more-->Den st\u00f8rste hindring var, at det forud for selve begivenheden var stort set umuligt at komme igennnem pressen med pressemeddelelser og omtale. Det er ikke til at komme uden om, at hvis vi ser bort fra det lille, men til geng\u00e6ld meget v\u00e5gne Dagbladet Arbejderen, s\u00e5 har man udvist en enest\u00e5ende og p\u00e5faldende tavshed fra den \u00f8vrige presse. Ikke kun tavshed, men decideret modvilje. Det giver god grund til at vi stiller os selv sp\u00f8rgsm\u00e5let &#8216;hvorfor&#8217;?<\/p>\n<p>Jeg kommer naturligvis let til at bev\u00e6ge mig hen imod den venstrefl\u00f8jsparanoia, som i \u00e5revis har v\u00e6ret s\u00e5 fremherskende, men den m\u00e5 ikke hindre, at vi f\u00e5r vendt sp\u00f8rgsm\u00e5let om, hvorvidt pressen har s\u00e6regne interesser, som g\u00f8r, at &#8216;man&#8217; er mere villig til at fort\u00e6lle eller formidle nogen historier frem for andre. Og n\u00e5r vi s\u00e5 er n\u00e5et frem til denne humle, s\u00e5 er det jo, at vi st\u00f8der ind i nogle paradokser.<\/p>\n<p>Almindeligvis er medierne \u00e5bne for savlende individualhistorier a la dem, Lex &amp; Klatten i sin tid rubricerede som &#8216;Ugens kr\u00f8bling i Ude &amp; Hjemme&#8217;. I denne sammenh\u00e6ng var der dog ikke engang nogen tendenser i denne retning. Ingen \u00f8nskede at binde an med taberhistorier endnu engang. S\u00e6t nu det gik som i den s\u00e5kaldte Carina-historie, hvor den offentlige mening gjorde ganske kort proces og d\u00f8mte, at det dog var for galt med et bare nogenlunde leveniveau.<\/p>\n<p>Almindeligvis beskyldes pressen for ikke at ville fort\u00e6lle positive historier. For mig at se v\u00e6lter det alligevel frem med disse: der er da ikke den mindste positive ting p\u00e5 finansmarkederne, der ikke kan vendes og drejes for at indgyde &#8216;respekt&#8217; for og tillid til markedet igen. Guderne skal da vide, at det ogs\u00e5 g\u00f8res dygtigt af enhver veltrimmet journalist og politisk kommentator med blot et minimum af &#8216;selvrespekten&#8217; i orden.<\/p>\n<p>Pressed\u00e6kningen efter demonstrationen var ogs\u00e5 s\u00e6rdeles tynd. P\u00e5 en enkelt TV-station skal vi for at se indslaget k\u00e6mpe os igennem en burgerannonce fra et multinationalt selskab f\u00f8r vi n\u00e5r frem til en s\u00e6rdeles tvivlsom refortolkning af begivenhederne p\u00e5 R\u00e5dhuspladsen, hvor en redakt\u00f8r har f\u00e5et den geniale ide at sp\u00e6nde demonstrationen for trepartsforhandlingerne og i mesterlig grad forpasse, hvad demonstrationen egentlig handlede om. En enkelt reginal-station i Region Hovedstaden havde et kort, men sobert indslag.<\/p>\n<p>Jeg tror ikke, vi kommer uden om det faktum, at der er store, internationale kapitalinteresser p\u00e5 spil i en del af det danske mediebillede. Resten er optaget af at fort\u00e6lle de historier, der kan fremme politiske holdninger, som man mener at kunne st\u00e5 inde for. Det er klart, at de fleste medier, b\u00e5de TV, aviser og radio er afh\u00e6ngig af reklameindt\u00e6gter i en grad, der er styrende for, hvor langt og hvordan man \u00f8nsker at benytte ytringsfriheden.<\/p>\n<p>Personligt tror jeg ogs\u00e5, at en medvirkende \u00e5rsag er, at de fleste journalister ogs\u00e5 er helt almindelige mennesker. Mennesker, der er tr\u00e6tte af at betale skat og lader sig lokke af l\u00f8fter om skattelettelser. Det er fristende at svigte store solidariske m\u00e5l, n\u00e5r det kommer til cool cash. Og n\u00e5r en socialdemokratisk regering kan svigte solidariteten, hvorfor skulle journalister s\u00e5 ikke kunne g\u00f8re det? Det er vel et s\u00e5re menneskeligt tankes\u00e6t?<\/p>\n<p>Der er bare det lille aber dabei, at pressen besidder en enorm magt i vores samfund. En magt, som stiller nogle modsp\u00f8rgsm\u00e5l som f.eks., om det ikke er rimeligt, at vi som mennesker er b\u00e5de vel- og sobert informeret om begivenheder af den karakter, som vi deltog i p\u00e5 R\u00e5dhuspladsen i mandags? Hvad er der blevet af Public Service-forpligtelserne, som er forhandlet p\u00e5 plads for somme TV-medier?<\/p>\n<p>Det rejser naturligvis ogs\u00e5 et sp\u00f8rgsm\u00e5l om, hvilke alternativer der er &#8211; f.eks. at bruge nettet, som det g\u00f8res allerede. Det er s\u00e6rdeles vanskeligt, bl.a. fordi s\u00e5danne medier kun vil kunne tiltr\u00e6kke de mennesker, der i forvejen er velinformeret p\u00e5 feltet og i langt de fleste tilf\u00e6lde ikke n\u00e5r ud til de mennesker, der bliver ramt af den politik, vi netop k\u00e6mper imod.<\/p>\n<p>Jo, der er sandelig nogen, der sidder godt og grundigt p\u00e5 fedtburgeren og den reelle formidling om den\u2026 i mere end \u00e9n forstand. Jeg synes heller ikke vi kommer uden om en vis foragt for mennesker og vores handlinger. Jeg oplever almindeligvis ikke os, denne demonstration handlede om, som &#8216;samfundets svage&#8217;, men det bliver vi i det \u00f8jeblik vi frar\u00f8ves de taler\u00f8r, som vigtige kapitalinteresser og deres associerede har til deres r\u00e5dighed i en uh\u00f8rt sk\u00e6vvridende grad.<\/p>\n","protected":false},"excerpt":{"rendered":"<p>Jeg var til demonstration i forleden\u2026 Demonstrationen handlede om den del af os danskere, der er uden for arbejdsmarkedet eller p\u00e5 kanten af arbejdsmarkedet. Om os, der har et fysisk eller et psykisk handicap, er blevet syge, er havnet i &hellip; <a href=\"https:\/\/jan-jakobsen.dk\/?p=2048\">L\u00e6s resten <span class=\"meta-nav\">&rarr;<\/span><\/a><\/p>\n","protected":false},"author":3,"featured_media":0,"comment_status":"open","ping_status":"open","sticky":false,"template":"","format":"standard","meta":{"footnotes":""},"categories":[4,3],"tags":[],"class_list":["post-2048","post","type-post","status-publish","format-standard","hentry","category-blog","category-handicapdebat"],"_links":{"self":[{"href":"https:\/\/jan-jakobsen.dk\/index.php?rest_route=\/wp\/v2\/posts\/2048","targetHints":{"allow":["GET"]}}],"collection":[{"href":"https:\/\/jan-jakobsen.dk\/index.php?rest_route=\/wp\/v2\/posts"}],"about":[{"href":"https:\/\/jan-jakobsen.dk\/index.php?rest_route=\/wp\/v2\/types\/post"}],"author":[{"embeddable":true,"href":"https:\/\/jan-jakobsen.dk\/index.php?rest_route=\/wp\/v2\/users\/3"}],"replies":[{"embeddable":true,"href":"https:\/\/jan-jakobsen.dk\/index.php?rest_route=%2Fwp%2Fv2%2Fcomments&post=2048"}],"version-history":[{"count":3,"href":"https:\/\/jan-jakobsen.dk\/index.php?rest_route=\/wp\/v2\/posts\/2048\/revisions"}],"predecessor-version":[{"id":2050,"href":"https:\/\/jan-jakobsen.dk\/index.php?rest_route=\/wp\/v2\/posts\/2048\/revisions\/2050"}],"wp:attachment":[{"href":"https:\/\/jan-jakobsen.dk\/index.php?rest_route=%2Fwp%2Fv2%2Fmedia&parent=2048"}],"wp:term":[{"taxonomy":"category","embeddable":true,"href":"https:\/\/jan-jakobsen.dk\/index.php?rest_route=%2Fwp%2Fv2%2Fcategories&post=2048"},{"taxonomy":"post_tag","embeddable":true,"href":"https:\/\/jan-jakobsen.dk\/index.php?rest_route=%2Fwp%2Fv2%2Ftags&post=2048"}],"curies":[{"name":"wp","href":"https:\/\/api.w.org\/{rel}","templated":true}]}}