{"id":2045,"date":"2012-06-13T17:04:31","date_gmt":"2012-06-13T15:04:31","guid":{"rendered":"http:\/\/jan-jakobsen.dk\/?p=2045"},"modified":"2013-07-06T17:10:11","modified_gmt":"2013-07-06T15:10:11","slug":"2045","status":"publish","type":"post","link":"https:\/\/jan-jakobsen.dk\/?p=2045","title":{"rendered":"N\u00e5r n\u00f8dvendigheden bliver styrken"},"content":{"rendered":"<blockquote><p>Det st\u00e5r slemt til ude i Europa.<\/p><\/blockquote>\n<p>Nedenst\u00e5ende er en meget grov og forsimplet overs\u00e6ttelse som jeg har lavet af beskrevne sag og beskrevne organisation i England. Jeg bringer det her p\u00e5 bloggen for dels at l\u00f8fte blot en lille flig af situationen for mennesker med handicap i England. Dels ogs\u00e5 for at understrege, hvilke kr\u00e6fter vi er oppe imod. Dette er ikke en national kamp. Det er en international kamp. Den er i mange henseender styret af store kapitalinteresser &#8211; i EU. Det er en del af billedet at de nedsk\u00e6ringer, der i Danmark s\u00e6lges som reformer, i udpr\u00e6get grad er styret af EU. Det er kun set i denne sammenh\u00e6ng, at &#8216;reformerne&#8217;, der skal fattigg\u00f8re mennesker med handicap, giver mening. Det forklarer ogs\u00e5 besk\u00e6ftigelsesministerens og socialministerens uvilje til at diskutere s\u00e5vel fleksjobreform som f\u00f8rtidspensionsreform.<\/p>\n<p><!--more-->Jeg er af natur optimist. At bevare optimismen foruds\u00e6tter at vi kender vore modstandere og hvilke kr\u00e6fter vi er oppe imod. Jeg fort\u00e6ller ikke disse dybest set meget tragiske historier for at vise, hvor vanvittigt vigtigt, det er at vi forts\u00e6tter og udbygger kampen mod forringelser p\u00e5 handicapomr\u00e5det &#8211; bl.a. ved at forst\u00e5 det internationale perspektiv og ikke mindst ved at arbejde ud fra det. L\u00f8sningen er at arbejde sammen &#8211; p\u00e5 tv\u00e6rs af gr\u00e6nser.<\/p>\n<p>Selv den st\u00f8rste elefant kan bringes til fald. Bare vi er mange nok &#8211; og g\u00f8r det kl\u00f8gtigt nok. Det kan vi sikre os ved at arbejde p\u00e5 tv\u00e6rs og b\u00e5de udveksle erfaringer og koordinere initiativer og aktioner for at vise, hvad der er ved at ske.<\/p>\n<p>&nbsp;<\/p>\n<p><strong>Om underskriftindsamlingen<\/strong><\/p>\n<p>Underskriftindsamlingen er sat i gang af den engelske gruppe DPAC (Disabled People Against Cuts = mennesker med handicap mod nedsk\u00e6ringer). DPAC finder du p\u00e5 www.dpac.uk.net og de har en Facebookgruppe (s\u00f8g: Disabled People Against Cuts). DPAC har base i England, men opfordrer os alle til at deltage. Nedsk\u00e6ringerne p\u00e5 mennesker med handicap er ikke kun et engelsk problem, men foreg\u00e5r overalt som f\u00f8lge af den internationale krise. Det kr\u00e6ver samarbejde og udveksling af erfaringer hen over landegr\u00e6nser! Noget, som jeg personligt finder vigtigt og st\u00f8tter.<\/p>\n<p>Om underskriftindsamlingen siger DPAC bl.a.:<\/p>\n<p>HVORFOR DETTE ER VIGTIGT<\/p>\n<p>STOP TYVERIET AF ST\u00d8TTEN TIL MENNESKER MED HANDICAP I ENGLAND!<\/p>\n<p>Den britiske regering sk\u00e6rer i denne tid voldsomt p\u00e5 den hj\u00e6lp, som syge og handicappede er afh\u00e6ngige af for at kunne fungere i deres hjem og i lokalsamfundet. Resultaterne er virkelig forf\u00e6rdende.<\/p>\n<p>Blandt andet gennemf\u00f8rer man i \u00f8jeblikket revurderinger af arbejdsevnen hos syge og mennesker med handicap.<\/p>\n<p>Jamal var en af dem. Han fik at vide 3 uger inde i sin revurdering, at han var egnet til at arbejde &#8211; og d\u00f8de derefter. Jamal er ikke den eneste. Mange andre menneskers vilk\u00e5r er blevet forringet i en grad, s\u00e5 det har medf\u00f8rt stress og angst for fremtiden. Mange, der endnu ikke har v\u00e6ret gennem disse revurderinger, lever i frygt.<\/p>\n<p>Ogs\u00e5 Lucy blev frataget sine ydelser. F\u00f8r hendes anke overhovedet kunne behandles, havde hun mistet sit hjem. Det samme er sket for mange mennesker med psykiske problemer. Det har medf\u00f8rt selvmord blandt psykisk syge, der er revurderet og har f\u00e5et at vide, at de er egnet til at arbejde. Nogle har beg\u00e5et selvmord allerede da de modtog indkaldelse til en revurdering.<\/p>\n<p>Andrew har sclerose, og mistede sit arbejde. Trods forl\u00f8b for at f\u00e5 ham i arbejde igen, lykkedes det ikke, da hans h\u00e6nder er blevet f\u00f8lelsesl\u00f8se. Alligevel l\u00f8d revurderingen, at Andrew er i stand til at arbejde. Nu har han ingen bil, intet fors\u00f8rgelsesgrundlag \u2013 og ingen fremtid.<\/p>\n<p>Jenny bor i fjerntliggende landsby. Hun er afh\u00e6ngig af hendes bil for at kunne handle ind og bes\u00f8ge hendes venner. Hun har nu f\u00e5et den besked, at hun ikke l\u00e6ngere er berettiget til bil \u2013 og f\u00e5et frataget bilen inden sagen kunne ankes. Selv om hun m\u00e5ske f\u00e5r medhold, skal hun nu starte forfra og selv betale en andel af en helt ny bil.<\/p>\n<p>Den st\u00f8rste tragedie af alle er, at samfundet ikke l\u00e6ngere vil v\u00e6re i stand til at drage nytte af vores kompetencer, erfaringer og indsigt. Blandt handicappede er der talentfulde kunstnere, videnskabsm\u00e6nd, forskere &#8230; og alle \u00f8nsker at bidrage til samfundet.<\/p>\n<p>Selv var jeg heldig, fort\u00e6ller en af initivtagerne til underskriftindsamlingen. Jeg har f\u00e5et st\u00f8tte hele mit voksne liv. Navnlig var jeg heldig at have en bil. Det bet\u00f8d, at jeg kunne g\u00e5 p\u00e5 universitetet og sikre mig de faglige kvalifikationer, der g\u00f8r, at jeg nationalt er en efterspurgt og respekteret konsulent og underviser. Det betyder ogs\u00e5, at jeg kan betale skat!<\/p>\n<p>Hvis du tror p\u00e5, at mennesker med handicap ikke skal reduceres til nogen overladt til total afh\u00e6ngighed af andre, vil jeg bede dig om at st\u00f8tte denne underskriftindsamling. Den nuv\u00e6rende situation m\u00e5 ikke forts\u00e6tte. Sammen kan vi tvinge regeringen til at genoverveje disse barske og un\u00f8dvendige nedsk\u00e6ringer.<\/p>\n<p>St\u00f8t underskriftindsamlingen ved at g\u00e5 ind p\u00e5<\/p>\n<p>http:\/\/www.avaaz.org\/en\/petition\/Stop_stealing_disabled_peoples_benefits\/<\/p>\n","protected":false},"excerpt":{"rendered":"<p>Det st\u00e5r slemt til ude i Europa. Nedenst\u00e5ende er en meget grov og forsimplet overs\u00e6ttelse som jeg har lavet af beskrevne sag og beskrevne organisation i England. Jeg bringer det her p\u00e5 bloggen for dels at l\u00f8fte blot en lille &hellip; <a href=\"https:\/\/jan-jakobsen.dk\/?p=2045\">L\u00e6s resten <span class=\"meta-nav\">&rarr;<\/span><\/a><\/p>\n","protected":false},"author":3,"featured_media":0,"comment_status":"open","ping_status":"open","sticky":false,"template":"","format":"standard","meta":{"footnotes":""},"categories":[4],"tags":[],"class_list":["post-2045","post","type-post","status-publish","format-standard","hentry","category-blog"],"_links":{"self":[{"href":"https:\/\/jan-jakobsen.dk\/index.php?rest_route=\/wp\/v2\/posts\/2045","targetHints":{"allow":["GET"]}}],"collection":[{"href":"https:\/\/jan-jakobsen.dk\/index.php?rest_route=\/wp\/v2\/posts"}],"about":[{"href":"https:\/\/jan-jakobsen.dk\/index.php?rest_route=\/wp\/v2\/types\/post"}],"author":[{"embeddable":true,"href":"https:\/\/jan-jakobsen.dk\/index.php?rest_route=\/wp\/v2\/users\/3"}],"replies":[{"embeddable":true,"href":"https:\/\/jan-jakobsen.dk\/index.php?rest_route=%2Fwp%2Fv2%2Fcomments&post=2045"}],"version-history":[{"count":2,"href":"https:\/\/jan-jakobsen.dk\/index.php?rest_route=\/wp\/v2\/posts\/2045\/revisions"}],"predecessor-version":[{"id":2047,"href":"https:\/\/jan-jakobsen.dk\/index.php?rest_route=\/wp\/v2\/posts\/2045\/revisions\/2047"}],"wp:attachment":[{"href":"https:\/\/jan-jakobsen.dk\/index.php?rest_route=%2Fwp%2Fv2%2Fmedia&parent=2045"}],"wp:term":[{"taxonomy":"category","embeddable":true,"href":"https:\/\/jan-jakobsen.dk\/index.php?rest_route=%2Fwp%2Fv2%2Fcategories&post=2045"},{"taxonomy":"post_tag","embeddable":true,"href":"https:\/\/jan-jakobsen.dk\/index.php?rest_route=%2Fwp%2Fv2%2Ftags&post=2045"}],"curies":[{"name":"wp","href":"https:\/\/api.w.org\/{rel}","templated":true}]}}