{"id":2022,"date":"2012-03-07T16:21:36","date_gmt":"2012-03-07T15:21:36","guid":{"rendered":"http:\/\/jan-jakobsen.dk\/?p=2022"},"modified":"2014-03-06T12:00:12","modified_gmt":"2014-03-06T11:00:12","slug":"12-pa-inspirationens-kurs","status":"publish","type":"post","link":"https:\/\/jan-jakobsen.dk\/?p=2022","title":{"rendered":"Job-Blog 12: P\u00e5 inspirationens kurs"},"content":{"rendered":"<blockquote><p>Hep pep, hvor kan inspiration v\u00e6re inspirerende! Eller: hvordan den sociale indignation f\u00e5r endnu et puf&#8230;<\/p><\/blockquote>\n<p>&nbsp;<\/p>\n<p><a href=\"http:\/\/4.bp.blogspot.com\/-nB818GPzGng\/T1dcqefP7GI\/AAAAAAAAVBU\/Yl8nb5Li64o\/s1600\/8b9be1c121b1cc6314f48552abf2789f.png\"><img loading=\"lazy\" decoding=\"async\" class=\"alignleft\" style=\"border: 0px;\" alt=\"\" src=\"http:\/\/4.bp.blogspot.com\/-nB818GPzGng\/T1dcqefP7GI\/AAAAAAAAVBU\/Yl8nb5Li64o\/s1600\/8b9be1c121b1cc6314f48552abf2789f.png\" width=\"213\" height=\"83\" border=\"0\" \/><\/a>Jeg var p\u00e5 en s\u00e5kaldt inspirationsdag mandag. Jeg har omtalt projektet i et tidligere indl\u00e6g. Dagen var et led i den kampagne, der hedder &#8220;S\u00f8g job &#8211; evner i fokus&#8221; og k\u00f8rer for at s\u00e6tte evner hos mennesker med handicap i fokus. Kampagnen er delt i tre dele, der henvender sig til hver sin m\u00e5lgruppe. Den gennemf\u00f8res i samarbejde mellem Besk\u00e6ftigelsesministeriet, Danske Handicaporganisationer samt virksomhedsnetv\u00e6rkene VFSA og Vinsa.<br \/>\nDen ene m\u00e5lgruppe er arbejdsgiverne, og jeg ved ikke om der er andet end den form for peptalk og samtaleterapi i det, som besk\u00e6ftigelsesministeren tilsyneladende ogs\u00e5 l\u00e6gger op til, n\u00e5r hun pr\u00f8ver at s\u00e6lge sin nye fleksjobreform.<\/p>\n<p><!--more-->Den anden m\u00e5lgruppe er Jobcentrene. Omtalte inspirationsdag gav godt nok indtryk af, at her er der et meget stort potentiale for forbedringer, n\u00e5r det g\u00e6lder om at sikre mennesker med handicap muligheder p\u00e5 arbejdsmarkedet.<\/p>\n<p>N\u00e5r det er sagt, s\u00e5 skal det selvf\u00f8lgelig ogs\u00e5 med, at Jobcentrene er totalt ude af stand til at foretage sig noget uden arbejdsgiverne som medspillere &#8211; og med samtaleterapi og nogle f\u00e5 velmenende virksomheder p\u00e5 banen, er mulighederne selvf\u00f8lgelig begr\u00e6nsede selv for de bedste medarbejdere.<\/p>\n<p>Den tredie m\u00e5lgruppe er os. Os, der har et handicap og som har \u00f8nsket om at v\u00e6re med p\u00e5 arbejdsmarkedet med vores evner og muligheder. Det lyder jo b\u00e5de godt og besn\u00e6rende. Men jeg kan da godt r\u00f8be allerede nu, at hvis det holder sig p\u00e5 det pep-talt niveau om, at vi er gode nok og at vi skal bare mase lidt mere p\u00e5, og s\u00e5 i\u00f8vrigt \u00e6ndre p\u00e5 vores ambitioner, hvis der ikke lige er dem, der synes at v\u00e6re brug for &#8211; s\u00e5 er jeg ganske skeptisk. Og det var den fornemmelse, jeg fik f\u00f8rste dag. Jeg fik n\u00f8jagtigt den samme fornemmelse som da besk\u00e6ftigelsesministeren fors\u00f8gte at s\u00e6lge sit budskab om akademikere i Netto&#8230;<\/p>\n<p>Det har godt nok taget et par dage lige at f\u00e5 sunket dette inspirationsm\u00f8de. Selve m\u00f8det b\u00f8d p\u00e5 mange forskellige indtryk af mennesker, der st\u00e5r med et handicap &#8211; og som har et dybf\u00f8lt \u00f8nske om at v\u00e6re en del af arbejdsmarkedet og af f\u00e6llesskabet. Og de fleste er det ikke &#8211; de bliver holdt hen.<\/p>\n<p>Selve kurset er delt i to, s\u00e5 jeg vil vente med at skrive mere om, hvad jeg synes om det, end jeg allerede har f\u00e5et lumret ud, til anden del er afviklet. Det kan jo n\u00e5 at \u00e6ndre sig undervejs. Chancen er der vel. Men der er ogs\u00e5 nok at tage fat p\u00e5 med de mange eksempler, der kom frem i l\u00f8bet af dagen.<\/p>\n<p>Det er ikke lige ordet inspirerende, jeg ville bruge om det jeg h\u00f8rte. Snarere s\u00e6rdeles l\u00e6rerigt at m\u00f8de en hel del andre mennesker, hvis sociale situation er langt fra min og h\u00f8re deres historie. Og ikke mindst deprimerende!<\/p>\n<p>Det handler om mennesker. Mennesker, der er i en helt uholdbar situation p\u00e5 f.eks. kontanthj\u00e6lp. De kommer bare ikke videre. De bliver svigtet. De kan ikke bruges p\u00e5 arbejdsmarkedet, selv om de gerne vil. De bliver trukket gennem forl\u00f8b, som jeg blot ved at \u00e5bne \u00f8jnene bare en lille bitte smule, h\u00f8re p\u00e5 deres situation og bem\u00e6rke deres manglende funktioner, kan se er totalt fejlslagne og i mange tilf\u00e6lde virker, som om man g\u00f8r grin med disse mennesker. Naturligvis g\u00f8r ingen det, for alle medarbejdere inden for dette omr\u00e5de er selvf\u00f8lgelig mennesker med stor social indsigt, stor faglighed og en tilsvarende empati. Ikke desto mindre f\u00e5r jeg en fornemmelse af, at det sker for at tr\u00e6kke tiden ud og holde dem p\u00e5 ydelser, der enten objektivt set er &#8211; eller man tror de er &#8211; billigere end den indsats, der reelt er brug for.<\/p>\n<p>Jeg forst\u00e5r udm\u00e6rket, hvis disse mennesker er ved at fortvivle. Ikke mindst fordi det, vi kalder et velf\u00e6rdssamfund holder dem p\u00e5 minimumsydelser, hvor der \u00e5benlyst er behov for en anden indsats. De oplever at skulle h\u00e5ndtere deres egen h\u00e5bl\u00f8se \u00f8konomiske situation og samtidig bliver trukket rundt i en manege, som de f\u00f8ler sig totalt uden indflydelse p\u00e5. De har k\u00e6mpet i \u00e5revis mod et system, der kommer med det ene useri\u00f8se og bureaukratiske krav eller forslag efter det andet. Ofte med den konsekvens, at der st\u00f8der b\u00e5de endnu v\u00e6rre sociale og psykiske komplikationer til, som kr\u00e6ver endnu mere behandling og fjerner dem endnu l\u00e6ngere v\u00e6k fra det arbejdsmarked, som ideen var at bringe dem t\u00e6ttere p\u00e5.<\/p>\n<p>Frustrationen hos disse mennesker bliver ikke mindre af, at de bliver m\u00f8dt af b\u00e5de velmenende og velformulerede konsulenter, der lever fint af at fort\u00e6lle dem, at de bare skal v\u00e6re proaktive og stille krav til deres Jobcenter og &#8211; at det ikke nytter noget at give op. Som om det ikke er det, de hele tiden k\u00e6mper med.<\/p>\n<p>Min frustration bliver ikke mindre af at se, hvordan disse mennesker i en h\u00e5bl\u00f8s social situation blot f\u00e5r endnu et spark nedad. De f\u00e5r da virkelig en en klar fornemmelse af ikke at blive taget alvorligt. Og det er ikke bare en fornemmelse hos dem, men ogs\u00e5 hos mig.<\/p>\n","protected":false},"excerpt":{"rendered":"<p>Hep pep, hvor kan inspiration v\u00e6re inspirerende! Eller: hvordan den sociale indignation f\u00e5r endnu et puf&#8230; &nbsp; Jeg var p\u00e5 en s\u00e5kaldt inspirationsdag mandag. Jeg har omtalt projektet i et tidligere indl\u00e6g. Dagen var et led i den kampagne, der &hellip; <a href=\"https:\/\/jan-jakobsen.dk\/?p=2022\">L\u00e6s resten <span class=\"meta-nav\">&rarr;<\/span><\/a><\/p>\n","protected":false},"author":3,"featured_media":0,"comment_status":"open","ping_status":"open","sticky":false,"template":"","format":"standard","meta":{"footnotes":""},"categories":[3,19],"tags":[188,189,25],"class_list":["post-2022","post","type-post","status-publish","format-standard","hentry","category-handicapdebat","category-job-blog","tag-beskaeftigelsesminister","tag-evner-i-fokus","tag-netto"],"_links":{"self":[{"href":"https:\/\/jan-jakobsen.dk\/index.php?rest_route=\/wp\/v2\/posts\/2022","targetHints":{"allow":["GET"]}}],"collection":[{"href":"https:\/\/jan-jakobsen.dk\/index.php?rest_route=\/wp\/v2\/posts"}],"about":[{"href":"https:\/\/jan-jakobsen.dk\/index.php?rest_route=\/wp\/v2\/types\/post"}],"author":[{"embeddable":true,"href":"https:\/\/jan-jakobsen.dk\/index.php?rest_route=\/wp\/v2\/users\/3"}],"replies":[{"embeddable":true,"href":"https:\/\/jan-jakobsen.dk\/index.php?rest_route=%2Fwp%2Fv2%2Fcomments&post=2022"}],"version-history":[{"count":7,"href":"https:\/\/jan-jakobsen.dk\/index.php?rest_route=\/wp\/v2\/posts\/2022\/revisions"}],"predecessor-version":[{"id":3134,"href":"https:\/\/jan-jakobsen.dk\/index.php?rest_route=\/wp\/v2\/posts\/2022\/revisions\/3134"}],"wp:attachment":[{"href":"https:\/\/jan-jakobsen.dk\/index.php?rest_route=%2Fwp%2Fv2%2Fmedia&parent=2022"}],"wp:term":[{"taxonomy":"category","embeddable":true,"href":"https:\/\/jan-jakobsen.dk\/index.php?rest_route=%2Fwp%2Fv2%2Fcategories&post=2022"},{"taxonomy":"post_tag","embeddable":true,"href":"https:\/\/jan-jakobsen.dk\/index.php?rest_route=%2Fwp%2Fv2%2Ftags&post=2022"}],"curies":[{"name":"wp","href":"https:\/\/api.w.org\/{rel}","templated":true}]}}