{"id":1997,"date":"2012-02-15T15:37:52","date_gmt":"2012-02-15T14:37:52","guid":{"rendered":"http:\/\/jan-jakobsen.dk\/?p=1997"},"modified":"2014-03-06T12:02:25","modified_gmt":"2014-03-06T11:02:25","slug":"4-lidt-praktisk-og-lidt-formalia","status":"publish","type":"post","link":"https:\/\/jan-jakobsen.dk\/?p=1997","title":{"rendered":"Job-Blog 4: Lidt praktisk og lidt formalia"},"content":{"rendered":"<p>&nbsp;<\/p>\n<blockquote><p>De formelle krav skal v\u00e6re opfyldt \u2013 og s\u00e5 er der en masse, der skal tages stilling til inden det hele n\u00e5r sin slutning og en ny begyndelse.<\/p><\/blockquote>\n<p>Uanset hvad, er der en masse pratiske formalia, der skal v\u00e6re i orden. Der er mulighed for, at de, hvor fyringen bliver en realitet, kan blive fritstillet.<\/p>\n<div>\n<p>Jeg h\u00f8rer til dem, der ikke har lyst til at skulle forts\u00e6tte p\u00e5 en arbejdsplads, hvor jeg ved, at jeg snart skal slutte. Derfor ved jeg ogs\u00e5, at jeg tager mod tilbuddet om at blive fritstillet til fyringen eventuelt tr\u00e6der i kraft. Jeg aftaler med min chef, at jeg g\u00f8r den opgave f\u00e6rdig, jeg er i gang med, i h\u00f8ringsperioden. S\u00e5 er jeg klar til afskeden med mange gode kolleger, hvis fyringsperioden tr\u00e6der i kraft 1. februar. Fra den dag begynder det at t\u00e6lle ned: der er 4 m\u00e5neder, helst kun tre, til at finde et nyt job.<\/p>\n<\/div>\n<div><!--more-->Jeg skal kontakte jobcentret for at finde ud af, hvordan jeg skal forholde mig med hensyn til fleksjob. Min formodning om, at fleksen forts\u00e6tter i hele ans\u00e6ttelsesperioden viser sig at holde stik. Ogs\u00e5 min formodning om, at det er mig selv, der skal g\u00f8re arbejdet for at finde et nyt job, holder stik. Jobcentrets handlemuligheder er ikke store \u2013 og den personlige henvendelse betyder langt mere. P\u00e5 er det p\u00e5 plads. Jobcentret vil f\u00f8rst tale med mig ca. en m\u00e5ned f\u00f8r ans\u00e6ttelsen oph\u00f8rer. Jeg f\u00e5r i\u00f8vrigt at vide, at jeg skal tale med en ny jobkonsulent, som har overtaget arbejdet med fleksjobbere.<\/div>\n<div>Jeg synes, det er lang tid at vente, s\u00e5 jeg har lidt senere i forl\u00f8bet t\u00e6nkt mig at kontakte konsulenten \u2013 og ikke vente helt til maj. Jeg m\u00e5 have afklaret flere ting, der ikke kan vente til maj. Forel\u00f8big vil jeg dog koncentrere mig om at f\u00e5 forberedt materialer og ans\u00f8gninger, der skal \u2019s\u00e6lge mig selv\u2019 til virksomheder, jeg kan komme i tanke om m\u00e5ske kan bruge mine kompetencer.<\/div>\n<div>\n<p>Vi n\u00e5r udgangen af januar. I postkassen ligger et brev fra min arbejdsplads. Kort tid efter kommer en postbil. Posten ringer p\u00e5 og afleverer et anbefalet brev med et identisk indhold. Det korte af det lange er, at den p\u00e5t\u00e6nkte fyring, som forventet, er en realitet.<\/p>\n<\/div>\n<div>\n<p>Nu er der kun tilbage at f\u00e5 afleveret computer, telefon og f\u00e5 taget endeligt afsked med mine kolleger. Det sker den 1. februar, hvor jeg er i Odense for sidste gang.<\/p>\n<\/div>\n<div>\n<p>I hele perioden fra den gang i december, hvor vi efter megen effektiviseringssnak fik de f\u00f8rste helt konkrete meldinger om fyringernes omfang, og helt frem til det endelige farvel, har jeg ofte lidt af s\u00f8vnl\u00f8shed. Den forsvinder stort set med dette farvel. Noget nyt starter, selv om der kan forekomme \u2019tilbagefald\u2019.<\/p>\n<\/div>\n<div>\n<p>Spekulationerne har v\u00e6ret mange om fremtiden. Fra det konkrete: hvordan skal \u00f8konomien h\u00e6nge sammen, til det fundamentale: hvad vil jeg med arbejdsmarkedet? Det kan ikke undg\u00e5s, n\u00e5r jeg har levet et liv, hvor det n\u00e6rmest kun er mig selv, der har stillet krav til mig. Jeg kunne have levet et godt liv, hvor jeg blot modtog min pension. Men jeg er ikke skruet s\u00e5dan sammen. Det har, undtagen i de tvivlende \u00f8jeblikke, som der ogs\u00e5 er, st\u00e5et lysende klart, at jeg b\u00e5de kan og fortsat vil v\u00e6re p\u00e5 arbejdsmarkedet.<\/p>\n<\/div>\n<div>\n<p>Afklaringen skyldes m\u00e5ske en kommunal \u2019sagsbehandler\u2019 (jeg holder mig til denne anonyme stillingsbetegnelse), der konfronterede mig med sp\u00f8rgsm\u00e5let, \u2018hvorfor jeg ikke bare stoppede og fik min pension?\u2019 Det synes jeg er OK, s\u00e5 jeg svarede. Dels handlede det selvf\u00f8lgelig b\u00e5de om faglige kontakter og om, at vi s\u00e5dan set er afh\u00e6ngig af to indt\u00e6gter. Jeg kune dog godt have undv\u00e6ret den efterf\u00f8lgende gr\u00e6nseoverskridende bem\u00e6rkning: \u2018Penge er jo ikke alt\u2019. Da jeg er et ganske almindeligt menneske, og ikke f\u00f8dt med en guldske i anus, ved jeg, at det ikke passer helt. For os almindelige mennesker er det finansielle grundlag temmeligt vigtigt.<\/p>\n<\/div>\n","protected":false},"excerpt":{"rendered":"<p>&nbsp; De formelle krav skal v\u00e6re opfyldt \u2013 og s\u00e5 er der en masse, der skal tages stilling til inden det hele n\u00e5r sin slutning og en ny begyndelse. Uanset hvad, er der en masse pratiske formalia, der skal v\u00e6re &hellip; <a href=\"https:\/\/jan-jakobsen.dk\/?p=1997\">L\u00e6s resten <span class=\"meta-nav\">&rarr;<\/span><\/a><\/p>\n","protected":false},"author":3,"featured_media":0,"comment_status":"open","ping_status":"open","sticky":false,"template":"","format":"standard","meta":{"footnotes":""},"categories":[3,19],"tags":[95,96,97,98,99,100,101,102,103,104,105],"class_list":["post-1997","post","type-post","status-publish","format-standard","hentry","category-handicapdebat","category-job-blog","tag-afklaring","tag-computer","tag-faglig","tag-formalia","tag-fremtid","tag-fyring","tag-kommunal","tag-kontakt","tag-penge","tag-praktisk","tag-sporgsmal"],"_links":{"self":[{"href":"https:\/\/jan-jakobsen.dk\/index.php?rest_route=\/wp\/v2\/posts\/1997","targetHints":{"allow":["GET"]}}],"collection":[{"href":"https:\/\/jan-jakobsen.dk\/index.php?rest_route=\/wp\/v2\/posts"}],"about":[{"href":"https:\/\/jan-jakobsen.dk\/index.php?rest_route=\/wp\/v2\/types\/post"}],"author":[{"embeddable":true,"href":"https:\/\/jan-jakobsen.dk\/index.php?rest_route=\/wp\/v2\/users\/3"}],"replies":[{"embeddable":true,"href":"https:\/\/jan-jakobsen.dk\/index.php?rest_route=%2Fwp%2Fv2%2Fcomments&post=1997"}],"version-history":[{"count":6,"href":"https:\/\/jan-jakobsen.dk\/index.php?rest_route=\/wp\/v2\/posts\/1997\/revisions"}],"predecessor-version":[{"id":3142,"href":"https:\/\/jan-jakobsen.dk\/index.php?rest_route=\/wp\/v2\/posts\/1997\/revisions\/3142"}],"wp:attachment":[{"href":"https:\/\/jan-jakobsen.dk\/index.php?rest_route=%2Fwp%2Fv2%2Fmedia&parent=1997"}],"wp:term":[{"taxonomy":"category","embeddable":true,"href":"https:\/\/jan-jakobsen.dk\/index.php?rest_route=%2Fwp%2Fv2%2Fcategories&post=1997"},{"taxonomy":"post_tag","embeddable":true,"href":"https:\/\/jan-jakobsen.dk\/index.php?rest_route=%2Fwp%2Fv2%2Ftags&post=1997"}],"curies":[{"name":"wp","href":"https:\/\/api.w.org\/{rel}","templated":true}]}}