{"id":1988,"date":"2012-02-14T15:20:26","date_gmt":"2012-02-14T14:20:26","guid":{"rendered":"http:\/\/jan-jakobsen.dk\/?p=1988"},"modified":"2014-03-06T12:02:57","modified_gmt":"2014-03-06T11:02:57","slug":"2-de-forste-dage-efter","status":"publish","type":"post","link":"https:\/\/jan-jakobsen.dk\/?p=1988","title":{"rendered":"Job-Blog 2: De f\u00f8rste dage efter"},"content":{"rendered":"<blockquote><p>Det er ikke nogen behagelig situation for nogen at skulle igennem den samtale, der fort\u00e6ller, at der ikke l\u00e6ngere er brug for ens evner p\u00e5 arbejdspladsen. Det v\u00e6re sig inden for mit eget fag, inden for andre fagl\u00e6rte omr\u00e5der eller som ufagl\u00e6rt. Jeg m\u00e5 erkende, at jeg sikkert tilh\u00f8rer den meget priviligerede gruppe, der har alle t\u00e6nkelige ressourcer til r\u00e5dighed for at \u00e6ndre p\u00e5 situationen.<\/p><\/blockquote>\n<p>At komme ud fra samtalen med min tillidsmand ved min side var en stor lettelse. De n\u00f8dvendige papirer var underskrevet og processen sat i gang. Der er nu 14 dage til at g\u00f8re indsigelse. Vi taler lidt om det ude p\u00e5 gangen og min tillidsmand siger, at if\u00f8lge hans beregninger var der en fejl i varslingsbrevet: min anciennitet bet\u00f8d, at jeg havde 4 m\u00e5neders varsel og ikke de 3 angivet i brevet. Det blev senere bekr\u00e6ftet af ledelsen. Det gav da en m\u00e5ned ekstra til at finde et nyt job.<\/p>\n<p><!--more-->Turen g\u00e5r nu tilbage til kollegerne. De st\u00e5r nu og snakker i sm\u00e5grupper \u2013 og er meget deltagende over for min nye situation. Der kommer adskillige p\u00e6ne og fine kommentarer. Vores tilbagekomst falder sammen med, at der begynder at komme mails ind om, at nu er varslingssamtalerne i vores enhed forbi. F\u00e5 minutter efter kommer nye mails, der fort\u00e6ller, at de nu er forbi i hele styrelsen. Alle p\u00e5t\u00e6nkte fyrede er informeret og man kan, oven p\u00e5 dette veloverst\u00e5ede kommandoraid, komme videre i dagsordenen: der skal holdes m\u00f8der i de enkelte enheder og derefter skal alle m\u00f8des for at h\u00f8re om den nye p\u00e5t\u00e6nkte struktur.<\/p>\n<p>Stemningen er stadig blandet: medf\u00f8lelse med os, der r\u00f8g ud, blandet med en usigelig lettelse over ikke selv at v\u00e6re prikket. En situation, der kr\u00e6ver balancegang. Inde i mit hoved er kun kaos og et \u00f8nske om at komme v\u00e6k. Jeg tror ikke nogen kan undsige sig den tanke \u2018jeg sl\u00e5r ikke til\u2019 i denne situation. Uanset om den er reel eller ej. Forstanden pr\u00f8ver at overbevise om den officielle forklaring, at der med udgangspunkt i bevillinger ikke er plads til alle og n\u00e5r man s\u00e5 ser p\u00e5 arbejdsfunktioner, s\u00e5 er jeg den, der bedst kan undv\u00e6res. Men f\u00f8lelserne vil ikke helt f\u00f8lge med til den forklaring.<\/p>\n<p>Det begynder allerede at rumstere, hvad der nu skal ske. Ikke velorganiseret, men som et kaos af tanker, der bare v\u00e6lter frem i hovedet. Heldigvis er der nogen, der griber fat og insisterer p\u00e5, at jeg lige skal ind og sidde lidt ved det forladte kaffebord og f\u00e5 et stykke br\u00f8d inden den 110 km lange hjemtur. Min tillidsmand foresl\u00e5r, at jeg lige sunder mig et par dage og at vi derefter skal snakke sammen i telefonen for at finde ud af, hvad vi g\u00f8r efterf\u00f8lgende. Det hele st\u00e5r lidt i t\u00e5ger, men vi f\u00e5r da taget afsked med nogenlunde man\u00e9r.<\/p>\n<p>Sikkert er det, at omsorg og deltagelse fra kolleger er med til at g\u00f8re det bare lidt lettere.<\/p>\n<p>P\u00e5 vejen hjem bliver der ikke vekslet mange ord. Det er en underlig fornemmelse at t\u00e6nke p\u00e5, at nu er det forbi med k\u00f8returen til Odense ca. 2 gange om ugen. Jeg ser vejen, Roseng\u00e5rdscentret, IKEA, Computercity og alle de andre steder, vi plejer at passere, p\u00e5 en helt ny m\u00e5de. P\u00e5 en afskedsm\u00e5de. Tr\u00e6theden og h\u00e5bl\u00f8sheden er ved at tage overh\u00e5nd. Dette er jo ikke en situation, der alene har fundet sted p\u00e5 denne dag i januar. Det er resultatet af en lang proces, som startede allerede omkring sommerferien, blev mere n\u00e6rv\u00e6rende i ugen op til jul \u2013 og som i feriedagene gav frit l\u00f8b for tankerne. S\u00e5 situationen var gennemt\u00e6nkt, men kun p\u00e5 et \u2018intellektuelt plan\u2019. At v\u00e6re midt i det og have det som realitet i sit liv er noget ganske andet. H\u00e5b og frygt har l\u00e6nge v\u00e6ret f\u00f8lgesvende\u2026 og nu er det udl\u00f8st. I et uendeligt tr\u00e6ttende kaos. Det skal lige ford\u00f8jes, og da jeg har informeret mine n\u00e6rmeste om den nye situation, bliver der lukket af for de n\u00e6ste par dage og weekend\u2019en med.<\/p>\n","protected":false},"excerpt":{"rendered":"<p>Det er ikke nogen behagelig situation for nogen at skulle igennem den samtale, der fort\u00e6ller, at der ikke l\u00e6ngere er brug for ens evner p\u00e5 arbejdspladsen. Det v\u00e6re sig inden for mit eget fag, inden for andre fagl\u00e6rte omr\u00e5der eller &hellip; <a href=\"https:\/\/jan-jakobsen.dk\/?p=1988\">L\u00e6s resten <span class=\"meta-nav\">&rarr;<\/span><\/a><\/p>\n","protected":false},"author":3,"featured_media":0,"comment_status":"open","ping_status":"open","sticky":false,"template":"","format":"standard","meta":{"footnotes":""},"categories":[3,19],"tags":[67,68,69,70,71,72,73,74,75,76,77,78,79,80,81,82],"class_list":["post-1988","post","type-post","status-publish","format-standard","hentry","category-handicapdebat","category-job-blog","tag-balancegang","tag-evne","tag-faglaert","tag-fornemmelse","tag-informere","tag-kaos","tag-kollega","tag-kolleger","tag-ledelse","tag-omsorg","tag-proces","tag-samtale","tag-situation","tag-struktur","tag-tillidsmand","tag-undsige"],"_links":{"self":[{"href":"https:\/\/jan-jakobsen.dk\/index.php?rest_route=\/wp\/v2\/posts\/1988","targetHints":{"allow":["GET"]}}],"collection":[{"href":"https:\/\/jan-jakobsen.dk\/index.php?rest_route=\/wp\/v2\/posts"}],"about":[{"href":"https:\/\/jan-jakobsen.dk\/index.php?rest_route=\/wp\/v2\/types\/post"}],"author":[{"embeddable":true,"href":"https:\/\/jan-jakobsen.dk\/index.php?rest_route=\/wp\/v2\/users\/3"}],"replies":[{"embeddable":true,"href":"https:\/\/jan-jakobsen.dk\/index.php?rest_route=%2Fwp%2Fv2%2Fcomments&post=1988"}],"version-history":[{"count":6,"href":"https:\/\/jan-jakobsen.dk\/index.php?rest_route=\/wp\/v2\/posts\/1988\/revisions"}],"predecessor-version":[{"id":3144,"href":"https:\/\/jan-jakobsen.dk\/index.php?rest_route=\/wp\/v2\/posts\/1988\/revisions\/3144"}],"wp:attachment":[{"href":"https:\/\/jan-jakobsen.dk\/index.php?rest_route=%2Fwp%2Fv2%2Fmedia&parent=1988"}],"wp:term":[{"taxonomy":"category","embeddable":true,"href":"https:\/\/jan-jakobsen.dk\/index.php?rest_route=%2Fwp%2Fv2%2Fcategories&post=1988"},{"taxonomy":"post_tag","embeddable":true,"href":"https:\/\/jan-jakobsen.dk\/index.php?rest_route=%2Fwp%2Fv2%2Ftags&post=1988"}],"curies":[{"name":"wp","href":"https:\/\/api.w.org\/{rel}","templated":true}]}}