{"id":1709,"date":"2013-07-01T12:05:54","date_gmt":"2013-07-01T10:05:54","guid":{"rendered":"http:\/\/jan-jakobsen.dk\/?p=1709"},"modified":"2013-07-06T21:07:48","modified_gmt":"2013-07-06T19:07:48","slug":"enhedslisten-om-daginstitutionsnedlaeggelser","status":"publish","type":"post","link":"https:\/\/jan-jakobsen.dk\/?p=1709","title":{"rendered":"Enhedslisten om daginstitutionsnedl\u00e6ggelser"},"content":{"rendered":"<h4><strong>L\u00e6serbrev:\u00a0<\/strong><\/h4>\n<div id=\"node-12917\">\n<p>&nbsp;<\/p>\n<p>[Bragt i Dagbladet Ringsted side 4 l\u00f8rdag 29. juni 2013]<\/p>\n<p>F\u00e5 timer f\u00f8r byr\u00e5dsm\u00f8det tirsdag 25. juni mente man fra den kommunale forvaltnings jurister, at jeg er inhabil i sagen om kapacitetstilpasning p\u00e5 daginstitutionsomr\u00e5det, fordi min kone er leder i en institution, der ikke var blandt dem, flertalsgruppen ville lukke. Jeg accepterer naturligvis denne juridiske vurdering, men synes da nok, at man burde v\u00e6re kommet med denne konklusion noget tidligere, da den kom lidt bag p\u00e5 mig.<\/p>\n<p>Det er nu historie, da beslutningen om at lukke Stakhaveg\u00e5rd, Benl\u00f8se B\u00f8rnehave og nednormere Kastaniehaven med 20 pladser blev truffet p\u00e5 m\u00f8det. Men da inhabiliteten hindrede Enhedslisten i at sige noget p\u00e5 byr\u00e5dsm\u00f8det, vil vi her fort\u00e6lle om vores syn p\u00e5 sagen.<\/p>\n<p><!--more-->Enhedslisten ben\u00e6gter ikke, at der kan v\u00e6re brug for ar tilpasse kapaciteten. Vi skal blot huske, at der flere gange f\u00f8r er sket tilpasninger. Dengang gik man ud med et m\u00e5leb\u00e5nd og fandt p\u00e5 mirakul\u00f8s vis plads til flere b\u00f8rn. I dag er der f\u00e6rre b\u00f8rn i de enkelte institutioner end der har v\u00e6ret. Og s\u00e5dan skal det blive ved med at v\u00e6re. Enhedslisten vil have institutioner med normeringer p\u00e5 et niveau, der svarer til eller er bedre end f\u00f8r merindskrivningerne.<\/p>\n<p>Alt for ofte underkender man betydningen af det p\u00e6dagogiske arbejde i gode, sunde rammer og med den n\u00f8dvendige p\u00e6dagogiske indsats, som svarer til de b\u00f8rn, der reelt skal v\u00e6re i vores institutioner. Inklusion er et krav, og der gives ressourcer til den. Men er det nok? Var det hensigtsm\u00e6ssigt at gennemf\u00f8re denne kapacitetstilpasning f\u00f8r vi har overblik over de reelle ressourcer, der er brug for. Det tvivler vi p\u00e5.<\/p>\n<p>Krisen f\u00e5r skyld for meget. Ogs\u00e5 for, at der kommer f\u00e6rre b\u00f8rn i Ringsted. Men krise er mere almindeligt end opgangstider. Arbejdsl\u00f8sheden stiger og den sociale situation bliver stadig mere h\u00e5bl\u00f8s.<\/p>\n<p>Det er ikke i denne situation, at vi skal sende gode medarbejdere over i arbejdsl\u00f8shedsk\u00f8en, men nu, hvor den sociale situation \u00f8ger behovet for indsats, vi skal opgradere det p\u00e6dagogiske arbejde. Vi tror heller ikke, man tager h\u00f8jde for, at krisen ogs\u00e5 betyder, at flere familier flytter v\u00e6k fra K\u00f8benhavnsomr\u00e5det, hvor leveomkostningerne stiger.<\/p>\n<p>Vi mener, vi har pligt til at se p\u00e5 nye muligheder frem for at forhaste os. Hast er dyrt b\u00e5de \u00f8konomisk og menneskeligt. Vi har tidligere nedlagt daginstitutioner uden stridigheder. Det er sket ved at erkende, at vi havde steder, der bygningsm\u00e6ssigt var for d\u00e5rlige og erstatte dem med mere tidssvarende. Netop under krise skal vi s\u00e6tte besk\u00e6ftigelse i gang og skabe nye og mere vision\u00e6re rum for bl.a. daginstitutionsomr\u00e5det.<\/p>\n<p>Vores forslag ville v\u00e6re, at tage et mere overordnet blik p\u00e5 omr\u00e5det. Tendensen til stigende b\u00f8rnetal og mulighederne for at skabe nye institutioner med et mere fremtidsrettet perspektiv burde v\u00e6re analyseret. Vores m\u00e5l er en opprioritering af fysiske rammer og \u00f8konomiske midler, s\u00e5 de underst\u00f8tter den fortsatte p\u00e6dagogiske udvikling.<\/p>\n<p>Vi ville st\u00f8tte omdannelsen af Allindelille b\u00f8rnehave til 0-6 \u00e5rs institution og at barakbygningen p\u00e5 Kastaniehaven ikke fremover skulle anvendes som en del af institutionens normering. Vi ville ikke st\u00f8tte nedl\u00e6ggelsen af Stakhaveg\u00e5rd og Benl\u00f8se B\u00f8rnehave og heller ikke st\u00f8tte den borgerlige oppositions perspektivl\u00f8se forslag om ledelsesm\u00e6ssig sammenl\u00e6gning. Vores forslag ville give en fornuftig kapacitetstilpasning og sikre overblik. I stedet fik vi et ustyrligt omr\u00e5de med to nye private b\u00f8rneinstitutioner og et varsel om flere kommunale lukninger som konsekvens.<\/p>\n<p>Med venlig hilsen<\/p>\n<p>Jan Jakobsen<\/p>\n<p>Byr\u00e5dsmedlem for Enhedslisten<\/p>\n<\/div>\n","protected":false},"excerpt":{"rendered":"<p>L\u00e6serbrev:\u00a0 &nbsp; [Bragt i Dagbladet Ringsted side 4 l\u00f8rdag 29. juni 2013] F\u00e5 timer f\u00f8r byr\u00e5dsm\u00f8det tirsdag 25. juni mente man fra den kommunale forvaltnings jurister, at jeg er inhabil i sagen om kapacitetstilpasning p\u00e5 daginstitutionsomr\u00e5det, fordi min kone er &hellip; <a href=\"https:\/\/jan-jakobsen.dk\/?p=1709\">L\u00e6s resten <span class=\"meta-nav\">&rarr;<\/span><\/a><\/p>\n","protected":false},"author":3,"featured_media":0,"comment_status":"open","ping_status":"open","sticky":false,"template":"","format":"standard","meta":{"footnotes":""},"categories":[4,32,1],"tags":[37,38,33,36,34,35],"class_list":["post-1709","post","type-post","status-publish","format-standard","hentry","category-blog","category-byradenhedslisten","category-uncategorized","tag-arbejdsloshed","tag-bornetal","tag-daginstitutionsnedlaeggelser","tag-inklusion","tag-kapacitetstilpasning","tag-normeringer"],"_links":{"self":[{"href":"https:\/\/jan-jakobsen.dk\/index.php?rest_route=\/wp\/v2\/posts\/1709","targetHints":{"allow":["GET"]}}],"collection":[{"href":"https:\/\/jan-jakobsen.dk\/index.php?rest_route=\/wp\/v2\/posts"}],"about":[{"href":"https:\/\/jan-jakobsen.dk\/index.php?rest_route=\/wp\/v2\/types\/post"}],"author":[{"embeddable":true,"href":"https:\/\/jan-jakobsen.dk\/index.php?rest_route=\/wp\/v2\/users\/3"}],"replies":[{"embeddable":true,"href":"https:\/\/jan-jakobsen.dk\/index.php?rest_route=%2Fwp%2Fv2%2Fcomments&post=1709"}],"version-history":[{"count":15,"href":"https:\/\/jan-jakobsen.dk\/index.php?rest_route=\/wp\/v2\/posts\/1709\/revisions"}],"predecessor-version":[{"id":1861,"href":"https:\/\/jan-jakobsen.dk\/index.php?rest_route=\/wp\/v2\/posts\/1709\/revisions\/1861"}],"wp:attachment":[{"href":"https:\/\/jan-jakobsen.dk\/index.php?rest_route=%2Fwp%2Fv2%2Fmedia&parent=1709"}],"wp:term":[{"taxonomy":"category","embeddable":true,"href":"https:\/\/jan-jakobsen.dk\/index.php?rest_route=%2Fwp%2Fv2%2Fcategories&post=1709"},{"taxonomy":"post_tag","embeddable":true,"href":"https:\/\/jan-jakobsen.dk\/index.php?rest_route=%2Fwp%2Fv2%2Ftags&post=1709"}],"curies":[{"name":"wp","href":"https:\/\/api.w.org\/{rel}","templated":true}]}}